{"id":13751,"date":"2025-09-26T11:02:45","date_gmt":"2025-09-26T14:02:45","guid":{"rendered":"https:\/\/www.ufsm.br\/pro-reitorias\/pre\/?p=13751"},"modified":"2025-09-26T11:10:12","modified_gmt":"2025-09-26T14:10:12","slug":"participe-da-cop-30-local-ufsm","status":"publish","type":"post","link":"https:\/\/www.ufsm.br\/pro-reitorias\/pre\/2025\/09\/26\/participe-da-cop-30-local-ufsm","title":{"rendered":"Participe da COP 30 Local na UFSM"},"content":{"rendered":"\t\t<div data-elementor-type=\"wp-post\" data-elementor-id=\"13751\" class=\"elementor elementor-13751\">\n\t\t\t\t\t\t<section class=\"elementor-section elementor-top-section elementor-element elementor-element-154be145 elementor-section-boxed elementor-section-height-default elementor-section-height-default\" data-id=\"154be145\" data-element_type=\"section\">\n\t\t\t\t\t\t<div class=\"elementor-container elementor-column-gap-default\">\n\t\t\t\t\t<div class=\"elementor-column elementor-col-100 elementor-top-column elementor-element elementor-element-c3208e3\" data-id=\"c3208e3\" data-element_type=\"column\">\n\t\t\t<div class=\"elementor-widget-wrap elementor-element-populated\">\n\t\t\t\t\t\t<div class=\"elementor-element elementor-element-13702524 elementor-widget elementor-widget-text-editor\" data-id=\"13702524\" data-element_type=\"widget\" data-widget_type=\"text-editor.default\">\n\t\t\t\t<div class=\"elementor-widget-container\">\n\t\t\t\t\t\t\t<!-- wp:paragraph -->\n<p>A Universidade Federal de Santa Maria (UFSM), por meio da Pr\u00f3-Reitoria de Extens\u00e3o, convida toda a comunidade acad\u00eamica a integrar a COP Local na UFSM \u2014 um movimento local que dialoga com os compromissos globais da 30\u00aa Confer\u00eancia das Partes sobre Mudan\u00e7as Clim\u00e1ticas da ONU (COP 30), que acontecer\u00e1 em novembro de 2025, em Bel\u00e9m do Par\u00e1.<\/p>\n<!-- \/wp:paragraph --><!-- wp:paragraph -->\n<p>Com o tema Transformando o Global em Local: Iniciativas Sustent\u00e1veis com Impacto Regional, buscamos reunir propostas de a\u00e7\u00f5es, projetos, eventos, campanhas ou debates que possam ser desenvolvidos dentro da UFSM ou com apoio da institui\u00e7\u00e3o, envolvendo estudantes, docentes, t\u00e9cnicos em educa\u00e7\u00e3o, empresas, Ongs e a sociedade em geral. Essa \u00e9 uma oportunidade \u00fanica para destacar o papel da universidade e sociedade civil como agente de transforma\u00e7\u00e3o frente \u00e0 emerg\u00eancia clim\u00e1tica e \u00e0 promo\u00e7\u00e3o do desenvolvimento sustent\u00e1vel.<\/p>\n<!-- \/wp:paragraph --><!-- wp:paragraph -->\n<p>Sua ideia pode fazer parte da agenda oficial da UFSM em prepara\u00e7\u00e3o \u00e0 COP 30. O objetivo \u00e9 promover espa\u00e7os de di\u00e1logo, compartilhamento de solu\u00e7\u00f5es e a\u00e7\u00f5es pr\u00e1ticas que contribuam para o enfrentamento da crise clim\u00e1tica e o alcance dos Objetivos de Desenvolvimento Sustent\u00e1vel (ODS), com foco no impacto regional.<br \/><br \/>O evento ocorrer\u00e1 na UFSM entre os dias <strong>10 e 19 de novembro de 2025<\/strong>.<\/p>\n<p>\u00a0<\/p>\n<!-- \/wp:paragraph --><!-- wp:tadv\/classic-paragraph \/--><!-- wp:tadv\/classic-paragraph \/--><!-- wp:paragraph -->\n<p>\ud83d\udccc Como participar?<br \/><strong>Preencha o formul\u00e1rio abaixo<\/strong> com sua proposta de atividade, detalhando o tipo de a\u00e7\u00e3o, os objetivos, o p\u00fablico-alvo e o apoio necess\u00e1rio. Todas as iniciativas ser\u00e3o apreciadas e posteriormente ser\u00e3o contatadas pela Equipe PRE, visando dar orienta\u00e7\u00f5es e os pr\u00f3ximos passos.<\/p>\n<!-- \/wp:paragraph --><!-- wp:paragraph -->\n<p>Vamos, juntos, mostrar que solu\u00e7\u00f5es locais podem transformar o futuro!<\/p>\n<!-- \/wp:paragraph --><!-- wp:paragraph {\"fontSize\":\"medium\"} -->\n<p class=\"has-medium-font-size\"><a href=\"https:\/\/docs.google.com\/forms\/d\/e\/1FAIpQLScGXfwtTD4Lin8Qp_ADbyveEZYPI5i58MEMOA7WqzqtLXxgTg\/viewform\"><span style=\"text-decoration: underline\">Acesso ao formul\u00e1rio!<\/span><\/a><\/p>\n<!-- \/wp:paragraph -->\t\t\t\t\t\t<\/div>\n\t\t\t\t<\/div>\n\t\t\t\t\t<\/div>\n\t\t<\/div>\n\t\t\t\t\t<\/div>\n\t\t<\/section>\n\t\t\t\t<\/div>\n\t\t","protected":false},"excerpt":{"rendered":"<p>Mobilize sua Ideia, A\u00e7\u00e3o ou Projeto!<\/p>\n","protected":false},"author":7238,"featured_media":0,"comment_status":"closed","ping_status":"closed","sticky":false,"template":"","format":"standard","meta":{"footnotes":""},"categories":[10,276],"tags":[],"class_list":["post-13751","post","type-post","status-publish","format-standard","hentry","category-destaques","category-noticias"],"acf":[],"_links":{"self":[{"href":"https:\/\/www.ufsm.br\/pro-reitorias\/pre\/wp-json\/wp\/v2\/posts\/13751","targetHints":{"allow":["GET"]}}],"collection":[{"href":"https:\/\/www.ufsm.br\/pro-reitorias\/pre\/wp-json\/wp\/v2\/posts"}],"about":[{"href":"https:\/\/www.ufsm.br\/pro-reitorias\/pre\/wp-json\/wp\/v2\/types\/post"}],"author":[{"embeddable":true,"href":"https:\/\/www.ufsm.br\/pro-reitorias\/pre\/wp-json\/wp\/v2\/users\/7238"}],"replies":[{"embeddable":true,"href":"https:\/\/www.ufsm.br\/pro-reitorias\/pre\/wp-json\/wp\/v2\/comments?post=13751"}],"version-history":[{"count":0,"href":"https:\/\/www.ufsm.br\/pro-reitorias\/pre\/wp-json\/wp\/v2\/posts\/13751\/revisions"}],"wp:attachment":[{"href":"https:\/\/www.ufsm.br\/pro-reitorias\/pre\/wp-json\/wp\/v2\/media?parent=13751"}],"wp:term":[{"taxonomy":"category","embeddable":true,"href":"https:\/\/www.ufsm.br\/pro-reitorias\/pre\/wp-json\/wp\/v2\/categories?post=13751"},{"taxonomy":"post_tag","embeddable":true,"href":"https:\/\/www.ufsm.br\/pro-reitorias\/pre\/wp-json\/wp\/v2\/tags?post=13751"}],"curies":[{"name":"wp","href":"https:\/\/api.w.org\/{rel}","templated":true}]}}