{"id":14007,"date":"2025-10-17T11:05:29","date_gmt":"2025-10-17T14:05:29","guid":{"rendered":"https:\/\/www.ufsm.br\/pro-reitorias\/pre\/?p=14007"},"modified":"2025-10-17T12:08:30","modified_gmt":"2025-10-17T15:08:30","slug":"viva-o-campus-dia-da-crianca-reune-mais-de-17-mil-pessoas-em-celebracao-de-arte-cultura-e-aprendizado-na-ufsm","status":"publish","type":"post","link":"https:\/\/www.ufsm.br\/pro-reitorias\/pre\/2025\/10\/17\/viva-o-campus-dia-da-crianca-reune-mais-de-17-mil-pessoas-em-celebracao-de-arte-cultura-e-aprendizado-na-ufsm","title":{"rendered":"Viva o Campus Dia da Crian\u00e7a re\u00fane mais de 17 mil pessoas em celebra\u00e7\u00e3o de arte, cultura e aprendizado na UFSM"},"content":{"rendered":"\n<p>O <strong>Viva o Campus Dia da Crian\u00e7a 2025<\/strong> transformou a Universidade Federal de Santa Maria (UFSM) em um grande espa\u00e7o de conviv\u00eancia, brincadeiras e descobertas na tarde do \u00faltimo s\u00e1bado (11). <strong>Mais de 17 mil pessoas<\/strong> circularam pelo campus sede, participando de uma programa\u00e7\u00e3o diversa e interativa que celebrou a inf\u00e2ncia por meio da arte, da ci\u00eancia e do contato com a natureza.<br><\/p>\n\n\n\n<figure class=\"wp-block-image size-large is-resized\"><img fetchpriority=\"high\" decoding=\"async\" width=\"1024\" height=\"667\" src=\"https:\/\/www.ufsm.br\/app\/uploads\/sites\/346\/2025\/10\/WhatsApp-Image-2025-10-17-at-10.43.21-1-1024x667.jpeg\" alt=\"\" class=\"wp-image-14008\" style=\"width:571px;height:auto\" srcset=\"https:\/\/www.ufsm.br\/app\/uploads\/sites\/346\/2025\/10\/WhatsApp-Image-2025-10-17-at-10.43.21-1-1024x667.jpeg 1024w, https:\/\/www.ufsm.br\/app\/uploads\/sites\/346\/2025\/10\/WhatsApp-Image-2025-10-17-at-10.43.21-1-300x195.jpeg 300w, https:\/\/www.ufsm.br\/app\/uploads\/sites\/346\/2025\/10\/WhatsApp-Image-2025-10-17-at-10.43.21-1-768x500.jpeg 768w, https:\/\/www.ufsm.br\/app\/uploads\/sites\/346\/2025\/10\/WhatsApp-Image-2025-10-17-at-10.43.21-1.jpeg 1280w\" sizes=\"(max-width: 1024px) 100vw, 1024px\" \/><\/figure>\n\n\n\n<p>Coordenado pela P<strong>r\u00f3-Reitoria de Extens\u00e3o (PRE),<\/strong> por meio da <strong>Coordenadoria de Cultura e Arte<\/strong> e do <strong>Observat\u00f3rio de Direitos Humanos<\/strong>, do <strong>Projeto Crian\u00e7ando<\/strong> e da <strong>Revista Em Foco<\/strong>. O evento teve como principal objetivo aproximar a comunidade da universidade, refor\u00e7ando o papel da UFSM como um campus aberto para todos os p\u00fablicos.<br><\/p>\n\n\n\n<p>&nbsp;A coordenadoria de cultura e arte da PRE\/UFSM, destaca que \u201cO Viva o Campus&#8221; \u00e9 uma das principais a\u00e7\u00f5es de extens\u00e3o da UFSM, consolidada desde 2014 como um espa\u00e7o de di\u00e1logo entre saberes acad\u00eamicos e a sociedade. Ele traduz o compromisso da universidade com a forma\u00e7\u00e3o cidad\u00e3, o acesso \u00e0 cultura e o engajamento social\u201d.<br><\/p>\n\n\n\n<figure class=\"wp-block-image size-large is-resized\"><img decoding=\"async\" width=\"906\" height=\"1024\" src=\"https:\/\/www.ufsm.br\/app\/uploads\/sites\/346\/2025\/10\/WhatsApp-Image-2025-10-17-at-10.43.21-906x1024.jpeg\" alt=\"\" class=\"wp-image-14009\" style=\"width:532px;height:auto\" srcset=\"https:\/\/www.ufsm.br\/app\/uploads\/sites\/346\/2025\/10\/WhatsApp-Image-2025-10-17-at-10.43.21-906x1024.jpeg 906w, https:\/\/www.ufsm.br\/app\/uploads\/sites\/346\/2025\/10\/WhatsApp-Image-2025-10-17-at-10.43.21-265x300.jpeg 265w, https:\/\/www.ufsm.br\/app\/uploads\/sites\/346\/2025\/10\/WhatsApp-Image-2025-10-17-at-10.43.21-768x868.jpeg 768w, https:\/\/www.ufsm.br\/app\/uploads\/sites\/346\/2025\/10\/WhatsApp-Image-2025-10-17-at-10.43.21.jpeg 1132w\" sizes=\"(max-width: 906px) 100vw, 906px\" \/><\/figure>\n\n\n\n<p class=\"has-medium-font-size\"><strong>Mais de 40 atividades e 15 projetos de extens\u00e3o envolvidos<\/strong><br><\/p>\n\n\n\n<p>A edi\u00e7\u00e3o deste ano contou com mais de 40 atividades simult\u00e2neas, envolvendo 15 projetos de extens\u00e3o da UFSM. Entre eles, estiveram presentes iniciativas como <em>Experi\u00eancias Liter\u00e1rias com Beb\u00eas<\/em>, <em>Materiais que se Transformam em Brinquedos na Educa\u00e7\u00e3o Infantil<\/em>, <em>Resgate Cultural de Jogos Tradicionais<\/em>, <em>Mundo Micro UFSM<\/em> e <em>Circuito de Atividades Liter\u00e1rias<\/em>.<br><\/p>\n\n\n\n<figure class=\"wp-block-image size-large is-resized\"><img decoding=\"async\" width=\"1007\" height=\"1024\" src=\"https:\/\/www.ufsm.br\/app\/uploads\/sites\/346\/2025\/10\/WhatsApp-Image-2025-10-17-at-10.43.19-1-1007x1024.jpeg\" alt=\"\" class=\"wp-image-14011\" style=\"width:482px;height:auto\" srcset=\"https:\/\/www.ufsm.br\/app\/uploads\/sites\/346\/2025\/10\/WhatsApp-Image-2025-10-17-at-10.43.19-1-1007x1024.jpeg 1007w, https:\/\/www.ufsm.br\/app\/uploads\/sites\/346\/2025\/10\/WhatsApp-Image-2025-10-17-at-10.43.19-1-295x300.jpeg 295w, https:\/\/www.ufsm.br\/app\/uploads\/sites\/346\/2025\/10\/WhatsApp-Image-2025-10-17-at-10.43.19-1-768x781.jpeg 768w, https:\/\/www.ufsm.br\/app\/uploads\/sites\/346\/2025\/10\/WhatsApp-Image-2025-10-17-at-10.43.19-1.jpeg 1259w\" sizes=\"(max-width: 1007px) 100vw, 1007px\" \/><\/figure>\n\n\n\n<p>Al\u00e9m disso, o evento reuniu cinco parceiros fixos :<strong> <em>Jardim Bot\u00e2nico, Planet\u00e1rio, Polifeira, Mostra Morfo<\/em> e <em>LabCuni<\/em>.<\/strong> Uma das diferen\u00e7as dessa edi\u00e7\u00e3o do Viva o Campus foram os <strong>parceiros in\u00e9ditos<\/strong> que participaram do evento, mais de 20 institui\u00e7\u00f5es e empresas locais, selecionadas por meio de edital espec\u00edfico. Essa ampla rede colaborativa fortaleceu o car\u00e1ter comunit\u00e1rio e educativo da a\u00e7\u00e3o.<br><\/p>\n\n\n\n<figure class=\"wp-block-image size-large is-resized\"><img loading=\"lazy\" decoding=\"async\" width=\"720\" height=\"540\" src=\"https:\/\/www.ufsm.br\/app\/uploads\/sites\/346\/2025\/10\/WhatsApp-Image-2025-10-17-at-10.43.21-6-edited.jpeg\" alt=\"\" class=\"wp-image-14021\" style=\"width:513px;height:auto\" srcset=\"https:\/\/www.ufsm.br\/app\/uploads\/sites\/346\/2025\/10\/WhatsApp-Image-2025-10-17-at-10.43.21-6-edited.jpeg 720w, https:\/\/www.ufsm.br\/app\/uploads\/sites\/346\/2025\/10\/WhatsApp-Image-2025-10-17-at-10.43.21-6-edited-300x225.jpeg 300w\" sizes=\"(max-width: 720px) 100vw, 720px\" \/><\/figure>\n\n\n\n<figure class=\"wp-block-image size-large is-resized\"><img loading=\"lazy\" decoding=\"async\" width=\"920\" height=\"1024\" src=\"https:\/\/www.ufsm.br\/app\/uploads\/sites\/346\/2025\/10\/WhatsApp-Image-2025-10-17-at-10.43.20-1-920x1024.jpeg\" alt=\"\" class=\"wp-image-14015\" style=\"width:490px;height:auto\" srcset=\"https:\/\/www.ufsm.br\/app\/uploads\/sites\/346\/2025\/10\/WhatsApp-Image-2025-10-17-at-10.43.20-1-920x1024.jpeg 920w, https:\/\/www.ufsm.br\/app\/uploads\/sites\/346\/2025\/10\/WhatsApp-Image-2025-10-17-at-10.43.20-1-270x300.jpeg 270w, https:\/\/www.ufsm.br\/app\/uploads\/sites\/346\/2025\/10\/WhatsApp-Image-2025-10-17-at-10.43.20-1-768x855.jpeg 768w, https:\/\/www.ufsm.br\/app\/uploads\/sites\/346\/2025\/10\/WhatsApp-Image-2025-10-17-at-10.43.20-1.jpeg 1150w\" sizes=\"(max-width: 920px) 100vw, 920px\" \/><\/figure>\n\n\n\n<figure class=\"wp-block-image size-large is-resized\"><img loading=\"lazy\" decoding=\"async\" width=\"994\" height=\"1024\" src=\"https:\/\/www.ufsm.br\/app\/uploads\/sites\/346\/2025\/10\/WhatsApp-Image-2025-10-17-at-10.43.21-3-994x1024.jpeg\" alt=\"\" class=\"wp-image-14016\" style=\"width:460px;height:auto\" srcset=\"https:\/\/www.ufsm.br\/app\/uploads\/sites\/346\/2025\/10\/WhatsApp-Image-2025-10-17-at-10.43.21-3-994x1024.jpeg 994w, https:\/\/www.ufsm.br\/app\/uploads\/sites\/346\/2025\/10\/WhatsApp-Image-2025-10-17-at-10.43.21-3-291x300.jpeg 291w, https:\/\/www.ufsm.br\/app\/uploads\/sites\/346\/2025\/10\/WhatsApp-Image-2025-10-17-at-10.43.21-3-768x791.jpeg 768w, https:\/\/www.ufsm.br\/app\/uploads\/sites\/346\/2025\/10\/WhatsApp-Image-2025-10-17-at-10.43.21-3.jpeg 1243w\" sizes=\"(max-width: 994px) 100vw, 994px\" \/><\/figure>\n\n\n\n<h2 class=\"wp-block-heading\"><strong>Programa\u00e7\u00e3o diversa e inclusiva<\/strong><\/h2>\n\n\n\n<p>O p\u00fablico p\u00f4de participar de experi\u00eancias l\u00fadicas e sensoriais, como o \u201cVaral Divertido da Lavanda\u201d, o \u201cPicnic com o Coelho\u201d, a \u201cAventura no Pomar\u201d e o \u201cBombeiro Mirim\u201d. Tamb\u00e9m houve oficinas de arte, leitura, musicaliza\u00e7\u00e3o e natureza, que estimularam o aprendizado por meio do brincar.<br><\/p>\n\n\n\n<figure class=\"wp-block-image size-large is-resized\"><img loading=\"lazy\" decoding=\"async\" width=\"1024\" height=\"794\" src=\"https:\/\/www.ufsm.br\/app\/uploads\/sites\/346\/2025\/10\/WhatsApp-Image-2025-10-17-at-10.43.19-2-1024x794.jpeg\" alt=\"\" class=\"wp-image-14012\" style=\"width:460px;height:auto\" srcset=\"https:\/\/www.ufsm.br\/app\/uploads\/sites\/346\/2025\/10\/WhatsApp-Image-2025-10-17-at-10.43.19-2-1024x794.jpeg 1024w, https:\/\/www.ufsm.br\/app\/uploads\/sites\/346\/2025\/10\/WhatsApp-Image-2025-10-17-at-10.43.19-2-300x233.jpeg 300w, https:\/\/www.ufsm.br\/app\/uploads\/sites\/346\/2025\/10\/WhatsApp-Image-2025-10-17-at-10.43.19-2-768x596.jpeg 768w, https:\/\/www.ufsm.br\/app\/uploads\/sites\/346\/2025\/10\/WhatsApp-Image-2025-10-17-at-10.43.19-2.jpeg 1280w\" sizes=\"(max-width: 1024px) 100vw, 1024px\" \/><\/figure>\n\n\n\n<figure class=\"wp-block-image size-large is-resized\"><img loading=\"lazy\" decoding=\"async\" width=\"1024\" height=\"916\" src=\"https:\/\/www.ufsm.br\/app\/uploads\/sites\/346\/2025\/10\/WhatsApp-Image-2025-10-17-at-10.43.20-1024x916.jpeg\" alt=\"\" class=\"wp-image-14014\" style=\"width:550px;height:auto\" srcset=\"https:\/\/www.ufsm.br\/app\/uploads\/sites\/346\/2025\/10\/WhatsApp-Image-2025-10-17-at-10.43.20-1024x916.jpeg 1024w, https:\/\/www.ufsm.br\/app\/uploads\/sites\/346\/2025\/10\/WhatsApp-Image-2025-10-17-at-10.43.20-300x268.jpeg 300w, https:\/\/www.ufsm.br\/app\/uploads\/sites\/346\/2025\/10\/WhatsApp-Image-2025-10-17-at-10.43.20-768x687.jpeg 768w, https:\/\/www.ufsm.br\/app\/uploads\/sites\/346\/2025\/10\/WhatsApp-Image-2025-10-17-at-10.43.20.jpeg 1280w\" sizes=\"(max-width: 1024px) 100vw, 1024px\" \/><\/figure>\n\n\n\n<p>A programa\u00e7\u00e3o art\u00edstica foi outro destaque, com apresenta\u00e7\u00f5es de dan\u00e7as urbanas, do projeto \u201cGabi Canta\u201d e do grupo Musicomania, que animaram o p\u00fablico infantil e suas fam\u00edlias durante toda a tarde.<br><\/p>\n\n\n\n<h2 class=\"wp-block-heading\"><strong>Envolvimento coletivo e esp\u00edrito extensionista<\/strong><\/h2>\n\n\n\n<p>O sucesso do Viva o Campus s\u00f3 foi poss\u00edvel gra\u00e7as ao engajamento de servidores, bolsistas e volunt\u00e1rios, especialmente das equipes da Pr\u00f3-Reitoria de Extens\u00e3o. Os participantes atuaram na organiza\u00e7\u00e3o, log\u00edstica, media\u00e7\u00e3o das atividades e recep\u00e7\u00e3o ao p\u00fablico, garantindo um ambiente acolhedor e seguro para as milhares de fam\u00edlias que circulavam pela UFSM.<\/p>\n\n\n\n<figure class=\"wp-block-image size-large is-resized\"><img loading=\"lazy\" decoding=\"async\" width=\"720\" height=\"540\" src=\"https:\/\/www.ufsm.br\/app\/uploads\/sites\/346\/2025\/10\/WhatsApp-Image-2025-10-17-at-10.43.21-5-edited.jpeg\" alt=\"\" class=\"wp-image-14018\" style=\"width:577px;height:auto\" srcset=\"https:\/\/www.ufsm.br\/app\/uploads\/sites\/346\/2025\/10\/WhatsApp-Image-2025-10-17-at-10.43.21-5-edited.jpeg 720w, https:\/\/www.ufsm.br\/app\/uploads\/sites\/346\/2025\/10\/WhatsApp-Image-2025-10-17-at-10.43.21-5-edited-300x225.jpeg 300w\" sizes=\"(max-width: 720px) 100vw, 720px\" \/><\/figure>\n\n\n\n<figure class=\"wp-block-image size-large is-resized\"><img loading=\"lazy\" decoding=\"async\" width=\"1024\" height=\"742\" src=\"https:\/\/www.ufsm.br\/app\/uploads\/sites\/346\/2025\/10\/WhatsApp-Image-2025-10-17-at-10.43.20-2-1024x742.jpeg\" alt=\"\" class=\"wp-image-14019\" style=\"width:557px;height:auto\" srcset=\"https:\/\/www.ufsm.br\/app\/uploads\/sites\/346\/2025\/10\/WhatsApp-Image-2025-10-17-at-10.43.20-2-1024x742.jpeg 1024w, https:\/\/www.ufsm.br\/app\/uploads\/sites\/346\/2025\/10\/WhatsApp-Image-2025-10-17-at-10.43.20-2-300x217.jpeg 300w, https:\/\/www.ufsm.br\/app\/uploads\/sites\/346\/2025\/10\/WhatsApp-Image-2025-10-17-at-10.43.20-2-768x556.jpeg 768w, https:\/\/www.ufsm.br\/app\/uploads\/sites\/346\/2025\/10\/WhatsApp-Image-2025-10-17-at-10.43.20-2.jpeg 1280w\" sizes=\"(max-width: 1024px) 100vw, 1024px\" \/><\/figure>\n\n\n\n<p><em>Texto: Maria L\u00facia Homrich Gotuzzo, bolsista da Subdivis\u00e3o de Divulga\u00e7\u00e3o e Editora\u00e7\u00e3o (PRE\/UFSM).<\/em><\/p>\n\n\n<p><img loading=\"lazy\" decoding=\"async\" src=\"https:\/\/www.ufsm.br\/app\/uploads\/sites\/346\/2020\/09\/ODS_8-1024x1024.jpg\" alt=\"\" width=\"1024\" height=\"1024\" \/><br \/><img loading=\"lazy\" decoding=\"async\" src=\"https:\/\/www.ufsm.br\/app\/uploads\/sites\/346\/2020\/09\/ODS_17-1024x1024.jpg\" alt=\"\" width=\"1024\" height=\"1024\" \/><\/p>\n\n","protected":false},"excerpt":{"rendered":"<p>Evento integrou comunidade e universidade em tarde de comemora\u00e7\u00e3o ao dia das crian\u00e7as <\/p>\n","protected":false},"author":8975,"featured_media":14022,"comment_status":"closed","ping_status":"closed","sticky":false,"template":"","format":"standard","meta":{"footnotes":""},"categories":[288,845,276,490,828],"tags":[289,342,271],"class_list":["post-14007","post","type-post","status-publish","format-standard","has-post-thumbnail","hentry","category-cultura-e-arte","category-dia-das-criancas","category-noticias","category-sociedade","category-viva-o-campus","tag-cultura-e-arte","tag-ods-17","tag-viva-o-campus"],"acf":[],"_links":{"self":[{"href":"https:\/\/www.ufsm.br\/pro-reitorias\/pre\/wp-json\/wp\/v2\/posts\/14007","targetHints":{"allow":["GET"]}}],"collection":[{"href":"https:\/\/www.ufsm.br\/pro-reitorias\/pre\/wp-json\/wp\/v2\/posts"}],"about":[{"href":"https:\/\/www.ufsm.br\/pro-reitorias\/pre\/wp-json\/wp\/v2\/types\/post"}],"author":[{"embeddable":true,"href":"https:\/\/www.ufsm.br\/pro-reitorias\/pre\/wp-json\/wp\/v2\/users\/8975"}],"replies":[{"embeddable":true,"href":"https:\/\/www.ufsm.br\/pro-reitorias\/pre\/wp-json\/wp\/v2\/comments?post=14007"}],"version-history":[{"count":0,"href":"https:\/\/www.ufsm.br\/pro-reitorias\/pre\/wp-json\/wp\/v2\/posts\/14007\/revisions"}],"wp:featuredmedia":[{"embeddable":true,"href":"https:\/\/www.ufsm.br\/pro-reitorias\/pre\/wp-json\/wp\/v2\/media\/14022"}],"wp:attachment":[{"href":"https:\/\/www.ufsm.br\/pro-reitorias\/pre\/wp-json\/wp\/v2\/media?parent=14007"}],"wp:term":[{"taxonomy":"category","embeddable":true,"href":"https:\/\/www.ufsm.br\/pro-reitorias\/pre\/wp-json\/wp\/v2\/categories?post=14007"},{"taxonomy":"post_tag","embeddable":true,"href":"https:\/\/www.ufsm.br\/pro-reitorias\/pre\/wp-json\/wp\/v2\/tags?post=14007"}],"curies":[{"name":"wp","href":"https:\/\/api.w.org\/{rel}","templated":true}]}}