{"id":14245,"date":"2025-11-10T16:44:07","date_gmt":"2025-11-10T19:44:07","guid":{"rendered":"https:\/\/www.ufsm.br\/pro-reitorias\/pre\/?p=14245"},"modified":"2025-11-11T10:42:26","modified_gmt":"2025-11-11T13:42:26","slug":"cop-ufsm-reune-universidade-e-comunidade-para-discutir-acoes-locais-diante-da-crise-climatica","status":"publish","type":"post","link":"https:\/\/www.ufsm.br\/pro-reitorias\/pre\/2025\/11\/10\/cop-ufsm-reune-universidade-e-comunidade-para-discutir-acoes-locais-diante-da-crise-climatica","title":{"rendered":"COP UFSM re\u00fane universidade e comunidade para discutir a\u00e7\u00f5es locais diante da crise clim\u00e1tica"},"content":{"rendered":"\t\t<div data-elementor-type=\"wp-post\" data-elementor-id=\"14245\" class=\"elementor elementor-14245\">\n\t\t\t\t\t\t<section class=\"elementor-section elementor-top-section elementor-element elementor-element-929e115 elementor-section-boxed elementor-section-height-default elementor-section-height-default\" data-id=\"929e115\" data-element_type=\"section\">\n\t\t\t\t\t\t<div class=\"elementor-container elementor-column-gap-default\">\n\t\t\t\t\t<div class=\"elementor-column elementor-col-100 elementor-top-column elementor-element elementor-element-3f3191f\" data-id=\"3f3191f\" data-element_type=\"column\">\n\t\t\t<div class=\"elementor-widget-wrap elementor-element-populated\">\n\t\t\t\t\t\t<div class=\"elementor-element elementor-element-b03e565 elementor-widget elementor-widget-text-editor\" data-id=\"b03e565\" data-element_type=\"widget\" data-widget_type=\"text-editor.default\">\n\t\t\t\t<div class=\"elementor-widget-container\">\n\t\t\t\t\t\t\t<p dir=\"ltr\" style=\"line-height: 1.38;text-indent: 36pt;text-align: justify;margin-top: 0pt;margin-bottom: 0pt\"><span style=\"font-size: 12pt;font-family: Arial,sans-serif;color: #000000;background-color: transparent;font-weight: 400;font-style: normal;font-variant: normal;text-decoration: none;vertical-align: baseline\">Com o tema <\/span><span style=\"font-size: 12pt;font-family: Arial,sans-serif;color: #000000;background-color: transparent;font-weight: bold;font-style: normal;font-variant: normal;text-decoration: none;vertical-align: baseline\">\u201cTransforma\u00e7\u00e3o Global Local\u201d<\/span><span style=\"font-size: 12pt;font-family: Arial,sans-serif;color: #000000;background-color: transparent;font-weight: 400;font-style: normal;font-variant: normal;text-decoration: none;vertical-align: baseline\">, a <\/span><span style=\"font-size: 12pt;font-family: Arial,sans-serif;color: #000000;background-color: transparent;font-weight: bold;font-style: normal;font-variant: normal;text-decoration: none;vertical-align: baseline\">COP LOCAL UFSM <\/span><span style=\"font-size: 12pt;font-family: Arial,sans-serif;color: #000000;background-color: transparent;font-weight: 400;font-style: normal;font-variant: normal;text-decoration: none;vertical-align: baseline\">teve sua abertura oficial realizada na manh\u00e3 desta segunda-feira (9), no audit\u00f3rio Wilson Aita, no campus sede da Universidade Federal de Santa Maria. O evento \u00e9 promovido pela UFSM, por meio da <\/span><a style=\"text-decoration: none\" href=\"https:\/\/www.ufsm.br\/pro-reitorias\/pre\"><span style=\"font-size: 12pt;font-family: Arial,sans-serif;color: #1155cc;background-color: transparent;font-weight: 400;font-style: normal;font-variant: normal;text-decoration: underline;vertical-align: baseline\">Pr\u00f3-Reitoria de Extens\u00e3o<\/span><\/a><span style=\"font-size: 12pt;font-family: Arial,sans-serif;color: #000000;background-color: transparent;font-weight: 400;font-style: normal;font-variant: normal;text-decoration: none;vertical-align: baseline\">, com apoio da Coordenadoria de Gest\u00e3o Ambiental da <\/span><a style=\"text-decoration: none\" href=\"https:\/\/www.ufsm.br\/pro-reitorias\/proplan\"><span style=\"font-size: 12pt;font-family: Arial,sans-serif;color: #1155cc;background-color: transparent;font-weight: 400;font-style: normal;font-variant: normal;text-decoration: underline;vertical-align: baseline\">PROPLAN<\/span><\/a><span style=\"font-size: 12pt;font-family: Arial,sans-serif;color: #000000;background-color: transparent;font-weight: 400;font-style: normal;font-variant: normal;text-decoration: none;vertical-align: baseline\">, da Secretaria Municipal de Meio Ambiente de Santa Maria e de demais parceiros institucionais. A iniciativa integra a mobiliza\u00e7\u00e3o nacional em torno da <\/span><a style=\"text-decoration: none\" href=\"https:\/\/cop30.br\/pt-br\"><span style=\"font-size: 12pt;font-family: Arial,sans-serif;color: #1155cc;background-color: transparent;font-weight: 400;font-style: normal;font-variant: normal;text-decoration: underline;vertical-align: baseline\">COP 30<\/span><\/a><span style=\"font-size: 12pt;font-family: Arial,sans-serif;color: #000000;background-color: transparent;font-weight: 400;font-style: normal;font-variant: normal;text-decoration: none;vertical-align: baseline\">, a Confer\u00eancia das Partes sobre mudan\u00e7as clim\u00e1ticas da Organiza\u00e7\u00e3o das Na\u00e7\u00f5es Unidas (ONU), que teve in\u00edcio na manh\u00e3 de hoje, em Bel\u00e9m (PA).<\/span><\/p><p dir=\"ltr\" style=\"line-height: 1.38;text-indent: 36pt;text-align: justify;margin-top: 0pt;margin-bottom: 0pt\"><span style=\"background-color: transparent;color: #000000;font-family: Arial, sans-serif;font-size: 12pt;text-indent: 36pt\">Inspirada pelo evento global, a COP UFSM tem como objetivo aproximar os desafios clim\u00e1ticos mundiais das pr\u00e1ticas cotidianas da universidade e da comunidade, fortalecendo o papel da institui\u00e7\u00e3o como agente de transforma\u00e7\u00e3o social, cient\u00edfica e ambiental. A programa\u00e7\u00e3o, que segue at\u00e9 o dia 19 de novembro, envolve a\u00e7\u00f5es de ensino, pesquisa e extens\u00e3o nos quatro campi da UFSM (Santa Maria, Cachoeira do Sul, Frederico Westphalen e Palmeira das Miss\u00f5es), com a participa\u00e7\u00e3o de docentes, estudantes, gestores p\u00fablicos, pesquisadores e representantes da comunidade.<\/span><\/p>\t\t\t\t\t\t<\/div>\n\t\t\t\t<\/div>\n\t\t\t\t\t<\/div>\n\t\t<\/div>\n\t\t\t\t\t<\/div>\n\t\t<\/section>\n\t\t\t\t<section class=\"elementor-section elementor-top-section elementor-element elementor-element-8c8d7b3 elementor-section-boxed elementor-section-height-default elementor-section-height-default\" data-id=\"8c8d7b3\" data-element_type=\"section\">\n\t\t\t\t\t\t<div class=\"elementor-container elementor-column-gap-default\">\n\t\t\t\t\t<div class=\"elementor-column elementor-col-100 elementor-top-column elementor-element elementor-element-1ff0364\" data-id=\"1ff0364\" data-element_type=\"column\">\n\t\t\t<div class=\"elementor-widget-wrap elementor-element-populated\">\n\t\t\t\t\t\t<div class=\"elementor-element elementor-element-dee2391 elementor-widget elementor-widget-heading\" data-id=\"dee2391\" data-element_type=\"widget\" data-widget_type=\"heading.default\">\n\t\t\t\t<div class=\"elementor-widget-container\">\n\t\t\t<h2 class=\"elementor-heading-title elementor-size-default\"><span><span>Autoridades destacam o papel da universidade no enfrentamento da crise clim\u00e1tica<\/span><\/span><\/h2>\t\t<\/div>\n\t\t\t\t<\/div>\n\t\t\t\t\t<\/div>\n\t\t<\/div>\n\t\t\t\t\t<\/div>\n\t\t<\/section>\n\t\t\t\t<section class=\"elementor-section elementor-top-section elementor-element elementor-element-2be0b83 elementor-section-boxed elementor-section-height-default elementor-section-height-default\" data-id=\"2be0b83\" data-element_type=\"section\">\n\t\t\t\t\t\t<div class=\"elementor-container elementor-column-gap-default\">\n\t\t\t\t\t<div class=\"elementor-column elementor-col-100 elementor-top-column elementor-element elementor-element-dea0250\" data-id=\"dea0250\" data-element_type=\"column\">\n\t\t\t<div class=\"elementor-widget-wrap elementor-element-populated\">\n\t\t\t\t\t\t<div class=\"elementor-element elementor-element-59c82e5 elementor-widget elementor-widget-text-editor\" data-id=\"59c82e5\" data-element_type=\"widget\" data-widget_type=\"text-editor.default\">\n\t\t\t\t<div class=\"elementor-widget-container\">\n\t\t\t\t\t\t\t<p>\u00a0<\/p><p dir=\"ltr\" style=\"line-height: 1.38;text-indent: 36pt;text-align: justify;margin-top: 0pt;margin-bottom: 0pt\"><span style=\"font-size: 12pt;font-family: Arial,sans-serif;color: #000000;background-color: transparent;font-weight: 400;font-style: normal;font-variant: normal;text-decoration: none;vertical-align: baseline\">A cerim\u00f4nia de abertura contou com a presen\u00e7a da vice-reitora e reitora em exerc\u00edcio, professora <\/span><span style=\"font-size: 12pt;font-family: Arial,sans-serif;color: #000000;background-color: transparent;font-weight: bold;font-style: normal;font-variant: normal;text-decoration: none;vertical-align: baseline\">Martha Adaime<\/span><span style=\"font-size: 12pt;font-family: Arial,sans-serif;color: #000000;background-color: transparent;font-weight: 400;font-style: normal;font-variant: normal;text-decoration: none;vertical-align: baseline\">; da pr\u00f3-reitora adjunta de Extens\u00e3o, <\/span><span style=\"font-size: 12pt;font-family: Arial,sans-serif;color: #000000;background-color: transparent;font-weight: bold;font-style: normal;font-variant: normal;text-decoration: none;vertical-align: baseline\">Jaciele Sell<\/span><span style=\"font-size: 12pt;font-family: Arial,sans-serif;color: #000000;background-color: transparent;font-weight: 400;font-style: normal;font-variant: normal;text-decoration: none;vertical-align: baseline\">; do secret\u00e1rio municipal de Meio Ambiente de Santa Maria, <\/span><span style=\"font-size: 12pt;font-family: Arial,sans-serif;color: #000000;background-color: transparent;font-weight: bold;font-style: normal;font-variant: normal;text-decoration: none;vertical-align: baseline\">Diego Rigon de Oliveira<\/span><span style=\"font-size: 12pt;font-family: Arial,sans-serif;color: #000000;background-color: transparent;font-weight: 400;font-style: normal;font-variant: normal;text-decoration: none;vertical-align: baseline\">; do diretor executivo da <\/span><a style=\"text-decoration: none\" href=\"https:\/\/www.fundacaomoa.org.br\/\"><span style=\"font-size: 12pt;font-family: Arial,sans-serif;color: #1155cc;background-color: transparent;font-weight: 400;font-style: normal;font-variant: normal;text-decoration: underline;vertical-align: baseline\">Funda\u00e7\u00e3o Mo\u2019\u00e3<\/span><\/a><span style=\"font-size: 12pt;font-family: Arial,sans-serif;color: #000000;background-color: transparent;font-weight: 400;font-style: normal;font-variant: normal;text-decoration: none;vertical-align: baseline\">, <\/span><span style=\"font-size: 12pt;font-family: Arial,sans-serif;color: #000000;background-color: transparent;font-weight: bold;font-style: normal;font-variant: normal;text-decoration: none;vertical-align: baseline\">Rainer Oscar M\u00fcller<\/span><span style=\"font-size: 12pt;font-family: Arial,sans-serif;color: #000000;background-color: transparent;font-weight: 400;font-style: normal;font-variant: normal;text-decoration: none;vertical-align: baseline\">; do gerente regional da <\/span><a style=\"text-decoration: none\" href=\"https:\/\/www.fepam.rs.gov.br\/inicial\"><span style=\"font-size: 12pt;font-family: Arial,sans-serif;color: #1155cc;background-color: transparent;font-weight: 400;font-style: normal;font-variant: normal;text-decoration: underline;vertical-align: baseline\">Funda\u00e7\u00e3o Estadual de Prote\u00e7\u00e3o Ambiental (Fepam)<\/span><\/a><span style=\"font-size: 12pt;font-family: Arial,sans-serif;color: #000000;background-color: transparent;font-weight: 400;font-style: normal;font-variant: normal;text-decoration: none;vertical-align: baseline\">, <\/span><span style=\"font-size: 12pt;font-family: Arial,sans-serif;color: #000000;background-color: transparent;font-weight: bold;font-style: normal;font-variant: normal;text-decoration: none;vertical-align: baseline\">Guilherme C\u00e2mara<\/span><span style=\"font-size: 12pt;font-family: Arial,sans-serif;color: #000000;background-color: transparent;font-weight: 400;font-style: normal;font-variant: normal;text-decoration: none;vertical-align: baseline\">; e do vice-coordenador do <\/span><a style=\"text-decoration: none\" href=\"https:\/\/www.santamaria.rs.gov.br\/cons_meio_ambiente\"><span style=\"font-size: 12pt;font-family: Arial,sans-serif;color: #1155cc;background-color: transparent;font-weight: 400;font-style: normal;font-variant: normal;text-decoration: underline;vertical-align: baseline\">Conselho Municipal de Defesa do Meio Ambiente (CONDEMA)<\/span><\/a><span style=\"font-size: 12pt;font-family: Arial,sans-serif;color: #000000;background-color: transparent;font-weight: 400;font-style: normal;font-variant: normal;text-decoration: none;vertical-align: baseline\">, <\/span><span style=\"font-size: 12pt;font-family: Arial,sans-serif;color: #000000;background-color: transparent;font-weight: bold;font-style: normal;font-variant: normal;text-decoration: none;vertical-align: baseline\">Geraldo Vargas Peixoto<\/span><span style=\"font-size: 12pt;font-family: Arial,sans-serif;color: #000000;background-color: transparent;font-weight: 400;font-style: normal;font-variant: normal;text-decoration: none;vertical-align: baseline\">.<\/span><\/p>\t\t\t\t\t\t<\/div>\n\t\t\t\t<\/div>\n\t\t\t\t\t<\/div>\n\t\t<\/div>\n\t\t\t\t\t<\/div>\n\t\t<\/section>\n\t\t\t\t<section class=\"elementor-section elementor-top-section elementor-element elementor-element-6135e1c elementor-section-boxed elementor-section-height-default elementor-section-height-default\" data-id=\"6135e1c\" data-element_type=\"section\">\n\t\t\t\t\t\t<div class=\"elementor-container elementor-column-gap-default\">\n\t\t\t\t\t<div class=\"elementor-column elementor-col-100 elementor-top-column elementor-element elementor-element-4f0cc00\" data-id=\"4f0cc00\" data-element_type=\"column\">\n\t\t\t<div class=\"elementor-widget-wrap elementor-element-populated\">\n\t\t\t\t\t\t<div class=\"elementor-element elementor-element-4f10625 elementor-widget elementor-widget-image-gallery\" data-id=\"4f10625\" data-element_type=\"widget\" data-widget_type=\"image-gallery.default\">\n\t\t\t\t<div class=\"elementor-widget-container\">\n\t\t\t\t\t<div class=\"elementor-image-gallery\">\n\t\t\t<div id='gallery-1' class='gallery galleryid-14245 gallery-columns-2 gallery-size-medium'><figure class='gallery-item'>\n\t\t\t<div class='gallery-icon portrait'>\n\t\t\t\t<a data-elementor-open-lightbox=\"yes\" data-elementor-lightbox-slideshow=\"4f10625\" data-elementor-lightbox-title=\"20251110_101025\" data-e-action-hash=\"#elementor-action%3Aaction%3Dlightbox%26settings%3DeyJpZCI6MTQyNTAsInVybCI6Imh0dHBzOlwvXC93d3cudWZzbS5iclwvYXBwXC91cGxvYWRzXC9zaXRlc1wvMzQ2XC8yMDI1XC8xMVwvMjAyNTExMTBfMTAxMDI1LXNjYWxlZC1lMTc2MjgwNzY0Mjk5Mi5qcGciLCJzbGlkZXNob3ciOiI0ZjEwNjI1In0%3D\" href='https:\/\/www.ufsm.br\/app\/uploads\/sites\/346\/2025\/11\/20251110_101025-scaled-e1762807642992.jpg'><img fetchpriority=\"high\" decoding=\"async\" width=\"232\" height=\"300\" src=\"https:\/\/www.ufsm.br\/app\/uploads\/sites\/346\/2025\/11\/20251110_101025-scaled-e1762807642992-232x300.jpg\" class=\"attachment-medium size-medium\" alt=\"\" aria-describedby=\"gallery-1-14250\" srcset=\"https:\/\/www.ufsm.br\/app\/uploads\/sites\/346\/2025\/11\/20251110_101025-scaled-e1762807642992-232x300.jpg 232w, https:\/\/www.ufsm.br\/app\/uploads\/sites\/346\/2025\/11\/20251110_101025-scaled-e1762807642992-792x1024.jpg 792w, https:\/\/www.ufsm.br\/app\/uploads\/sites\/346\/2025\/11\/20251110_101025-scaled-e1762807642992-768x993.jpg 768w, https:\/\/www.ufsm.br\/app\/uploads\/sites\/346\/2025\/11\/20251110_101025-scaled-e1762807642992-1188x1536.jpg 1188w, https:\/\/www.ufsm.br\/app\/uploads\/sites\/346\/2025\/11\/20251110_101025-scaled-e1762807642992.jpg 1433w\" sizes=\"(max-width: 232px) 100vw, 232px\" \/><\/a>\n\t\t\t<\/div>\n\t\t\t\t<figcaption class='wp-caption-text gallery-caption' id='gallery-1-14250'>\n\t\t\t\tMartha Adaime com a palavra\n\t\t\t\t<\/figcaption><\/figure><figure class='gallery-item'>\n\t\t\t<div class='gallery-icon portrait'>\n\t\t\t\t<a data-elementor-open-lightbox=\"yes\" data-elementor-lightbox-slideshow=\"4f10625\" data-elementor-lightbox-title=\"20251110_101015\" data-e-action-hash=\"#elementor-action%3Aaction%3Dlightbox%26settings%3DeyJpZCI6MTQyNDksInVybCI6Imh0dHBzOlwvXC93d3cudWZzbS5iclwvYXBwXC91cGxvYWRzXC9zaXRlc1wvMzQ2XC8yMDI1XC8xMVwvMjAyNTExMTBfMTAxMDE1LXNjYWxlZC1lMTc2MjgwNzM2Nzc0MC5qcGciLCJzbGlkZXNob3ciOiI0ZjEwNjI1In0%3D\" href='https:\/\/www.ufsm.br\/app\/uploads\/sites\/346\/2025\/11\/20251110_101015-scaled-e1762807367740.jpg'><img decoding=\"async\" width=\"298\" height=\"300\" src=\"https:\/\/www.ufsm.br\/app\/uploads\/sites\/346\/2025\/11\/20251110_101015-scaled-e1762807367740-298x300.jpg\" class=\"attachment-medium size-medium\" alt=\"\" aria-describedby=\"gallery-1-14249\" srcset=\"https:\/\/www.ufsm.br\/app\/uploads\/sites\/346\/2025\/11\/20251110_101015-scaled-e1762807367740-298x300.jpg 298w, https:\/\/www.ufsm.br\/app\/uploads\/sites\/346\/2025\/11\/20251110_101015-scaled-e1762807367740-1018x1024.jpg 1018w, https:\/\/www.ufsm.br\/app\/uploads\/sites\/346\/2025\/11\/20251110_101015-scaled-e1762807367740-150x150.jpg 150w, https:\/\/www.ufsm.br\/app\/uploads\/sites\/346\/2025\/11\/20251110_101015-scaled-e1762807367740-768x772.jpg 768w, https:\/\/www.ufsm.br\/app\/uploads\/sites\/346\/2025\/11\/20251110_101015-scaled-e1762807367740.jpg 1438w\" sizes=\"(max-width: 298px) 100vw, 298px\" \/><\/a>\n\t\t\t<\/div>\n\t\t\t\t<figcaption class='wp-caption-text gallery-caption' id='gallery-1-14249'>\n\t\t\t\tMesa de autoridades\n\t\t\t\t<\/figcaption><\/figure>\n\t\t<\/div>\n\t\t<\/div>\n\t\t\t\t<\/div>\n\t\t\t\t<\/div>\n\t\t\t\t\t<\/div>\n\t\t<\/div>\n\t\t\t\t\t<\/div>\n\t\t<\/section>\n\t\t\t\t<section class=\"elementor-section elementor-top-section elementor-element elementor-element-bb7390f elementor-section-boxed elementor-section-height-default elementor-section-height-default\" data-id=\"bb7390f\" data-element_type=\"section\">\n\t\t\t\t\t\t<div class=\"elementor-container elementor-column-gap-default\">\n\t\t\t\t\t<div class=\"elementor-column elementor-col-100 elementor-top-column elementor-element elementor-element-04e28d4\" data-id=\"04e28d4\" data-element_type=\"column\">\n\t\t\t<div class=\"elementor-widget-wrap elementor-element-populated\">\n\t\t\t\t\t\t<div class=\"elementor-element elementor-element-7d84205 elementor-widget elementor-widget-text-editor\" data-id=\"7d84205\" data-element_type=\"widget\" data-widget_type=\"text-editor.default\">\n\t\t\t\t<div class=\"elementor-widget-container\">\n\t\t\t\t\t\t\t<p dir=\"ltr\" style=\"line-height: 1.38;text-indent: 36pt;text-align: justify;margin-top: 0pt;margin-bottom: 0pt\"><span style=\"font-size: 12pt;font-family: Arial,sans-serif;color: #000000;background-color: transparent;font-weight: 400;font-style: normal;font-variant: normal;text-decoration: none;vertical-align: baseline\">Em sua fala de abertura, Jaciele Sell ressaltou que o evento \u00e9 resultado de um esfor\u00e7o coletivo, com protagonismo estudantil e engajamento de diferentes unidades da universidade. \u201cA COP UFSM foi pensada para ser um espa\u00e7o de di\u00e1logo entre a universidade e a comunidade, articulando ensino, pesquisa e extens\u00e3o em torno das quest\u00f5es clim\u00e1ticas\u201d, destacou a pr\u00f3-reitora.<\/span><\/p><p dir=\"ltr\" style=\"line-height: 1.38;text-indent: 36pt;text-align: justify;margin-top: 0pt;margin-bottom: 0pt\"><span style=\"font-size: 12pt;font-family: Arial,sans-serif;color: #000000;background-color: transparent;font-weight: 400;font-style: normal;font-variant: normal;text-decoration: none;vertical-align: baseline\">A vice-reitora, Martha Adaime, refor\u00e7ou o papel da universidade como um agente de transforma\u00e7\u00e3o e destacou que todas as a\u00e7\u00f5es da universidade devem estar em sintonia com as quest\u00f5es ambientais. Marta tamb\u00e9m chamou a aten\u00e7\u00e3o para a import\u00e2ncia de considerar as desigualdades sociais e de g\u00eanero no debate ambiental. \u201cOs impactos das mudan\u00e7as clim\u00e1ticas variam conforme g\u00eanero e classe social. Precisamos de educa\u00e7\u00e3o e transforma\u00e7\u00e3o, e ambas terminam com as mesmas quatro letras: a\u00e7\u00e3o. J\u00e1 sabemos o que precisa ser feito, agora \u00e9 hora de agir\u201d, afirmou.<\/span><\/p><p dir=\"ltr\" style=\"line-height: 1.38;text-indent: 36pt;text-align: justify;margin-top: 0pt;margin-bottom: 0pt\"><span style=\"font-size: 12pt;font-family: Arial,sans-serif;color: #000000;background-color: transparent;font-weight: 400;font-style: normal;font-variant: normal;text-decoration: none;vertical-align: baseline\">O secret\u00e1rio municipal de Meio Ambiente, Diego Rigon de Oliveira, destacou a import\u00e2ncia da coopera\u00e7\u00e3o entre o poder p\u00fablico, as universidades e a sociedade civil para a constru\u00e7\u00e3o de pol\u00edticas ambientais locais. Ele tamb\u00e9m apresentou a trajet\u00f3ria do Conselho Municipal de Defesa do Meio Ambiente de Santa Maria (Comdema), que h\u00e1 27 anos atua em conjunto com a comunidade em prol da sustentabilidade.<\/span><\/p><p dir=\"ltr\" style=\"line-height: 1.38;text-indent: 36pt;text-align: justify;margin-top: 0pt;margin-bottom: 0pt\"><span style=\"background-color: transparent;color: #000000;font-family: Arial, sans-serif;font-size: 12pt;text-indent: 36pt\">O diretor executivo da Funda\u00e7\u00e3o Mo\u2019\u00e3, Rainer M\u00fcller, salientou o papel das organiza\u00e7\u00f5es ambientais da cidade na articula\u00e7\u00e3o de a\u00e7\u00f5es conjuntas com o poder p\u00fablico e institui\u00e7\u00f5es de ensino. J\u00e1 o gerente regional da Fepam, Guilherme C\u00e2mara, enfatizou a necessidade de que as pol\u00edticas ambientais locais sejam guiadas por responsabilidade, transpar\u00eancia e participa\u00e7\u00e3o social. O vice-coordenador do Comdema, Geraldo Vargas Peixoto, complementou, destacando a relev\u00e2ncia da COP UFSM como um f\u00f3rum de debate e troca de saberes sobre as a\u00e7\u00f5es ambientais do munic\u00edpio.<\/span><\/p>\t\t\t\t\t\t<\/div>\n\t\t\t\t<\/div>\n\t\t\t\t\t<\/div>\n\t\t<\/div>\n\t\t\t\t\t<\/div>\n\t\t<\/section>\n\t\t\t\t<section class=\"elementor-section elementor-top-section elementor-element elementor-element-a2b377d elementor-section-boxed elementor-section-height-default elementor-section-height-default\" data-id=\"a2b377d\" data-element_type=\"section\">\n\t\t\t\t\t\t<div class=\"elementor-container elementor-column-gap-default\">\n\t\t\t\t\t<div class=\"elementor-column elementor-col-100 elementor-top-column elementor-element elementor-element-84dc185\" data-id=\"84dc185\" data-element_type=\"column\">\n\t\t\t<div class=\"elementor-widget-wrap elementor-element-populated\">\n\t\t\t\t\t\t<div class=\"elementor-element elementor-element-1e1da34 elementor-widget elementor-widget-heading\" data-id=\"1e1da34\" data-element_type=\"widget\" data-widget_type=\"heading.default\">\n\t\t\t\t<div class=\"elementor-widget-container\">\n\t\t\t<h2 class=\"elementor-heading-title elementor-size-default\"><span><span>\u201cTransformando o Global em Local\u201d: o papel da universidade na responsabilidade clim\u00e1tica<\/span><\/span><\/h2>\t\t<\/div>\n\t\t\t\t<\/div>\n\t\t\t\t\t<\/div>\n\t\t<\/div>\n\t\t\t\t\t<\/div>\n\t\t<\/section>\n\t\t\t\t<section class=\"elementor-section elementor-top-section elementor-element elementor-element-3b8ccbf elementor-section-boxed elementor-section-height-default elementor-section-height-default\" data-id=\"3b8ccbf\" data-element_type=\"section\">\n\t\t\t\t\t\t<div class=\"elementor-container elementor-column-gap-default\">\n\t\t\t\t\t<div class=\"elementor-column elementor-col-100 elementor-top-column elementor-element elementor-element-0515ccc\" data-id=\"0515ccc\" data-element_type=\"column\">\n\t\t\t<div class=\"elementor-widget-wrap elementor-element-populated\">\n\t\t\t\t\t\t<div class=\"elementor-element elementor-element-eb8d6dc elementor-widget elementor-widget-text-editor\" data-id=\"eb8d6dc\" data-element_type=\"widget\" data-widget_type=\"text-editor.default\">\n\t\t\t\t<div class=\"elementor-widget-container\">\n\t\t\t\t\t\t\t<p dir=\"ltr\" style=\"line-height: 1.38;text-indent: 36pt;text-align: justify;margin-top: 0pt;margin-bottom: 0pt\"><span style=\"font-size: 12pt;font-family: Arial,sans-serif;color: #000000;background-color: transparent;font-weight: 400;font-style: normal;font-variant: normal;text-decoration: none;vertical-align: baseline\">Ap\u00f3s as falas das autoridades, teve in\u00edcio a mesa de abertura da primeira edi\u00e7\u00e3o da COP UFSM, intitulada <\/span><span style=\"font-size: 12pt;font-family: Arial,sans-serif;color: #000000;background-color: transparent;font-weight: bold;font-style: normal;font-variant: normal;text-decoration: none;vertical-align: baseline\">\u201cTransformando o Global em Local: desafios clim\u00e1ticos e responsabilidade universit\u00e1ria\u201d<\/span><span style=\"font-size: 12pt;font-family: Arial,sans-serif;color: #000000;background-color: transparent;font-weight: 400;font-style: normal;font-variant: normal;text-decoration: none;vertical-align: baseline\">, mediada pela jornalista e professora <\/span><span style=\"font-size: 12pt;font-family: Arial,sans-serif;color: #000000;background-color: transparent;font-weight: bold;font-style: normal;font-variant: normal;text-decoration: none;vertical-align: baseline\">M\u00e1rcia Franz Amaral<\/span><span style=\"font-size: 12pt;font-family: Arial,sans-serif;color: #000000;background-color: transparent;font-weight: 400;font-style: normal;font-variant: normal;text-decoration: none;vertical-align: baseline\">, do Programa de P\u00f3s-Gradua\u00e7\u00e3o em Comunica\u00e7\u00e3o da UFSM.<\/span><\/p><p dir=\"ltr\" style=\"line-height: 1.38;text-indent: 36pt;text-align: justify;margin-top: 0pt;margin-bottom: 0pt\"><span style=\"font-size: 12pt;font-family: Arial,sans-serif;color: #000000;background-color: transparent;font-weight: 400;font-style: normal;font-variant: normal;text-decoration: none;vertical-align: baseline\">O <\/span><span style=\"font-size: 12pt;font-family: Arial,sans-serif;color: #000000;background-color: transparent;font-weight: bold;font-style: normal;font-variant: normal;text-decoration: none;vertical-align: baseline\">professor Renzo Romano Taddei<\/span><span style=\"font-size: 12pt;font-family: Arial,sans-serif;color: #000000;background-color: transparent;font-weight: 400;font-style: normal;font-variant: normal;text-decoration: none;vertical-align: baseline\">, da Universidade Federal de S\u00e3o Paulo (UNIFESP), foi o palestrante principal da mesa. Ele apresentou uma reflex\u00e3o sobre a rela\u00e7\u00e3o entre conhecimento cient\u00edfico, pol\u00edticas p\u00fablicas e saberes tradicionais, defendendo a necessidade de repensar os paradigmas cient\u00edficos diante da crise clim\u00e1tica. Segundo o professor, \u201ca contribui\u00e7\u00e3o das humanidades \u00e9 fundamental para construir futuros que n\u00e3o sejam destrutivos, ampliando a compreens\u00e3o sobre as m\u00faltiplas dimens\u00f5es da emerg\u00eancia clim\u00e1tica\u201d.<\/span><\/p><p dir=\"ltr\" style=\"line-height: 1.38;text-indent: 36pt;text-align: justify;margin-top: 0pt;margin-bottom: 0pt\"><span style=\"font-size: 12pt;font-family: Arial,sans-serif;color: #000000;background-color: transparent;font-weight: 400;font-style: normal;font-variant: normal;text-decoration: none;vertical-align: baseline\">Ap\u00f3s a palestra principal do evento, a mesa tamb\u00e9m contou com a participa\u00e7\u00e3o de<\/span><span style=\"font-size: 12pt;font-family: Arial,sans-serif;color: #000000;background-color: transparent;font-weight: bold;font-style: normal;font-variant: normal;text-decoration: none;vertical-align: baseline\"> Nicolli Reck<\/span><span style=\"font-size: 12pt;font-family: Arial,sans-serif;color: #000000;background-color: transparent;font-weight: 400;font-style: normal;font-variant: normal;text-decoration: none;vertical-align: baseline\">, engenheira sanitarista e ambiental e coordenadora de Gest\u00e3o Ambiental do Setor de Planejamento Ambiental da PROPLAN\/UFSM; <\/span><span style=\"font-size: 12pt;font-family: Arial,sans-serif;color: #000000;background-color: transparent;font-weight: bold;font-style: normal;font-variant: normal;text-decoration: none;vertical-align: baseline\">Renata de Baco Hartmann<\/span><span style=\"font-size: 12pt;font-family: Arial,sans-serif;color: #000000;background-color: transparent;font-weight: 400;font-style: normal;font-variant: normal;text-decoration: none;vertical-align: baseline\">, engenheira agr\u00f4noma e analista respons\u00e1vel pelo licenciamento ambiental do campus sede; e, novamente, de <\/span><span style=\"font-size: 12pt;font-family: Arial,sans-serif;color: #000000;background-color: transparent;font-weight: bold;font-style: normal;font-variant: normal;text-decoration: none;vertical-align: baseline\">Diego Rigon de Oliveira<\/span><span style=\"font-size: 12pt;font-family: Arial,sans-serif;color: #000000;background-color: transparent;font-weight: 400;font-style: normal;font-variant: normal;text-decoration: none;vertical-align: baseline\">, secret\u00e1rio municipal de Meio Ambiente.<\/span><\/p><p dir=\"ltr\" style=\"line-height: 1.38;text-indent: 36pt;text-align: justify;margin-top: 0pt;margin-bottom: 0pt\"><span style=\"background-color: transparent;color: #000000;font-family: Arial, sans-serif;font-size: 12pt;text-indent: 36pt\">Durante sua fala, Nicolli apresentou um panorama das a\u00e7\u00f5es ambientais desenvolvidas no campus sede da UFSM, enfatizando a import\u00e2ncia do licenciamento ambiental como ferramenta de planejamento e comprometimento institucional com a sustentabilidade. Ela tamb\u00e9m destacou iniciativas voltadas \u00e0 gest\u00e3o da qualidade da \u00e1gua, gest\u00e3o de res\u00edduos, recupera\u00e7\u00e3o de \u00e1reas degradadas \u2014 especialmente as \u00e1reas de preserva\u00e7\u00e3o permanente \u2014, controle de produtos regulamentados pelo Ex\u00e9rcito e pela Pol\u00edcia Federal, al\u00e9m da gest\u00e3o de contratos da universidade ligados \u00e0 \u00e1rea ambiental. J\u00e1 Renata abordou os avan\u00e7os da UFSM no licenciamento ambiental, ressaltando que a primeira licen\u00e7a de opera\u00e7\u00e3o da universidade foi emitida em 2020 e renovada em 2025, o que, segundo ela, \u201cdemonstra o compromisso da institui\u00e7\u00e3o com a legalidade, transpar\u00eancia e sustentabilidade\u201d.<\/span><\/p>\t\t\t\t\t\t<\/div>\n\t\t\t\t<\/div>\n\t\t\t\t\t<\/div>\n\t\t<\/div>\n\t\t\t\t\t<\/div>\n\t\t<\/section>\n\t\t\t\t<section class=\"elementor-section elementor-top-section elementor-element elementor-element-3d96a02 elementor-section-boxed elementor-section-height-default elementor-section-height-default\" data-id=\"3d96a02\" data-element_type=\"section\">\n\t\t\t\t\t\t<div class=\"elementor-container elementor-column-gap-default\">\n\t\t\t\t\t<div class=\"elementor-column elementor-col-100 elementor-top-column elementor-element elementor-element-b75b394\" data-id=\"b75b394\" data-element_type=\"column\">\n\t\t\t<div class=\"elementor-widget-wrap elementor-element-populated\">\n\t\t\t\t\t\t<div class=\"elementor-element elementor-element-c011e2b elementor-widget elementor-widget-image\" data-id=\"c011e2b\" data-element_type=\"widget\" data-widget_type=\"image.default\">\n\t\t\t\t<div class=\"elementor-widget-container\">\n\t\t\t\t\t\t\t\t\t\t<figure class=\"wp-caption\">\n\t\t\t\t\t\t\t\t\t\t<img decoding=\"async\" width=\"768\" height=\"1034\" src=\"https:\/\/www.ufsm.br\/app\/uploads\/sites\/346\/2025\/11\/20251110_112303-scaled-e1762807884289-768x1034.jpg\" class=\"attachment-medium_large size-medium_large wp-image-14251\" alt=\"\" srcset=\"https:\/\/www.ufsm.br\/app\/uploads\/sites\/346\/2025\/11\/20251110_112303-scaled-e1762807884289-768x1034.jpg 768w, https:\/\/www.ufsm.br\/app\/uploads\/sites\/346\/2025\/11\/20251110_112303-scaled-e1762807884289-223x300.jpg 223w, https:\/\/www.ufsm.br\/app\/uploads\/sites\/346\/2025\/11\/20251110_112303-scaled-e1762807884289-760x1024.jpg 760w, https:\/\/www.ufsm.br\/app\/uploads\/sites\/346\/2025\/11\/20251110_112303-scaled-e1762807884289-1140x1536.jpg 1140w, https:\/\/www.ufsm.br\/app\/uploads\/sites\/346\/2025\/11\/20251110_112303-scaled-e1762807884289.jpg 1433w\" sizes=\"(max-width: 768px) 100vw, 768px\" \/>\t\t\t\t\t\t\t\t\t\t\t<figcaption class=\"widget-image-caption wp-caption-text\">Mesa de abertura principal<\/figcaption>\n\t\t\t\t\t\t\t\t\t\t<\/figure>\n\t\t\t\t\t\t\t<\/div>\n\t\t\t\t<\/div>\n\t\t\t\t\t<\/div>\n\t\t<\/div>\n\t\t\t\t\t<\/div>\n\t\t<\/section>\n\t\t\t\t<section class=\"elementor-section elementor-top-section elementor-element elementor-element-07e5309 elementor-section-boxed elementor-section-height-default elementor-section-height-default\" data-id=\"07e5309\" data-element_type=\"section\">\n\t\t\t\t\t\t<div class=\"elementor-container elementor-column-gap-default\">\n\t\t\t\t\t<div class=\"elementor-column elementor-col-100 elementor-top-column elementor-element elementor-element-20d0d64\" data-id=\"20d0d64\" data-element_type=\"column\">\n\t\t\t<div class=\"elementor-widget-wrap elementor-element-populated\">\n\t\t\t\t\t\t<div class=\"elementor-element elementor-element-80d64ce elementor-widget elementor-widget-heading\" data-id=\"80d64ce\" data-element_type=\"widget\" data-widget_type=\"heading.default\">\n\t\t\t\t<div class=\"elementor-widget-container\">\n\t\t\t<h2 class=\"elementor-heading-title elementor-size-default\"><span><h3><span>COP UFSM como espa\u00e7o de transforma\u00e7\u00e3o<\/span><span><\/span><\/h3><\/span><\/h2>\t\t<\/div>\n\t\t\t\t<\/div>\n\t\t\t\t\t<\/div>\n\t\t<\/div>\n\t\t\t\t\t<\/div>\n\t\t<\/section>\n\t\t\t\t<section class=\"elementor-section elementor-top-section elementor-element elementor-element-e0ea397 elementor-section-boxed elementor-section-height-default elementor-section-height-default\" data-id=\"e0ea397\" data-element_type=\"section\">\n\t\t\t\t\t\t<div class=\"elementor-container elementor-column-gap-default\">\n\t\t\t\t\t<div class=\"elementor-column elementor-col-100 elementor-top-column elementor-element elementor-element-d8b4abb\" data-id=\"d8b4abb\" data-element_type=\"column\">\n\t\t\t<div class=\"elementor-widget-wrap elementor-element-populated\">\n\t\t\t\t\t\t<div class=\"elementor-element elementor-element-77a0658 elementor-widget elementor-widget-text-editor\" data-id=\"77a0658\" data-element_type=\"widget\" data-widget_type=\"text-editor.default\">\n\t\t\t\t<div class=\"elementor-widget-container\">\n\t\t\t\t\t\t\t<p dir=\"ltr\" style=\"line-height: 1.38;text-indent: 36pt;text-align: justify;margin-top: 0pt;margin-bottom: 0pt\"><span style=\"font-size: 12pt;font-family: Arial,sans-serif;color: #000000;background-color: transparent;font-weight: 400;font-style: normal;font-variant: normal;text-decoration: none;vertical-align: baseline\">Durante a abertura, a professora Martha Adaime prop\u00f4s a elabora\u00e7\u00e3o de uma <\/span><span style=\"font-size: 12pt;font-family: Arial,sans-serif;color: #000000;background-color: transparent;font-weight: bold;font-style: normal;font-variant: normal;text-decoration: none;vertical-align: baseline\">Carta Compromisso da UFSM e da cidade de Santa Maria<\/span><span style=\"font-size: 12pt;font-family: Arial,sans-serif;color: #000000;background-color: transparent;font-weight: 400;font-style: normal;font-variant: normal;text-decoration: none;vertical-align: baseline\">, voltada \u00e0 sustentabilidade e \u00e0 justi\u00e7a clim\u00e1tica. A ideia \u00e9 que a carta seja constru\u00edda coletivamente ao longo da programa\u00e7\u00e3o, com o objetivo de consolidar os compromissos institucionais e comunit\u00e1rios com o meio ambiente.<\/span><\/p><p dir=\"ltr\" style=\"line-height: 1.38;text-indent: 36pt;text-align: justify;margin-top: 0pt;margin-bottom: 0pt\"><span style=\"font-size: 12pt;font-family: Arial,sans-serif;color: #000000;background-color: transparent;font-weight: 400;font-style: normal;font-variant: normal;text-decoration: none;vertical-align: baseline\">A programa\u00e7\u00e3o da COP UFSM 2025 segue at\u00e9 o dia 19 de novembro, com atividades que incluem pain\u00e9is, oficinas, mesas-redondas e mostras cient\u00edficas nos campi da institui\u00e7\u00e3o. As a\u00e7\u00f5es buscam promover o di\u00e1logo entre a produ\u00e7\u00e3o cient\u00edfica e as pr\u00e1ticas comunit\u00e1rias, refor\u00e7ando o compromisso da universidade com o enfrentamento da crise clim\u00e1tica e a promo\u00e7\u00e3o da justi\u00e7a ambiental e social.<\/span><\/p><p dir=\"ltr\" style=\"line-height: 1.38;text-indent: 36pt;text-align: justify;margin-top: 0pt;margin-bottom: 0pt\"><span style=\"font-size: 12pt;font-family: Arial,sans-serif;color: #000000;background-color: transparent;font-weight: 400;font-style: normal;font-variant: normal;text-decoration: none;vertical-align: baseline\">A programa\u00e7\u00e3o completa do evento pode ser conferida no perfil do Instagram da Extens\u00e3o UFSM: <\/span><a style=\"text-decoration: none\" href=\"https:\/\/www.instagram.com\/extensaoufsm\/\"><span style=\"font-size: 12pt;font-family: Arial,sans-serif;color: #1155cc;background-color: transparent;font-weight: 400;font-style: normal;font-variant: normal;text-decoration: underline;vertical-align: baseline\">@extens\u00e3oufsm<\/span><\/a><\/p><p>\u00a0<\/p><p dir=\"ltr\" style=\"line-height: 1.656;text-align: justify;background-color: #ffffff;margin-top: 0pt;margin-bottom: 0pt\"><span style=\"font-size: 11pt;font-family: Arial,sans-serif;color: #000000;background-color: transparent;font-weight: 400;font-style: italic;font-variant: normal;text-decoration: none;vertical-align: baseline\">Texto: Gabriele Mendes, bolsista de Jornalismo da Subdivis\u00e3o de Divulga\u00e7\u00e3o e Editora\u00e7\u00e3o (PRE\/UFSM).<\/span><\/p><p dir=\"ltr\" style=\"line-height: 1.656;text-align: justify;background-color: #ffffff;margin-top: 0pt;margin-bottom: 0pt\"><span style=\"font-size: 11pt;font-family: Arial,sans-serif;color: #000000;background-color: transparent;font-weight: 400;font-style: italic;font-variant: normal;text-decoration: none;vertical-align: baseline\">Revis\u00e3o: Val\u00e9ria Luzardo, bolsista de Revis\u00e3o Textual da Subdivis\u00e3o de Divulga\u00e7\u00e3o e Editora\u00e7\u00e3o (PRE\/UFSM).<\/span><\/p><div><span style=\"font-size: 11pt;font-family: Arial,sans-serif;color: #000000;background-color: transparent;font-weight: 400;font-style: italic;font-variant: normal;text-decoration: none;vertical-align: baseline\">\u00a0<\/span><\/div>\t\t\t\t\t\t<\/div>\n\t\t\t\t<\/div>\n\t\t\t\t\t<\/div>\n\t\t<\/div>\n\t\t\t\t\t<\/div>\n\t\t<\/section>\n\t\t\t\t<\/div>\n\t\t","protected":false},"excerpt":{"rendered":"<p>Com o tema \u201cTransforma\u00e7\u00e3o Global Local\u201d, o evento teve sua abertura oficial nesta segunda-feira (9) e prop\u00f4s o di\u00e1logo entre ci\u00eancia, poder p\u00fablico e sociedade em busca de solu\u00e7\u00f5es sustent\u00e1veis.<\/p>\n","protected":false},"author":8189,"featured_media":14252,"comment_status":"closed","ping_status":"closed","sticky":false,"template":"","format":"standard","meta":{"footnotes":""},"categories":[1027,10,203,640,641,276,1,490],"tags":[],"class_list":["post-14245","post","type-post","status-publish","format-standard","has-post-thumbnail","hentry","category-cop-ufsm","category-destaques","category-eventos","category-extensao","category-extensao-extensao","category-noticias","category-sem-categoria","category-sociedade"],"acf":[],"_links":{"self":[{"href":"https:\/\/www.ufsm.br\/pro-reitorias\/pre\/wp-json\/wp\/v2\/posts\/14245","targetHints":{"allow":["GET"]}}],"collection":[{"href":"https:\/\/www.ufsm.br\/pro-reitorias\/pre\/wp-json\/wp\/v2\/posts"}],"about":[{"href":"https:\/\/www.ufsm.br\/pro-reitorias\/pre\/wp-json\/wp\/v2\/types\/post"}],"author":[{"embeddable":true,"href":"https:\/\/www.ufsm.br\/pro-reitorias\/pre\/wp-json\/wp\/v2\/users\/8189"}],"replies":[{"embeddable":true,"href":"https:\/\/www.ufsm.br\/pro-reitorias\/pre\/wp-json\/wp\/v2\/comments?post=14245"}],"version-history":[{"count":0,"href":"https:\/\/www.ufsm.br\/pro-reitorias\/pre\/wp-json\/wp\/v2\/posts\/14245\/revisions"}],"wp:featuredmedia":[{"embeddable":true,"href":"https:\/\/www.ufsm.br\/pro-reitorias\/pre\/wp-json\/wp\/v2\/media\/14252"}],"wp:attachment":[{"href":"https:\/\/www.ufsm.br\/pro-reitorias\/pre\/wp-json\/wp\/v2\/media?parent=14245"}],"wp:term":[{"taxonomy":"category","embeddable":true,"href":"https:\/\/www.ufsm.br\/pro-reitorias\/pre\/wp-json\/wp\/v2\/categories?post=14245"},{"taxonomy":"post_tag","embeddable":true,"href":"https:\/\/www.ufsm.br\/pro-reitorias\/pre\/wp-json\/wp\/v2\/tags?post=14245"}],"curies":[{"name":"wp","href":"https:\/\/api.w.org\/{rel}","templated":true}]}}