{"id":14948,"date":"2026-02-20T13:54:54","date_gmt":"2026-02-20T16:54:54","guid":{"rendered":"https:\/\/www.ufsm.br\/pro-reitorias\/pre\/?p=14948"},"modified":"2026-02-20T13:57:48","modified_gmt":"2026-02-20T16:57:48","slug":"seminario-de-integracao-da-pro-reitoria-de-extensao","status":"publish","type":"post","link":"https:\/\/www.ufsm.br\/pro-reitorias\/pre\/2026\/02\/20\/seminario-de-integracao-da-pro-reitoria-de-extensao","title":{"rendered":"Semin\u00e1rio de Integra\u00e7\u00e3o da Pr\u00f3-Reitoria de Extens\u00e3o"},"content":{"rendered":"\t\t<div data-elementor-type=\"wp-post\" data-elementor-id=\"14948\" class=\"elementor elementor-14948\">\n\t\t\t\t\t\t<section class=\"elementor-section elementor-top-section elementor-element elementor-element-52a0647e elementor-section-boxed elementor-section-height-default elementor-section-height-default\" data-id=\"52a0647e\" data-element_type=\"section\">\n\t\t\t\t\t\t<div class=\"elementor-container elementor-column-gap-default\">\n\t\t\t\t\t<div class=\"elementor-column elementor-col-100 elementor-top-column elementor-element elementor-element-150262a7\" data-id=\"150262a7\" data-element_type=\"column\">\n\t\t\t<div class=\"elementor-widget-wrap elementor-element-populated\">\n\t\t\t\t\t\t<div class=\"elementor-element elementor-element-5484661c elementor-widget elementor-widget-text-editor\" data-id=\"5484661c\" data-element_type=\"widget\" data-widget_type=\"text-editor.default\">\n\t\t\t\t<div class=\"elementor-widget-container\">\n\t\t\t\t\t\t\t<!-- wp:paragraph -->\n<p>Com o objetivo de promover o reconhecimento interno, fortalecer a integra\u00e7\u00e3o entre equipes e alinhar as a\u00e7\u00f5es institucionais, no dia 12 de fevereiro a Pr\u00f3-Reitoria de Extens\u00e3o (PRE) da Universidade Federal de Santa Maria (UFSM) realizou o Semin\u00e1rio de Integra\u00e7\u00e3o da PRE. O encontro reuniu cerca de 40 servidores das diferentes coordenadorias e marcou o in\u00edcio da nova gest\u00e3o.<\/p>\n<!-- \/wp:paragraph -->\n\n<!-- wp:paragraph -->\n<p>A Pr\u00f3-Reitora de Extens\u00e3o Adjunta, Angela Righi, explica que a iniciativa surgiu da necessidade de aproximar as equipes ap\u00f3s a mudan\u00e7a de gest\u00e3o e do crescimento significativo da estrutura nos \u00faltimos anos. \u201c\u00c0s vezes as pessoas se conhecem, mas n\u00e3o se reconhecem no que fazem, nas atividades que desenvolvem. Ent\u00e3o pensamos esse momento para que todos possam se ver, entender o papel de cada setor e enxergar a pr\u00f3-reitoria como um todo\u201d, destaca.<\/p>\n<!-- \/wp:paragraph -->\n\n<!-- wp:paragraph -->\n<p>A programa\u00e7\u00e3o do primeiro semestre prev\u00ea dois momentos centrais: o Semin\u00e1rio de Integra\u00e7\u00e3o, realizado agora no in\u00edcio das atividades; e um Semin\u00e1rio de Planejamento, j\u00e1 agendado para abril.&nbsp;<\/p>\n<!-- \/wp:paragraph -->\n\n<!-- wp:paragraph -->\n<p>Na primeira etapa, cada uma das quatro coordenadorias apresentou sua equipe, suas atribui\u00e7\u00f5es e as a\u00e7\u00f5es desenvolvidas, sempre articuladas \u00e0 Pol\u00edtica de Extens\u00e3o e \u00e0s responsabilidades institucionais da pr\u00f3-reitoria. A proposta foi oferecer uma vis\u00e3o macro da extens\u00e3o universit\u00e1ria, permitindo que os servidores compreendessem como os setores organizam suas a\u00e7\u00f5es, quem s\u00e3o os respons\u00e1veis por cada atividade e como se d\u00e1 o fluxo de trabalho. \u201cTodas as nossas a\u00e7\u00f5es s\u00e3o pensadas para atender \u00e0s atribui\u00e7\u00f5es previstas na pol\u00edtica de extens\u00e3o. Ao trazer isso para o grande grupo, conseguimos visualizar melhor como cada coordenadoria contribui para o funcionamento da PRE\u201d, refor\u00e7a Angela.<\/p>\n<!-- \/wp:paragraph -->\n\n<!-- wp:paragraph -->\n<p>Para a Pr\u00f3-Reitora de Extens\u00e3o, Milena Carvalho, encontros como esse t\u00eam uma natureza muito espec\u00edfica dentro da rotina administrativa da Universidade. \u201cNa extens\u00e3o, o nosso prop\u00f3sito \u00e9 comum: a rela\u00e7\u00e3o com a sociedade, a promo\u00e7\u00e3o de transforma\u00e7\u00f5es sociais e a forma\u00e7\u00e3o humana dos estudantes. Mas somos uma pr\u00f3-reitoria espalhada geograficamente e com coordenadorias que t\u00eam naturezas distintas, como desenvolvimento regional, cultura e arte e cidadania. Muitas vezes o grupo n\u00e3o se encontra no cotidiano\u201d, explica.<\/p>\n<!-- \/wp:paragraph -->\n\n<!-- wp:paragraph -->\n<p>Milena destaca que, al\u00e9m da dispers\u00e3o f\u00edsica \u2014 com equipes atuando em diferentes espa\u00e7os, como o Planet\u00e1rio, o Centro de Conven\u00e7\u00f5es, a Antiga Reitoria e Silveira Martins \u2014, h\u00e1 tamb\u00e9m a diversidade de p\u00fablicos e projetos, o que torna ainda mais necess\u00e1rio um momento coletivo de alinhamento. \u201cQuando nos enxergamos, conseguimos identificar possibilidades de complementaridade, apoio m\u00fatuo e at\u00e9 reconhecer desafios comuns. Isso fortalece o sentimento de integra\u00e7\u00e3o, que \u00e9 o principal prop\u00f3sito\u201d, afirma.<img decoding=\"async\" class=\"x6s0dn4 x78zum5 x5yr21d xl56j7k x6ikm8r x10wlt62 x1n2onr6 xh8yej3 xhtitgo _ao3e\" src=\"https:\/\/web.whatsapp.com\/a063110f-34f0-46fa-a01a-fcfce577613d\" alt=\"\"><\/p>\n<!-- \/wp:paragraph -->\n\n<!-- wp:image {\"id\":14940,\"sizeSlug\":\"large\",\"linkDestination\":\"none\",\"align\":\"center\"} -->\n<figure class=\"wp-block-image aligncenter size-large\"><img fetchpriority=\"high\" decoding=\"async\" width=\"1200\" height=\"1200\" src=\"https:\/\/www.ufsm.br\/app\/uploads\/sites\/346\/2026\/02\/Sem-titulo-edited.jpg\" alt=\"\" class=\"wp-image-14940\" srcset=\"https:\/\/www.ufsm.br\/app\/uploads\/sites\/346\/2026\/02\/Sem-titulo-edited.jpg 1200w, https:\/\/www.ufsm.br\/app\/uploads\/sites\/346\/2026\/02\/Sem-titulo-edited-300x300.jpg 300w, https:\/\/www.ufsm.br\/app\/uploads\/sites\/346\/2026\/02\/Sem-titulo-edited-1024x1024.jpg 1024w, https:\/\/www.ufsm.br\/app\/uploads\/sites\/346\/2026\/02\/Sem-titulo-edited-150x150.jpg 150w, https:\/\/www.ufsm.br\/app\/uploads\/sites\/346\/2026\/02\/Sem-titulo-edited-768x768.jpg 768w\" sizes=\"(max-width: 1200px) 100vw, 1200px\" \/><figcaption class=\"wp-element-caption\">Abertura do semin\u00e1rio<\/figcaption><\/figure>\n<!-- \/wp:image -->\n\n<!-- wp:heading -->\n<h2 class=\"wp-block-heading\"><strong>Coordenadoria de Articula\u00e7\u00e3o e Fomento \u00e0 Extens\u00e3o<\/strong><\/h2>\n<!-- \/wp:heading -->\n\n<!-- wp:paragraph -->\n<p>A equipe da Coordenadoria de Articula\u00e7\u00e3o e Fomento \u00e0 Extens\u00e3o (CAFE) apresentou sua estrutura e suas principais frentes de atua\u00e7\u00e3o, evidenciando o papel estrat\u00e9gico que desempenha no fortalecimento das a\u00e7\u00f5es extensionistas da institui\u00e7\u00e3o.<\/p>\n<!-- \/wp:paragraph -->\n\n<!-- wp:paragraph -->\n<p>A coordenadoria \u00e9 respons\u00e1vel por gerir recursos destinados a editais e programas institucionais. Tamb\u00e9m atua no acompanhamento da curriculariza\u00e7\u00e3o da extens\u00e3o, processo obrigat\u00f3rio desde 2018, que determina a inser\u00e7\u00e3o de, no m\u00ednimo, 10% da carga hor\u00e1ria dos cursos de gradua\u00e7\u00e3o em atividades extensionistas. Desse modo, passou a acompanhar de forma mais sistem\u00e1tica como essas horas est\u00e3o sendo implementadas nos curr\u00edculos, seja por meio de disciplinas obrigat\u00f3rias, disciplinas optativas ou a\u00e7\u00f5es de extens\u00e3o vinculadas aos cursos.<\/p>\n<!-- \/wp:paragraph -->\n\n<!-- wp:paragraph -->\n<p>A equipe tamb\u00e9m foi respons\u00e1vel pela organiza\u00e7\u00e3o do F\u00f3rum de Extens\u00e3o, que, no \u00faltimo ano, realizou quatro edi\u00e7\u00f5es, reunindo aproximadamente 300 participantes apenas no Campus Sede. Os encontros promovem a troca de experi\u00eancias entre coordenadores de projetos, estudantes e representantes das comunidades atendidas, evidenciando os impactos sociais das a\u00e7\u00f5es desenvolvidas.<\/p>\n<!-- \/wp:paragraph -->\n\n<!-- wp:image {\"id\":14941,\"sizeSlug\":\"large\",\"linkDestination\":\"none\",\"align\":\"center\"} -->\n<figure class=\"wp-block-image aligncenter size-large\"><img decoding=\"async\" width=\"1024\" height=\"768\" src=\"https:\/\/www.ufsm.br\/app\/uploads\/sites\/346\/2026\/02\/Sem-titulo-1-1024x768.jpg\" alt=\"\" class=\"wp-image-14941\" srcset=\"https:\/\/www.ufsm.br\/app\/uploads\/sites\/346\/2026\/02\/Sem-titulo-1-1024x768.jpg 1024w, https:\/\/www.ufsm.br\/app\/uploads\/sites\/346\/2026\/02\/Sem-titulo-1-300x225.jpg 300w, https:\/\/www.ufsm.br\/app\/uploads\/sites\/346\/2026\/02\/Sem-titulo-1-768x576.jpg 768w, https:\/\/www.ufsm.br\/app\/uploads\/sites\/346\/2026\/02\/Sem-titulo-1-1536x1152.jpg 1536w, https:\/\/www.ufsm.br\/app\/uploads\/sites\/346\/2026\/02\/Sem-titulo-1.jpg 1600w\" sizes=\"(max-width: 1024px) 100vw, 1024px\" \/><\/figure>\n<!-- \/wp:image -->\n\n<!-- wp:heading -->\n<h2 class=\"wp-block-heading\"><strong>Coordenadoria de Cultura e Arte<\/strong><\/h2>\n<!-- \/wp:heading -->\n\n<!-- wp:paragraph -->\n<p>A Coordenadoria de Cultura e Arte (CCA) atua de forma transversal, articulando cultura, educa\u00e7\u00e3o, direitos humanos, inclus\u00e3o social e a\u00e7\u00f5es afirmativas. \u201cN\u00e3o existe atividade cultural que n\u00e3o esteja inserida na natureza extensionista\u201d, refor\u00e7ou Raquel Guerra, coordenadora da CCA.<\/p>\n<!-- \/wp:paragraph -->\n\n<!-- wp:paragraph -->\n<p><strong><em>Centro de Conven\u00e7\u00f5es e Viva o Campus<\/em><\/strong><\/p>\n<!-- \/wp:paragraph -->\n\n<!-- wp:paragraph -->\n<p>Entre os principais espa\u00e7os culturais est\u00e1 o Centro de Conven\u00e7\u00f5es da UFSM, considerado um dos maiores teatros do interior do Rio Grande do Sul. O espa\u00e7o \u00e9 frequentemente associado diretamente \u00e0 coordenadoria, j\u00e1 que \u00e9 o principal palco das a\u00e7\u00f5es culturais promovidas pela Universidade.<\/p>\n<!-- \/wp:paragraph -->\n\n<!-- wp:paragraph -->\n<p>A programa\u00e7\u00e3o do Centro \u00e9 definida por um comit\u00ea gestor que re\u00fane representantes de diferentes setores institucionais. As atividades s\u00e3o organizadas por meio do portal de agendamentos e de editais espec\u00edficos, inclusive para loca\u00e7\u00f5es externas, com recursos gerenciados pela funda\u00e7\u00e3o de apoio da Universidade. Parte desses recursos \u00e9 destinada \u00e0 manuten\u00e7\u00e3o do teatro, que exige constante investimento t\u00e9cnico e estrutural.<\/p>\n<!-- \/wp:paragraph -->\n\n<!-- wp:paragraph -->\n<p>Outro destaque \u00e9 o projeto Viva o Campus, criado em 2014. A iniciativa consolidou o Campus Sede da UFSM como um dos principais espa\u00e7os culturais da cidade de Santa Maria. Desde 2017, o projeto registra m\u00e9dia anual de p\u00fablico que gira em torno de 100 mil pessoas, mesmo considerando per\u00edodos de pandemia, reformas e adversidades clim\u00e1ticas. Somente em 2025, j\u00e1 foram realizadas sete edi\u00e7\u00f5es, reunindo mais de 100 mil participantes e oferecendo cerca de 149 atividades.<\/p>\n<!-- \/wp:paragraph -->\n\n<!-- wp:paragraph -->\n<p><strong><em>Divis\u00e3o de Museus e espa\u00e7os de mem\u00f3ria<\/em><\/strong><\/p>\n<!-- \/wp:paragraph -->\n\n<!-- wp:paragraph -->\n<p>O Museu Gama D\u2019E\u00e7a, fundado em 1913, \u00e9 um dos mais antigos do estado e possui acervo reconhecido pelo Instituto Brasileiro de Museus (Ibram). Desde 2023, o espa\u00e7o j\u00e1 recebeu mais de 40 mil visitantes, n\u00famero expressivo mesmo diante de desafios estruturais. O museu, que atualmente est\u00e1 fechado em raz\u00e3o de uma obra,  desenvolve exposi\u00e7\u00f5es tem\u00e1ticas, atividades educativas e um intenso trabalho de cataloga\u00e7\u00e3o e preserva\u00e7\u00e3o do acervo.<\/p>\n<!-- \/wp:paragraph -->\n\n<!-- wp:paragraph -->\n<p>O Laborat\u00f3rio de Arqueologia atua com pesquisa, preserva\u00e7\u00e3o e democratiza\u00e7\u00e3o do acesso ao patrim\u00f4nio arqueol\u00f3gico, promovendo exposi\u00e7\u00f5es, visitas mediadas, oficinas e publica\u00e7\u00f5es educativas.<\/p>\n<!-- \/wp:paragraph -->\n\n<!-- wp:paragraph -->\n<p><strong><em>Planet\u00e1rio e populariza\u00e7\u00e3o da ci\u00eancia<\/em><\/strong><\/p>\n<!-- \/wp:paragraph -->\n\n<!-- wp:paragraph -->\n<p>O Planet\u00e1rio da UFSM, que completa 55 anos em 2026, atende cerca de 20 mil visitantes por ano. Al\u00e9m das sess\u00f5es presenciais de c\u00fapula, realiza transmiss\u00f5es virtuais para escolas de diferentes estados brasileiros. O espa\u00e7o conta com exposi\u00e7\u00f5es permanentes, atividades de observa\u00e7\u00e3o astron\u00f4mica, oficinas e participa\u00e7\u00e3o em eventos como o Descubra UFSM.<\/p>\n<!-- \/wp:paragraph -->\n\n<!-- wp:paragraph -->\n<p>Entre as exposi\u00e7\u00f5es recentes, destacam-se iniciativas voltadas \u00e0 valoriza\u00e7\u00e3o da ci\u00eancia e da presen\u00e7a feminina na produ\u00e7\u00e3o cient\u00edfica, em di\u00e1logo com institui\u00e7\u00f5es parceiras como o Planet\u00e1rio do Rio de Janeiro.<\/p>\n<!-- \/wp:paragraph -->\n\n<!-- wp:columns -->\n<div class=\"wp-block-columns\"><!-- wp:column -->\n<div class=\"wp-block-column\"><!-- wp:image {\"id\":14942,\"sizeSlug\":\"large\",\"linkDestination\":\"none\"} -->\n<figure class=\"wp-block-image size-large\"><img decoding=\"async\" width=\"768\" height=\"1024\" src=\"https:\/\/www.ufsm.br\/app\/uploads\/sites\/346\/2026\/02\/Sem-titulo-2-768x1024.jpg\" alt=\"\" class=\"wp-image-14942\" srcset=\"https:\/\/www.ufsm.br\/app\/uploads\/sites\/346\/2026\/02\/Sem-titulo-2-768x1024.jpg 768w, https:\/\/www.ufsm.br\/app\/uploads\/sites\/346\/2026\/02\/Sem-titulo-2-225x300.jpg 225w, https:\/\/www.ufsm.br\/app\/uploads\/sites\/346\/2026\/02\/Sem-titulo-2-1152x1536.jpg 1152w, https:\/\/www.ufsm.br\/app\/uploads\/sites\/346\/2026\/02\/Sem-titulo-2.jpg 1200w\" sizes=\"(max-width: 768px) 100vw, 768px\" \/><\/figure>\n<!-- \/wp:image --><\/div>\n<!-- \/wp:column -->\n\n<!-- wp:column -->\n<div class=\"wp-block-column\"><!-- wp:image {\"id\":14943,\"sizeSlug\":\"large\",\"linkDestination\":\"none\"} -->\n<figure class=\"wp-block-image size-large\"><img loading=\"lazy\" decoding=\"async\" width=\"768\" height=\"1024\" src=\"https:\/\/www.ufsm.br\/app\/uploads\/sites\/346\/2026\/02\/Sem-titulo-3-768x1024.jpg\" alt=\"\" class=\"wp-image-14943\" srcset=\"https:\/\/www.ufsm.br\/app\/uploads\/sites\/346\/2026\/02\/Sem-titulo-3-768x1024.jpg 768w, https:\/\/www.ufsm.br\/app\/uploads\/sites\/346\/2026\/02\/Sem-titulo-3-225x300.jpg 225w, https:\/\/www.ufsm.br\/app\/uploads\/sites\/346\/2026\/02\/Sem-titulo-3-1152x1536.jpg 1152w, https:\/\/www.ufsm.br\/app\/uploads\/sites\/346\/2026\/02\/Sem-titulo-3.jpg 1200w\" sizes=\"(max-width: 768px) 100vw, 768px\" \/><\/figure>\n<!-- \/wp:image --><\/div>\n<!-- \/wp:column -->\n\n<!-- wp:column -->\n<div class=\"wp-block-column\"><!-- wp:image {\"id\":14944,\"sizeSlug\":\"large\",\"linkDestination\":\"none\"} -->\n<figure class=\"wp-block-image size-large\"><img loading=\"lazy\" decoding=\"async\" width=\"768\" height=\"1024\" src=\"https:\/\/www.ufsm.br\/app\/uploads\/sites\/346\/2026\/02\/Sem-titulo-4-768x1024.jpg\" alt=\"\" class=\"wp-image-14944\" srcset=\"https:\/\/www.ufsm.br\/app\/uploads\/sites\/346\/2026\/02\/Sem-titulo-4-768x1024.jpg 768w, https:\/\/www.ufsm.br\/app\/uploads\/sites\/346\/2026\/02\/Sem-titulo-4-225x300.jpg 225w, https:\/\/www.ufsm.br\/app\/uploads\/sites\/346\/2026\/02\/Sem-titulo-4-1152x1536.jpg 1152w, https:\/\/www.ufsm.br\/app\/uploads\/sites\/346\/2026\/02\/Sem-titulo-4.jpg 1200w\" sizes=\"(max-width: 768px) 100vw, 768px\" \/><\/figure>\n<!-- \/wp:image --><\/div>\n<!-- \/wp:column --><\/div>\n<!-- \/wp:columns -->\n\n<!-- wp:columns -->\n<div class=\"wp-block-columns\"><!-- wp:column -->\n<div class=\"wp-block-column\"><!-- wp:image {\"id\":14945,\"sizeSlug\":\"large\",\"linkDestination\":\"none\"} -->\n<figure class=\"wp-block-image size-large\"><img loading=\"lazy\" decoding=\"async\" width=\"768\" height=\"1024\" src=\"https:\/\/www.ufsm.br\/app\/uploads\/sites\/346\/2026\/02\/Sem-titulo-5-768x1024.jpg\" alt=\"\" class=\"wp-image-14945\" srcset=\"https:\/\/www.ufsm.br\/app\/uploads\/sites\/346\/2026\/02\/Sem-titulo-5-768x1024.jpg 768w, https:\/\/www.ufsm.br\/app\/uploads\/sites\/346\/2026\/02\/Sem-titulo-5-225x300.jpg 225w, https:\/\/www.ufsm.br\/app\/uploads\/sites\/346\/2026\/02\/Sem-titulo-5-1152x1536.jpg 1152w, https:\/\/www.ufsm.br\/app\/uploads\/sites\/346\/2026\/02\/Sem-titulo-5.jpg 1200w\" sizes=\"(max-width: 768px) 100vw, 768px\" \/><\/figure>\n<!-- \/wp:image --><\/div>\n<!-- \/wp:column -->\n\n<!-- wp:column -->\n<div class=\"wp-block-column\"><!-- wp:image {\"id\":14946,\"sizeSlug\":\"large\",\"linkDestination\":\"none\"} -->\n<figure class=\"wp-block-image size-large\"><img loading=\"lazy\" decoding=\"async\" width=\"768\" height=\"1024\" src=\"https:\/\/www.ufsm.br\/app\/uploads\/sites\/346\/2026\/02\/Sem-titulo-6-768x1024.jpg\" alt=\"\" class=\"wp-image-14946\" srcset=\"https:\/\/www.ufsm.br\/app\/uploads\/sites\/346\/2026\/02\/Sem-titulo-6-768x1024.jpg 768w, https:\/\/www.ufsm.br\/app\/uploads\/sites\/346\/2026\/02\/Sem-titulo-6-225x300.jpg 225w, https:\/\/www.ufsm.br\/app\/uploads\/sites\/346\/2026\/02\/Sem-titulo-6-1152x1536.jpg 1152w, https:\/\/www.ufsm.br\/app\/uploads\/sites\/346\/2026\/02\/Sem-titulo-6.jpg 1200w\" sizes=\"(max-width: 768px) 100vw, 768px\" \/><\/figure>\n<!-- \/wp:image --><\/div>\n<!-- \/wp:column -->\n\n<!-- wp:column -->\n<div class=\"wp-block-column\"><!-- wp:image {\"id\":14947,\"sizeSlug\":\"large\",\"linkDestination\":\"none\"} -->\n<figure class=\"wp-block-image size-large\"><img loading=\"lazy\" decoding=\"async\" width=\"768\" height=\"1024\" src=\"https:\/\/www.ufsm.br\/app\/uploads\/sites\/346\/2026\/02\/Sem-titulo-7-768x1024.jpg\" alt=\"\" class=\"wp-image-14947\" srcset=\"https:\/\/www.ufsm.br\/app\/uploads\/sites\/346\/2026\/02\/Sem-titulo-7-768x1024.jpg 768w, https:\/\/www.ufsm.br\/app\/uploads\/sites\/346\/2026\/02\/Sem-titulo-7-225x300.jpg 225w, https:\/\/www.ufsm.br\/app\/uploads\/sites\/346\/2026\/02\/Sem-titulo-7-1152x1536.jpg 1152w, https:\/\/www.ufsm.br\/app\/uploads\/sites\/346\/2026\/02\/Sem-titulo-7.jpg 1200w\" sizes=\"(max-width: 768px) 100vw, 768px\" \/><\/figure>\n<!-- \/wp:image --><\/div>\n<!-- \/wp:column --><\/div>\n<!-- \/wp:columns -->\n\n<!-- wp:heading -->\n<h2 class=\"wp-block-heading\"><strong>Coordenadoria de Desenvolvimento Regional<\/strong><\/h2>\n<!-- \/wp:heading -->\n\n<!-- wp:paragraph -->\n<p>A Coordenadoria de Desenvolvimento Regional (CODER), consolida-se como um dos principais bra\u00e7os institucionais na promo\u00e7\u00e3o do desenvolvimento territorial sustent\u00e1vel no Centro e Oeste do Rio Grande do Sul. Com foco na articula\u00e7\u00e3o de atores locais, no apoio a pol\u00edticas p\u00fablicas e na valoriza\u00e7\u00e3o do patrim\u00f4nio natural e cultural, a coordenadoria atua diretamente nos territ\u00f3rios dos geoparques e em munic\u00edpios parceiros.<\/p>\n<!-- \/wp:paragraph -->\n\n<!-- wp:paragraph -->\n<p><strong><em>Atua\u00e7\u00e3o nos geoparques<\/em><\/strong><\/p>\n<!-- \/wp:paragraph -->\n\n<!-- wp:paragraph -->\n<p>A principal ferramenta de trabalho da CODER \u00e9 a atua\u00e7\u00e3o territorial estruturada, especialmente nos territ\u00f3rios dos seguintes geoparques mundiais da Organiza\u00e7\u00e3o das Na\u00e7\u00f5es Unidas para a Educa\u00e7\u00e3o, a Ci\u00eancia e a Cultura (UNESCO): o Geoparque Quarta Col\u00f4nia e o Geoparque Ca\u00e7apava. O Brasil possui atualmente seis geoparques reconhecidos pela UNESCO, sendo tr\u00eas no Rio Grande do Sul.<\/p>\n<!-- \/wp:paragraph -->\n\n<!-- wp:paragraph -->\n<p>Esses territ\u00f3rios s\u00e3o reconhecidos por revelar a mem\u00f3ria geol\u00f3gica da Terra e estruturam suas a\u00e7\u00f5es em tr\u00eas pilares: educa\u00e7\u00e3o, geoturismo e desenvolvimento sustent\u00e1vel. A CODER atua no acompanhamento dos processos de certifica\u00e7\u00e3o e revalida\u00e7\u00e3o junto \u00e0 UNESCO, oferecendo suporte t\u00e9cnico, cient\u00edfico e extensionista para que os territ\u00f3rios atendam aos crit\u00e9rios internacionais.<\/p>\n<!-- \/wp:paragraph -->\n\n<!-- wp:paragraph -->\n<p>O trabalho envolve viagens constantes, reuni\u00f5es com prefeituras, secretarias de educa\u00e7\u00e3o, gestores municipais e comit\u00eas gestores dos geoparques.<\/p>\n<!-- \/wp:paragraph -->\n\n<!-- wp:paragraph -->\n<p><strong><em>Expans\u00e3o e novos espa\u00e7os<\/em><\/strong><\/p>\n<!-- \/wp:paragraph -->\n\n<!-- wp:paragraph -->\n<p>Em Silveira Martins, a CODER tamb\u00e9m coordena o Espa\u00e7o Multidisciplinar Silveira Martins. O local abriga feiras de ci\u00eancia, eventos culturais, semin\u00e1rios e a\u00e7\u00f5es interdisciplinares em parceria com a Secretaria Municipal de Educa\u00e7\u00e3o. A proposta \u00e9 ampliar a ocupa\u00e7\u00e3o do espa\u00e7o pela comunidade acad\u00eamica e regional, promovendo pertencimento e integra\u00e7\u00e3o.<\/p>\n<!-- \/wp:paragraph -->\n\n<!-- wp:paragraph -->\n<p><strong><em>Desenvolvimento que nasce da articula\u00e7\u00e3o<\/em><\/strong><\/p>\n<!-- \/wp:paragraph -->\n\n<!-- wp:paragraph -->\n<p>A CODER refor\u00e7a o papel da extens\u00e3o universit\u00e1ria como instrumento de desenvolvimento regional. A estrat\u00e9gia est\u00e1 baseada na escuta das comunidades, no direcionamento de editais a demandas espec\u00edficas e na constru\u00e7\u00e3o coletiva de solu\u00e7\u00f5es.<\/p>\n<!-- \/wp:paragraph -->\n\n<!-- wp:paragraph -->\n<p>Ao articular universidade, poder p\u00fablico e sociedade civil, a coordenadoria contribui para que os territ\u00f3rios avancem n\u00e3o apenas na certifica\u00e7\u00e3o internacional, mas na consolida\u00e7\u00e3o de redes sustent\u00e1veis de educa\u00e7\u00e3o, cultura, turismo e gera\u00e7\u00e3o de oportunidades.<\/p>\n<!-- \/wp:paragraph -->\n\n<!-- wp:columns -->\n<div class=\"wp-block-columns\"><!-- wp:column -->\n<div class=\"wp-block-column\"><!-- wp:image {\"id\":14954,\"sizeSlug\":\"large\",\"linkDestination\":\"none\"} -->\n<figure class=\"wp-block-image size-large\"><img loading=\"lazy\" decoding=\"async\" width=\"1200\" height=\"1200\" src=\"https:\/\/www.ufsm.br\/app\/uploads\/sites\/346\/2026\/02\/Sem-titulo-10-edited.jpg\" alt=\"\" class=\"wp-image-14954\" srcset=\"https:\/\/www.ufsm.br\/app\/uploads\/sites\/346\/2026\/02\/Sem-titulo-10-edited.jpg 1200w, https:\/\/www.ufsm.br\/app\/uploads\/sites\/346\/2026\/02\/Sem-titulo-10-edited-300x300.jpg 300w, https:\/\/www.ufsm.br\/app\/uploads\/sites\/346\/2026\/02\/Sem-titulo-10-edited-1024x1024.jpg 1024w, https:\/\/www.ufsm.br\/app\/uploads\/sites\/346\/2026\/02\/Sem-titulo-10-edited-150x150.jpg 150w, https:\/\/www.ufsm.br\/app\/uploads\/sites\/346\/2026\/02\/Sem-titulo-10-edited-768x768.jpg 768w\" sizes=\"(max-width: 1200px) 100vw, 1200px\" \/><\/figure>\n<!-- \/wp:image --><\/div>\n<!-- \/wp:column -->\n\n<!-- wp:column -->\n<div class=\"wp-block-column\"><!-- wp:image {\"id\":14953,\"sizeSlug\":\"large\",\"linkDestination\":\"none\"} -->\n<figure class=\"wp-block-image size-large\"><img loading=\"lazy\" decoding=\"async\" width=\"1001\" height=\"1024\" src=\"https:\/\/www.ufsm.br\/app\/uploads\/sites\/346\/2026\/02\/Sem-titulo-11-1001x1024.jpg\" alt=\"\" class=\"wp-image-14953\" srcset=\"https:\/\/www.ufsm.br\/app\/uploads\/sites\/346\/2026\/02\/Sem-titulo-11-1001x1024.jpg 1001w, https:\/\/www.ufsm.br\/app\/uploads\/sites\/346\/2026\/02\/Sem-titulo-11-293x300.jpg 293w, https:\/\/www.ufsm.br\/app\/uploads\/sites\/346\/2026\/02\/Sem-titulo-11-768x786.jpg 768w, https:\/\/www.ufsm.br\/app\/uploads\/sites\/346\/2026\/02\/Sem-titulo-11-1501x1536.jpg 1501w, https:\/\/www.ufsm.br\/app\/uploads\/sites\/346\/2026\/02\/Sem-titulo-11.jpg 1564w\" sizes=\"(max-width: 1001px) 100vw, 1001px\" \/><\/figure>\n<!-- \/wp:image --><\/div>\n<!-- \/wp:column --><\/div>\n<!-- \/wp:columns -->\n\n<!-- wp:image {\"id\":14956,\"sizeSlug\":\"large\",\"linkDestination\":\"none\",\"align\":\"center\"} -->\n<figure class=\"wp-block-image aligncenter size-large\"><img loading=\"lazy\" decoding=\"async\" width=\"1024\" height=\"596\" src=\"https:\/\/www.ufsm.br\/app\/uploads\/sites\/346\/2026\/02\/Sem-titulo-12-1024x596.jpg\" alt=\"\" class=\"wp-image-14956\" srcset=\"https:\/\/www.ufsm.br\/app\/uploads\/sites\/346\/2026\/02\/Sem-titulo-12-1024x596.jpg 1024w, https:\/\/www.ufsm.br\/app\/uploads\/sites\/346\/2026\/02\/Sem-titulo-12-300x175.jpg 300w, https:\/\/www.ufsm.br\/app\/uploads\/sites\/346\/2026\/02\/Sem-titulo-12-768x447.jpg 768w, https:\/\/www.ufsm.br\/app\/uploads\/sites\/346\/2026\/02\/Sem-titulo-12-1536x895.jpg 1536w, https:\/\/www.ufsm.br\/app\/uploads\/sites\/346\/2026\/02\/Sem-titulo-12.jpg 1600w\" sizes=\"(max-width: 1024px) 100vw, 1024px\" \/><\/figure>\n<!-- \/wp:image -->\n\n<!-- wp:tadv\/classic-paragraph \/-->\n\n<!-- wp:heading -->\n<h2 class=\"wp-block-heading\"><strong>Coordenadoria de Cidadania\u00a0<\/strong><p dir=\"ltr\" style=\"line-height:1.38;text-align: justify;margin-top:0pt;margin-bottom:12pt\" id=\"docs-internal-guid-37fcf264-7fff-e34f-1fc5-f80a5b83efc0\"><span style=\"font-size:12pt;font-family:Arial,sans-serif;color:#000000;background-color:transparent;font-weight:400;font-style:normal;font-variant:normal;text-decoration:none;vertical-align:baseline;white-space:pre;white-space:pre-wrap\"><\/span><\/p><\/h2>\n<!-- \/wp:heading -->\n\n<!-- wp:paragraph -->\n<p><span style=\"font-size:12pt;font-family:Arial,sans-serif;color:#000000;background-color:transparent;font-weight:400;font-style:normal;font-variant:normal;text-decoration:none;vertical-align:baseline;white-space:pre;white-space:pre-wrap\">A Coordenadoria de Cidadania (COCID), consolida-se como um dos principais eixos de atua\u00e7\u00e3o social da institui\u00e7\u00e3o. Com projetos voltados \u00e0 popula\u00e7\u00e3o em situa\u00e7\u00e3o de vulnerabilidade, a COCID desenvolve suas a\u00e7\u00f5es em diferentes espa\u00e7os estrat\u00e9gicos<\/span><\/p>\n<!-- \/wp:paragraph -->\n\n<!-- wp:paragraph -->\n<p>A COCID articula pol\u00edticas de direitos humanos, igualdade de g\u00eanero, rela\u00e7\u00f5es \u00e9tnico-raciais e inova\u00e7\u00e3o social sob uma mesma perspectiva: promover dignidade, acesso e perman\u00eancia.<\/p>\n<!-- \/wp:paragraph -->\n\n<!-- wp:paragraph -->\n<p>Ao integrar acolhimento institucional, forma\u00e7\u00e3o cr\u00edtica, gera\u00e7\u00e3o de renda e fortalecimento comunit\u00e1rio, a coordenadoria reafirma o papel da extens\u00e3o universit\u00e1ria como instrumento de transforma\u00e7\u00e3o social, ampliando o alcance da UFSM para al\u00e9m dos muros do campus.<\/p>\n<!-- \/wp:paragraph -->\n\n<!-- wp:paragraph -->\n<p><strong><em>Observat\u00f3rio de Direitos Humanos<\/em><\/strong><\/p>\n<!-- \/wp:paragraph -->\n\n<!-- wp:paragraph -->\n<p>O Observat\u00f3rio de Direitos Humanos (ODH) coordena cerca de 60 projetos organizados em Grupos de Trabalho, que atuam em \u00e1reas como estudos afro-brasileiros e ind\u00edgenas, seguran\u00e7a alimentar e nutricional, defici\u00eancia e acessibilidade e extens\u00e3o prisional.<\/p>\n<!-- \/wp:paragraph -->\n\n<!-- wp:paragraph -->\n<p>Entre suas atribui\u00e7\u00f5es, est\u00e3o:<\/p>\n<!-- \/wp:paragraph -->\n\n<!-- wp:list -->\n<ul class=\"wp-block-list\"><!-- wp:list-item -->\n<li>promover di\u00e1logo com a comunidade sobre direitos humanos;<\/li>\n<!-- \/wp:list-item -->\n\n<!-- wp:list-item -->\n<li>articular acordos com institui\u00e7\u00f5es escolares e sociais;<\/li>\n<!-- \/wp:list-item -->\n\n<!-- wp:list-item -->\n<li>fomentar editais e eventos voltados \u00e0 tem\u00e1tica.<\/li>\n<!-- \/wp:list-item --><\/ul>\n<!-- \/wp:list -->\n\n<!-- wp:paragraph -->\n<p>O ODH tamb\u00e9m atua na consolida\u00e7\u00e3o de parcerias com organiza\u00e7\u00f5es comunit\u00e1rias da regi\u00e3o, buscando fortalecer projetos territoriais e responder a demandas sociais concretas.<\/p>\n<!-- \/wp:paragraph -->\n\n<!-- wp:paragraph -->\n<p><em><strong>Casa Ver\u00f4nica<\/strong><\/em><\/p>\n<!-- \/wp:paragraph -->\n\n<!-- wp:paragraph -->\n<p>Criada a partir da Pol\u00edtica de Igualdade de G\u00eanero aprovada em 2021, a Casa Ver\u00f4nica \u00e9 um espa\u00e7o de acolhimento, orienta\u00e7\u00e3o e articula\u00e7\u00e3o institucional para promo\u00e7\u00e3o da igualdade de g\u00eanero e enfrentamento \u00e0s viol\u00eancias. O nome homenageia Ver\u00f4nica Oliveira, mulher trans e ativista social de Santa Maria, assassinada em 2019, reconhecida pelo trabalho comunit\u00e1rio que realizava.<\/p>\n<!-- \/wp:paragraph -->\n\n<!-- wp:paragraph -->\n<p>O servi\u00e7o oferece:<\/p>\n<!-- \/wp:paragraph -->\n\n<!-- wp:list -->\n<ul class=\"wp-block-list\"><!-- wp:list-item -->\n<li>atendimento psicol\u00f3gico e jur\u00eddico (via profissionais contratadas com recursos de emenda parlamentar);<\/li>\n<!-- \/wp:list-item -->\n\n<!-- wp:list-item -->\n<li>orienta\u00e7\u00e3o social para estudantes, servidores e terceirizados;<\/li>\n<!-- \/wp:list-item -->\n\n<!-- wp:list-item -->\n<li>a\u00e7\u00f5es educativas e grupos tem\u00e1ticos;<\/li>\n<!-- \/wp:list-item -->\n\n<!-- wp:list-item -->\n<li>capacita\u00e7\u00f5es para docentes e servidores;<\/li>\n<!-- \/wp:list-item -->\n\n<!-- wp:list-item -->\n<li>articula\u00e7\u00e3o com rede municipal de enfrentamento \u00e0 viol\u00eancia (Juizado da Viol\u00eancia Dom\u00e9stica, Minist\u00e9rio P\u00fablico e servi\u00e7os de assist\u00eancia).<\/li>\n<!-- \/wp:list-item --><\/ul>\n<!-- \/wp:list -->\n\n<!-- wp:paragraph -->\n<p>Al\u00e9m do acolhimento individual, a Casa Ver\u00f4nica desenvolve a\u00e7\u00f5es de forma\u00e7\u00e3o e campanhas institucionais, como atividades alusivas ao Dia Internacional das Mulheres e capacita\u00e7\u00f5es sobre preven\u00e7\u00e3o ao ass\u00e9dio.<\/p>\n<!-- \/wp:paragraph -->\n\n<!-- wp:paragraph -->\n<p><em><strong>N\u00facleo de Estudos Afro-Brasileiros e Ind\u00edgenas<\/strong><\/em><\/p>\n<!-- \/wp:paragraph -->\n\n<!-- wp:paragraph -->\n<p>O N\u00facleo de Estudos Afro-Brasileiros e Ind\u00edgenas (NEABI) atua na promo\u00e7\u00e3o das rela\u00e7\u00f5es \u00e9tnico-raciais dentro e fora da Universidade. Estruturado como programa de extens\u00e3o, o n\u00facleo articula a\u00e7\u00f5es com movimentos sociais, escolas e institui\u00e7\u00f5es p\u00fablicas.<\/p>\n<!-- \/wp:paragraph -->\n\n<!-- wp:paragraph -->\n<p>Entre as iniciativas desenvolvidas est\u00e3o:<\/p>\n<!-- \/wp:paragraph -->\n\n<!-- wp:list -->\n<ul class=\"wp-block-list\"><!-- wp:list-item -->\n<li>cursos de gera\u00e7\u00e3o de renda em comunidades e no sistema prisional;<\/li>\n<!-- \/wp:list-item -->\n\n<!-- wp:list-item -->\n<li>projetos de inclus\u00e3o digital em parceria com universidades de outros estados;<\/li>\n<!-- \/wp:list-item -->\n\n<!-- wp:list-item -->\n<li>Novembro Negro, com programa\u00e7\u00e3o cultural e acad\u00eamica;<\/li>\n<!-- \/wp:list-item -->\n\n<!-- wp:list-item -->\n<li>concurso liter\u00e1rio com escolas da rede p\u00fablica;<\/li>\n<!-- \/wp:list-item -->\n\n<!-- wp:list-item -->\n<li>forma\u00e7\u00e3o sobre cultura ind\u00edgena e afro-brasileira nas escolas;<\/li>\n<!-- \/wp:list-item -->\n\n<!-- wp:list-item -->\n<li>realiza\u00e7\u00e3o do Congresso Brasileiro de Pesquisadores(as) Negros(as).<\/li>\n<!-- \/wp:list-item --><\/ul>\n<!-- \/wp:list -->\n\n<!-- wp:paragraph -->\n<p>Um avan\u00e7o recente foi a aprova\u00e7\u00e3o da resolu\u00e7\u00e3o dos Not\u00f3rios Saberes, permitindo que mestres e mestras de saberes tradicionais possam atuar como docentes convidados, reconhecendo epistemologias historicamente invisibilizadas no ambiente acad\u00eamico.<\/p>\n<!-- \/wp:paragraph -->\n\n<!-- wp:paragraph -->\n<p>O NEABI tamb\u00e9m atua no acolhimento e perman\u00eancia de estudantes negros e ind\u00edgenas, oferecendo suporte acad\u00eamico e institucional.<\/p>\n<!-- \/wp:paragraph -->\n\n<!-- wp:paragraph -->\n<p><strong><em>Incubadora Social<\/em><\/strong><\/p>\n<!-- \/wp:paragraph -->\n\n<!-- wp:paragraph -->\n<p>A Incubadora Social da UFSM \u00e9 considerada a primeira incubadora p\u00fablica de inova\u00e7\u00e3o social vinculada a uma universidade federal no Brasil. Seu objetivo \u00e9 gerar trabalho, renda e impacto social por meio do fortalecimento de empreendimentos comunit\u00e1rios. Sua atua\u00e7\u00e3o \u00e9 estruturada em tr\u00eas frentes: compartilhamento, mercado e conex\u00e3o.\u00a0<\/p>\n<!-- \/wp:paragraph -->\n\n<!-- wp:paragraph -->\n<p>Atualmente, a incubadora acompanha 12 empreendimentos incubados e prepara nova chamada p\u00fablica para amplia\u00e7\u00e3o do n\u00famero de projetos atendidos. O trabalho \u00e9 realizado com apoio de bolsistas de gradua\u00e7\u00e3o e p\u00f3s-gradua\u00e7\u00e3o. Os empreendimentos apoiados atuam em \u00e1reas como economia circular, neg\u00f3cios de impacto, gera\u00e7\u00e3o de renda e sustentabilidade.<\/p>\n<!-- \/wp:paragraph -->\n\n<!-- wp:paragraph -->\n<p>O chefe da Incubadora Social, Lucas Avila, destaca o papel dela como espa\u00e7o estrat\u00e9gico de articula\u00e7\u00e3o com o ecossistema de inova\u00e7\u00e3o e impacto social de Santa Maria. \u201c\u00c9 vital estarmos aqui para que esse conjunto de a\u00e7\u00f5es possa se integrar e ganhar ainda mais for\u00e7a\u201d, pontua.<\/p>\n<!-- \/wp:paragraph -->\n\n<!-- wp:columns -->\n<div class=\"wp-block-columns\"><!-- wp:column -->\n<div class=\"wp-block-column\"><!-- wp:image {\"id\":14960,\"sizeSlug\":\"large\",\"linkDestination\":\"none\"} -->\n<figure class=\"wp-block-image size-large\"><img loading=\"lazy\" decoding=\"async\" width=\"768\" height=\"1024\" src=\"https:\/\/www.ufsm.br\/app\/uploads\/sites\/346\/2026\/02\/Sem-titulo-16-768x1024.jpg\" alt=\"\" class=\"wp-image-14960\" srcset=\"https:\/\/www.ufsm.br\/app\/uploads\/sites\/346\/2026\/02\/Sem-titulo-16-768x1024.jpg 768w, https:\/\/www.ufsm.br\/app\/uploads\/sites\/346\/2026\/02\/Sem-titulo-16-225x300.jpg 225w, https:\/\/www.ufsm.br\/app\/uploads\/sites\/346\/2026\/02\/Sem-titulo-16-1152x1536.jpg 1152w, https:\/\/www.ufsm.br\/app\/uploads\/sites\/346\/2026\/02\/Sem-titulo-16.jpg 1200w\" sizes=\"(max-width: 768px) 100vw, 768px\" \/><\/figure>\n<!-- \/wp:image --><\/div>\n<!-- \/wp:column -->\n\n<!-- wp:column -->\n<div class=\"wp-block-column\"><!-- wp:image {\"id\":14961,\"sizeSlug\":\"large\",\"linkDestination\":\"none\"} -->\n<figure class=\"wp-block-image size-large\"><img loading=\"lazy\" decoding=\"async\" width=\"768\" height=\"1024\" src=\"https:\/\/www.ufsm.br\/app\/uploads\/sites\/346\/2026\/02\/Sem-titulo-17-768x1024.jpg\" alt=\"\" class=\"wp-image-14961\" srcset=\"https:\/\/www.ufsm.br\/app\/uploads\/sites\/346\/2026\/02\/Sem-titulo-17-768x1024.jpg 768w, https:\/\/www.ufsm.br\/app\/uploads\/sites\/346\/2026\/02\/Sem-titulo-17-225x300.jpg 225w, https:\/\/www.ufsm.br\/app\/uploads\/sites\/346\/2026\/02\/Sem-titulo-17-1152x1536.jpg 1152w, https:\/\/www.ufsm.br\/app\/uploads\/sites\/346\/2026\/02\/Sem-titulo-17.jpg 1200w\" sizes=\"(max-width: 768px) 100vw, 768px\" \/><\/figure>\n<!-- \/wp:image --><\/div>\n<!-- \/wp:column --><\/div>\n<!-- \/wp:columns -->\n\n<!-- wp:image {\"id\":14962,\"sizeSlug\":\"large\",\"linkDestination\":\"none\",\"align\":\"center\"} -->\n<figure class=\"wp-block-image aligncenter size-large\"><img loading=\"lazy\" decoding=\"async\" width=\"1024\" height=\"768\" src=\"https:\/\/www.ufsm.br\/app\/uploads\/sites\/346\/2026\/02\/Sem-titulo-18-1024x768.jpg\" alt=\"\" class=\"wp-image-14962\" srcset=\"https:\/\/www.ufsm.br\/app\/uploads\/sites\/346\/2026\/02\/Sem-titulo-18-1024x768.jpg 1024w, https:\/\/www.ufsm.br\/app\/uploads\/sites\/346\/2026\/02\/Sem-titulo-18-300x225.jpg 300w, https:\/\/www.ufsm.br\/app\/uploads\/sites\/346\/2026\/02\/Sem-titulo-18-768x576.jpg 768w, https:\/\/www.ufsm.br\/app\/uploads\/sites\/346\/2026\/02\/Sem-titulo-18-1536x1152.jpg 1536w, https:\/\/www.ufsm.br\/app\/uploads\/sites\/346\/2026\/02\/Sem-titulo-18.jpg 1600w\" sizes=\"(max-width: 1024px) 100vw, 1024px\" \/><\/figure>\n<!-- \/wp:image -->\n\n<!-- wp:heading -->\n<h2 class=\"wp-block-heading\"><strong>Integra\u00e7\u00e3o e confraterniza\u00e7\u00e3o\u00a0<\/strong><\/h2>\n<!-- \/wp:heading -->\n\n<!-- wp:paragraph -->\n<p>A segunda parte do semin\u00e1rio foi dedicada a uma din\u00e2mica de integra\u00e7\u00e3o entre as coordenadorias. Ap\u00f3s um momento de confraterniza\u00e7\u00e3o, os participantes foram organizados em grupos mistos, reunindo servidores de diferentes setores. A atividade prop\u00f4s o mapeamento de inter-rela\u00e7\u00f5es e possibilidades de coopera\u00e7\u00e3o, incentivando a reflex\u00e3o sobre como uma coordenadoria pode apoiar a outra, seja no planejamento, na execu\u00e7\u00e3o ou no suporte operacional das a\u00e7\u00f5es.<\/p>\n<!-- \/wp:paragraph -->\n\n<!-- wp:paragraph -->\n<p>Para a coordenadora da CCA, Raquel Guerra, o momento tem sido produtivo e estrat\u00e9gico. \u201cAcho que est\u00e1 sendo um momento em que estamos podendo nos conhecer melhor, entender como cada setor trabalha. \u00c9 muito importante ver o trabalho que os colegas realizam, se identificar com ele e pensar poss\u00edveis parcerias com outras coordenadorias\u201d, destaca. Segundo ela, o semin\u00e1rio cumpre seu prop\u00f3sito de promover integra\u00e7\u00e3o entre as equipes.<\/p>\n<!-- \/wp:paragraph -->\n\n<!-- wp:paragraph -->\n<p>A articula\u00e7\u00e3o entre \u00e1reas tamb\u00e9m \u00e9 apontada como fundamental pelo chefe da Incubadora Social, Lucas Avila. Para ele, o encontro \u00e9 essencial para o processo de gest\u00e3o universit\u00e1ria, especialmente no campo da extens\u00e3o. \u201cEstamos falando de v\u00e1rias coordenadorias e in\u00fameros projetos sendo desenvolvidos. Esse \u00e9 o espa\u00e7o em que as equipes podem conhecer o trabalho umas das outras, verificar como \u00e9 poss\u00edvel criar conex\u00f5es e fortalecer a sinergia entre as a\u00e7\u00f5es\u201d, afirma.<\/p>\n<!-- \/wp:paragraph -->\n\n<!-- wp:paragraph -->\n<p>Avila ressalta que o semin\u00e1rio tamb\u00e9m evidencia o crescimento da extens\u00e3o na Universidade. \u201cA cada ano e a cada semestre, a extens\u00e3o vem se desenvolvendo e ampliando suas conex\u00f5es com a sociedade, com organiza\u00e7\u00f5es e com os cursos. A p\u00f3s-gradua\u00e7\u00e3o, por exemplo, hoje precisa estar conectada aos Objetivos de Desenvolvimento Sustent\u00e1vel (ODSs), da Agenda 2030\u201d, explica, referindo-se \u00e0 Organiza\u00e7\u00e3o das Na\u00e7\u00f5es Unidas (ONU) e aos compromissos globais assumidos pelas institui\u00e7\u00f5es de ensino.<\/p>\n<!-- \/wp:paragraph -->\n\n<!-- wp:paragraph -->\n<p>O semin\u00e1rio ocorre em um momento de proje\u00e7\u00e3o para 2026, ano que ser\u00e1 marcado por transi\u00e7\u00e3o de gest\u00e3o na Universidade e por novos desafios institucionais e sociais. \u201cSer\u00e1 um ano de mudan\u00e7as, com elei\u00e7\u00f5es e grandes eventos no cen\u00e1rio nacional. Precisamos estar preparados para aproveitar as oportunidades e fortalecer cada vez mais a extens\u00e3o\u201d, refor\u00e7a Avila.<\/p>\n<!-- \/wp:paragraph -->\n\n<!-- wp:columns -->\n<div class=\"wp-block-columns\"><!-- wp:column -->\n<div class=\"wp-block-column\"><!-- wp:image {\"id\":14963,\"sizeSlug\":\"large\",\"linkDestination\":\"none\"} -->\n<figure class=\"wp-block-image size-large\"><img loading=\"lazy\" decoding=\"async\" width=\"1024\" height=\"768\" src=\"https:\/\/www.ufsm.br\/app\/uploads\/sites\/346\/2026\/02\/Sem-titulo-19-1024x768.jpg\" alt=\"\" class=\"wp-image-14963\" srcset=\"https:\/\/www.ufsm.br\/app\/uploads\/sites\/346\/2026\/02\/Sem-titulo-19-1024x768.jpg 1024w, https:\/\/www.ufsm.br\/app\/uploads\/sites\/346\/2026\/02\/Sem-titulo-19-300x225.jpg 300w, https:\/\/www.ufsm.br\/app\/uploads\/sites\/346\/2026\/02\/Sem-titulo-19-768x576.jpg 768w, https:\/\/www.ufsm.br\/app\/uploads\/sites\/346\/2026\/02\/Sem-titulo-19-1536x1152.jpg 1536w, https:\/\/www.ufsm.br\/app\/uploads\/sites\/346\/2026\/02\/Sem-titulo-19.jpg 1600w\" sizes=\"(max-width: 1024px) 100vw, 1024px\" \/><\/figure>\n<!-- \/wp:image --><\/div>\n<!-- \/wp:column -->\n\n<!-- wp:column -->\n<div class=\"wp-block-column\"><!-- wp:image {\"id\":14964,\"sizeSlug\":\"large\",\"linkDestination\":\"none\"} -->\n<figure class=\"wp-block-image size-large\"><img loading=\"lazy\" decoding=\"async\" width=\"1024\" height=\"768\" src=\"https:\/\/www.ufsm.br\/app\/uploads\/sites\/346\/2026\/02\/Sem-titulo-20-1024x768.jpg\" alt=\"\" class=\"wp-image-14964\" srcset=\"https:\/\/www.ufsm.br\/app\/uploads\/sites\/346\/2026\/02\/Sem-titulo-20-1024x768.jpg 1024w, https:\/\/www.ufsm.br\/app\/uploads\/sites\/346\/2026\/02\/Sem-titulo-20-300x225.jpg 300w, https:\/\/www.ufsm.br\/app\/uploads\/sites\/346\/2026\/02\/Sem-titulo-20-768x576.jpg 768w, https:\/\/www.ufsm.br\/app\/uploads\/sites\/346\/2026\/02\/Sem-titulo-20-1536x1152.jpg 1536w, https:\/\/www.ufsm.br\/app\/uploads\/sites\/346\/2026\/02\/Sem-titulo-20.jpg 1600w\" sizes=\"(max-width: 1024px) 100vw, 1024px\" \/><\/figure>\n<!-- \/wp:image --><\/div>\n<!-- \/wp:column -->\n\n<!-- wp:column -->\n<div class=\"wp-block-column\"><!-- wp:image {\"id\":14965,\"sizeSlug\":\"large\",\"linkDestination\":\"none\"} -->\n<figure class=\"wp-block-image size-large\"><img loading=\"lazy\" decoding=\"async\" width=\"1024\" height=\"768\" src=\"https:\/\/www.ufsm.br\/app\/uploads\/sites\/346\/2026\/02\/Sem-titulo-21-1024x768.jpg\" alt=\"\" class=\"wp-image-14965\" srcset=\"https:\/\/www.ufsm.br\/app\/uploads\/sites\/346\/2026\/02\/Sem-titulo-21-1024x768.jpg 1024w, https:\/\/www.ufsm.br\/app\/uploads\/sites\/346\/2026\/02\/Sem-titulo-21-300x225.jpg 300w, https:\/\/www.ufsm.br\/app\/uploads\/sites\/346\/2026\/02\/Sem-titulo-21-768x576.jpg 768w, https:\/\/www.ufsm.br\/app\/uploads\/sites\/346\/2026\/02\/Sem-titulo-21-1536x1152.jpg 1536w, https:\/\/www.ufsm.br\/app\/uploads\/sites\/346\/2026\/02\/Sem-titulo-21.jpg 1600w\" sizes=\"(max-width: 1024px) 100vw, 1024px\" \/><\/figure>\n<!-- \/wp:image --><\/div>\n<!-- \/wp:column --><\/div>\n<!-- \/wp:columns -->\n\n<!-- wp:paragraph -->\n<p><em>Texto: Laura Severo, bolsista de jornalismo da Subdivis\u00e3o de Divulga\u00e7\u00e3o e Editora\u00e7\u00e3o (PRE\/UFSM).<\/em><\/p>\n<!-- \/wp:paragraph -->\n\n<!-- wp:paragraph -->\n<p><em>Revis\u00e3o: Catharina Viegas, revisora de textos da Subdivis\u00e3o de Divulga\u00e7\u00e3o e Editora\u00e7\u00e3o (PRE\/UFSM).<\/em><\/p>\n<!-- \/wp:paragraph -->\t\t\t\t\t\t<\/div>\n\t\t\t\t<\/div>\n\t\t\t\t\t<\/div>\n\t\t<\/div>\n\t\t\t\t\t<\/div>\n\t\t<\/section>\n\t\t\t\t<section class=\"elementor-section elementor-top-section elementor-element elementor-element-ba2fd02 elementor-section-boxed elementor-section-height-default elementor-section-height-default\" data-id=\"ba2fd02\" data-element_type=\"section\">\n\t\t\t\t\t\t<div class=\"elementor-container elementor-column-gap-default\">\n\t\t\t\t\t<div class=\"elementor-column elementor-col-50 elementor-top-column elementor-element elementor-element-1046fa5\" data-id=\"1046fa5\" data-element_type=\"column\">\n\t\t\t<div class=\"elementor-widget-wrap elementor-element-populated\">\n\t\t\t\t\t\t<div class=\"elementor-element elementor-element-d0e0931 elementor-widget elementor-widget-image\" data-id=\"d0e0931\" data-element_type=\"widget\" data-widget_type=\"image.default\">\n\t\t\t\t<div class=\"elementor-widget-container\">\n\t\t\t\t\t\t\t\t\t\t\t\t\t<img loading=\"lazy\" decoding=\"async\" width=\"1024\" height=\"1024\" src=\"https:\/\/www.ufsm.br\/app\/uploads\/sites\/346\/2020\/09\/ODS_4-1024x1024.jpg\" class=\"attachment-large size-large wp-image-4373\" alt=\"\" srcset=\"https:\/\/www.ufsm.br\/app\/uploads\/sites\/346\/2020\/09\/ODS_4-1024x1024.jpg 1024w, https:\/\/www.ufsm.br\/app\/uploads\/sites\/346\/2020\/09\/ODS_4-300x300.jpg 300w, https:\/\/www.ufsm.br\/app\/uploads\/sites\/346\/2020\/09\/ODS_4-150x150.jpg 150w, https:\/\/www.ufsm.br\/app\/uploads\/sites\/346\/2020\/09\/ODS_4-768x768.jpg 768w, https:\/\/www.ufsm.br\/app\/uploads\/sites\/346\/2020\/09\/ODS_4-1536x1536.jpg 1536w, https:\/\/www.ufsm.br\/app\/uploads\/sites\/346\/2020\/09\/ODS_4.jpg 1920w\" sizes=\"(max-width: 1024px) 100vw, 1024px\" \/>\t\t\t\t\t\t\t\t\t\t\t\t\t<\/div>\n\t\t\t\t<\/div>\n\t\t\t\t\t<\/div>\n\t\t<\/div>\n\t\t\t\t<div class=\"elementor-column elementor-col-50 elementor-top-column elementor-element elementor-element-45a0fd4\" data-id=\"45a0fd4\" data-element_type=\"column\">\n\t\t\t<div class=\"elementor-widget-wrap elementor-element-populated\">\n\t\t\t\t\t\t<div class=\"elementor-element elementor-element-ffe3e64 elementor-widget elementor-widget-image\" data-id=\"ffe3e64\" data-element_type=\"widget\" data-widget_type=\"image.default\">\n\t\t\t\t<div class=\"elementor-widget-container\">\n\t\t\t\t\t\t\t\t\t\t\t\t\t<img loading=\"lazy\" decoding=\"async\" width=\"1024\" height=\"1024\" src=\"https:\/\/www.ufsm.br\/app\/uploads\/sites\/346\/2020\/09\/ODS_17-1024x1024.jpg\" class=\"attachment-large size-large wp-image-4386\" alt=\"\" srcset=\"https:\/\/www.ufsm.br\/app\/uploads\/sites\/346\/2020\/09\/ODS_17-1024x1024.jpg 1024w, https:\/\/www.ufsm.br\/app\/uploads\/sites\/346\/2020\/09\/ODS_17-300x300.jpg 300w, https:\/\/www.ufsm.br\/app\/uploads\/sites\/346\/2020\/09\/ODS_17-150x150.jpg 150w, https:\/\/www.ufsm.br\/app\/uploads\/sites\/346\/2020\/09\/ODS_17-768x768.jpg 768w, https:\/\/www.ufsm.br\/app\/uploads\/sites\/346\/2020\/09\/ODS_17-1536x1536.jpg 1536w, https:\/\/www.ufsm.br\/app\/uploads\/sites\/346\/2020\/09\/ODS_17.jpg 1920w\" sizes=\"(max-width: 1024px) 100vw, 1024px\" \/>\t\t\t\t\t\t\t\t\t\t\t\t\t<\/div>\n\t\t\t\t<\/div>\n\t\t\t\t\t<\/div>\n\t\t<\/div>\n\t\t\t\t\t<\/div>\n\t\t<\/section>\n\t\t\t\t<\/div>\n\t\t","protected":false},"excerpt":{"rendered":"<p>A Pr\u00f3-Reitoria de Extens\u00e3o da Universidade Federal de Santa Maria (PRE\/UFSM) promoveu o Semin\u00e1rio de Integra\u00e7\u00e3o para fortalecer o trabalho entre coordenadorias.<\/p>\n","protected":false},"author":9186,"featured_media":14968,"comment_status":"closed","ping_status":"closed","sticky":false,"template":"","format":"standard","meta":{"footnotes":""},"categories":[881,701,287,288,10,832,495,492,496,493,203,640,659,835,254,276,293,310,497,694,617,1014],"tags":[318,289,88,290,364,342],"class_list":["post-14948","post","type-post","status-publish","format-standard","has-post-thumbnail","hentry","category-antiga-reitoria","category-casa-veronica","category-centro-de-convencoes","category-cultura-e-arte","category-destaques","category-dialogos-extensionistas","category-dh","category-divulgacao","category-educacao","category-empreendedorismo","category-eventos","category-extensao","category-extensao-nas-redes","category-gama-deca","category-geoparques","category-noticias","category-observatorio-de-direitos-humanos","category-planetario","category-planetario-2","category-progredir-geoparque-cacapava","category-progredir-geoparque-quarta-colonia","category-seminario-de-extensao","tag-articulacao-e-fomento-a-extensao","tag-cultura-e-arte","tag-extensao","tag-geoparque-quarta-colonia","tag-ods-04","tag-ods-17"],"acf":[],"_links":{"self":[{"href":"https:\/\/www.ufsm.br\/pro-reitorias\/pre\/wp-json\/wp\/v2\/posts\/14948","targetHints":{"allow":["GET"]}}],"collection":[{"href":"https:\/\/www.ufsm.br\/pro-reitorias\/pre\/wp-json\/wp\/v2\/posts"}],"about":[{"href":"https:\/\/www.ufsm.br\/pro-reitorias\/pre\/wp-json\/wp\/v2\/types\/post"}],"author":[{"embeddable":true,"href":"https:\/\/www.ufsm.br\/pro-reitorias\/pre\/wp-json\/wp\/v2\/users\/9186"}],"replies":[{"embeddable":true,"href":"https:\/\/www.ufsm.br\/pro-reitorias\/pre\/wp-json\/wp\/v2\/comments?post=14948"}],"version-history":[{"count":0,"href":"https:\/\/www.ufsm.br\/pro-reitorias\/pre\/wp-json\/wp\/v2\/posts\/14948\/revisions"}],"wp:featuredmedia":[{"embeddable":true,"href":"https:\/\/www.ufsm.br\/pro-reitorias\/pre\/wp-json\/wp\/v2\/media\/14968"}],"wp:attachment":[{"href":"https:\/\/www.ufsm.br\/pro-reitorias\/pre\/wp-json\/wp\/v2\/media?parent=14948"}],"wp:term":[{"taxonomy":"category","embeddable":true,"href":"https:\/\/www.ufsm.br\/pro-reitorias\/pre\/wp-json\/wp\/v2\/categories?post=14948"},{"taxonomy":"post_tag","embeddable":true,"href":"https:\/\/www.ufsm.br\/pro-reitorias\/pre\/wp-json\/wp\/v2\/tags?post=14948"}],"curies":[{"name":"wp","href":"https:\/\/api.w.org\/{rel}","templated":true}]}}