{"id":15064,"date":"2026-03-03T19:07:03","date_gmt":"2026-03-03T22:07:03","guid":{"rendered":"https:\/\/www.ufsm.br\/pro-reitorias\/pre\/?p=15064"},"modified":"2026-03-03T19:09:20","modified_gmt":"2026-03-03T22:09:20","slug":"ufsm-promove-viva-o-campus-especial-dia-das-mulheres-8","status":"publish","type":"post","link":"https:\/\/www.ufsm.br\/pro-reitorias\/pre\/2026\/03\/03\/ufsm-promove-viva-o-campus-especial-dia-das-mulheres-8","title":{"rendered":"UFSM promove Viva o Campus Especial Dia das Mulheres (8)"},"content":{"rendered":"\t\t<div data-elementor-type=\"wp-post\" data-elementor-id=\"15064\" class=\"elementor elementor-15064\">\n\t\t\t\t\t\t<section class=\"elementor-section elementor-top-section elementor-element elementor-element-7a7866bb elementor-section-boxed elementor-section-height-default elementor-section-height-default\" data-id=\"7a7866bb\" data-element_type=\"section\">\n\t\t\t\t\t\t<div class=\"elementor-container elementor-column-gap-default\">\n\t\t\t\t\t<div class=\"elementor-column elementor-col-100 elementor-top-column elementor-element elementor-element-2accade3\" data-id=\"2accade3\" data-element_type=\"column\">\n\t\t\t<div class=\"elementor-widget-wrap elementor-element-populated\">\n\t\t\t\t\t\t<div class=\"elementor-element elementor-element-59e1628b elementor-widget elementor-widget-text-editor\" data-id=\"59e1628b\" data-element_type=\"widget\" data-widget_type=\"text-editor.default\">\n\t\t\t\t<div class=\"elementor-widget-container\">\n\t\t\t\t\t\t\t<!-- wp:paragraph -->\n<p>A Universidade Federal de Santa Maria (UFSM), por meio da Coordenadoria de Cultura e Arte e do Observat\u00f3rio de Direitos Humanos, ambos ligados \u00e0 Pr\u00f3-Reitoria de Extens\u00e3o (PRE), promove, neste domingo, 8 de Mar\u00e7o, o Viva o Campus Especial Dia das Mulheres. O evento faz parte da programa\u00e7\u00e3o que ser\u00e1 realizada ao longo do m\u00eas de mar\u00e7o, pensada nesse tema t\u00e3o relevante, principalmente, nos dias de hoje. As atividades s\u00e3o abertas a toda a comunidade e acontecem das 15h \u00e0s 19h.<\/p>\n<!-- \/wp:paragraph -->\n\n<!-- wp:paragraph -->\n<p>Essa edi\u00e7\u00e3o contar\u00e1 com a presen\u00e7a dos parceiros do Viva o Campus: a Polifeira do Agricultor; o Jardim Bot\u00e2nico, a Mostra Morfo; o Projeto Arte Al\u00e9m do Of\u00edcio; o Acervo Art\u00edstico e uma programa\u00e7\u00e3o especial e repleta de atividades em parceria com a Casa Ver\u00f4nica da UFSM, juntamente com o Coletivo Editorial Ta\u00fa, Programa de Extens\u00e3o em G\u00eanero, Interseccionalidade e Direitos Humanos (GIDH\/UFSM), DTG Noel Guarany 13\u00aa Regi\u00e3o, Liga Acad\u00eamica de Sa\u00fade da Mulher (LIASM) e Incubadora Social. Ser\u00e3o oferecidas oficinas como defesa pessoal, leitura, esportes campeiros para mulheres, oficina e campeonato de truco gaud\u00e9rio, Tertafe (Tejo, Tava, Argola e ferradura), oficina de assoalho p\u00e9lvico e exerc\u00edcios para gestantes, al\u00e9m da presen\u00e7a da Feira Incubadora Social Mulheres Empreendedoras.\u00a0<\/p>\n<!-- \/wp:paragraph -->\n\n<!-- wp:paragraph -->\n<p>O Viva promete atra\u00e7\u00f5es art\u00edsticas diversificadas, passando pelo rock, m\u00fasica ga\u00facha, m\u00fasica brasileira e m\u00fasica eletr\u00f4nica, tudo por conta das apresenta\u00e7\u00f5es de mulheres potentes nas vozes e talentos da AG Rock, DTG Noel Guarany 13\u00aa Regi\u00e3o, Luiza Morais e Zara Steinbrenner.<\/p>\n<!-- \/wp:paragraph -->\n\n<!-- wp:heading -->\n<h2 class=\"wp-block-heading\"><strong>Viva o Campus\u00a0<\/strong><\/h2>\n<!-- \/wp:heading -->\n\n<!-- wp:paragraph -->\n<p>O Viva o Campus busca incentivar a participa\u00e7\u00e3o cultural e art\u00edstica da comunidade, promovendo a conscientiza\u00e7\u00e3o e o cuidado com o Meio Ambiente ao trazer a sociedade para o campus da Institui\u00e7\u00e3o. Realizado desde 2014, a a\u00e7\u00e3o tem ganhado espa\u00e7o na agenda de Santa Maria, ressaltando as habilidades e as experi\u00eancias movimentadas pela UFSM nas diversas \u00e1reas de atua\u00e7\u00e3o institucional.\u00a0<\/p>\n<!-- \/wp:paragraph -->\n\n<!-- wp:paragraph -->\n<p><strong>PROGRAMA\u00c7\u00c3O\u00a0<\/strong><\/p>\n<!-- \/wp:paragraph -->\n\n<!-- wp:paragraph -->\n<p><strong><em>PROGRAMA\u00c7\u00c3O ART\u00cdSTICA<\/em><\/strong><\/p>\n<!-- \/wp:paragraph -->\n\n<!-- wp:list -->\n<ul class=\"wp-block-list\"><!-- wp:list-item -->\n<li>15h \u00e0s 19h &#8211; Largo do Planet\u00e1rio\u00a0<\/li>\n<!-- \/wp:list-item -->\n\n<!-- wp:list-item -->\n<li>15h30 &#8211; AG Rock\u00a0<\/li>\n<!-- \/wp:list-item -->\n\n<!-- wp:list-item -->\n<li>16h30 &#8211; DTG Noel Guarany e 13\u00aa Regi\u00e3o Tradicionalista &#8211; Mirella Sydol, na gaita e Clara Pivetta, solista vocal\u00a0<\/li>\n<!-- \/wp:list-item -->\n\n<!-- wp:list-item -->\n<li>17h &#8211; Luiza Morais &#8211; M\u00fasica Brasileira\u00a0<\/li>\n<!-- \/wp:list-item -->\n\n<!-- wp:list-item -->\n<li>18h &#8211; Zara Steinbrenner: Set de m\u00fasica House, Groove Disco, M\u00fasica Eletr\u00f4nica<\/li>\n<!-- \/wp:list-item --><\/ul>\n<!-- \/wp:list -->\n\n<!-- wp:paragraph -->\n<p><strong><em>PARCEIROS FIXOS\u00a0<\/em><\/strong><\/p>\n<!-- \/wp:paragraph -->\n\n<!-- wp:list -->\n<ul class=\"wp-block-list\"><!-- wp:list-item -->\n<li><strong>POLIFEIRA DO AGRICULTOR\u00a0<\/strong><\/li>\n<!-- \/wp:list-item -->\n\n<!-- wp:list-item -->\n<li>15h \u00e0s 19h\u00a0<\/li>\n<!-- \/wp:list-item -->\n\n<!-- wp:list-item -->\n<li>Largo do Planet\u00e1rio\u00a0<\/li>\n<!-- \/wp:list-item --><\/ul>\n<!-- \/wp:list -->\n\n<!-- wp:list -->\n<ul class=\"wp-block-list\"><!-- wp:list-item -->\n<li><strong>JARDIM BOT\u00c2NICO\u00a0<\/strong><\/li>\n<!-- \/wp:list-item -->\n\n<!-- wp:list-item -->\n<li>15h \u00e0s 19h\u00a0<\/li>\n<!-- \/wp:list-item -->\n\n<!-- wp:list-item -->\n<li>16h Recep\u00e7\u00e3o e visita livre\u00a0<\/li>\n<!-- \/wp:list-item -->\n\n<!-- wp:list-item -->\n<li>17h yoga ao ar livre: Equil\u00edbrio e gravidade: corpo em alinhamento\u00a0<\/li>\n<!-- \/wp:list-item -->\n\n<!-- wp:list-item -->\n<li>18h30 Palestra: mulheres pioneiras na Astronomia\u00a0<\/li>\n<!-- \/wp:list-item -->\n\n<!-- wp:list-item -->\n<li>19h oficina de observa\u00e7\u00e3o de constela\u00e7\u00f5es e medita\u00e7\u00e3o guiada\u00a0<\/li>\n<!-- \/wp:list-item --><\/ul>\n<!-- \/wp:list -->\n\n<!-- wp:list -->\n<ul class=\"wp-block-list\"><!-- wp:list-item -->\n<li><strong>ACERVO ART\u00cdSTICO<\/strong>\u00a0<\/li>\n<!-- \/wp:list-item -->\n\n<!-- wp:list-item -->\n<li>15h \u00e0s 19h\u00a0<\/li>\n<!-- \/wp:list-item -->\n\n<!-- wp:list-item -->\n<li>Exposi\u00e7\u00e3o N\u00e3o Estou L\u00e1, de Victor Hugo Cecatto\u00a0<\/li>\n<!-- \/wp:list-item -->\n\n<!-- wp:list-item -->\n<li>Arte Rupestre na Caverna Espa\u00e7o Imersivo\u00a0<\/li>\n<!-- \/wp:list-item -->\n\n<!-- wp:list-item -->\n<li>17h &#8211; Oficina Textil &#8211; Tramas Femininas (inscri\u00e7\u00f5es pr\u00e9vias via formul\u00e1rio)<\/li>\n<!-- \/wp:list-item --><\/ul>\n<!-- \/wp:list -->\n\n<!-- wp:list -->\n<ul class=\"wp-block-list\"><!-- wp:list-item -->\n<li><strong>PROJETO ARTE AL\u00c9M DO OF\u00cdCIO\u00a0<\/strong><\/li>\n<!-- \/wp:list-item -->\n\n<!-- wp:list-item -->\n<li>15h \u00e0s 19h\u00a0<\/li>\n<!-- \/wp:list-item -->\n\n<!-- wp:list-item -->\n<li>Largo do Planet\u00e1rio\u00a0<\/li>\n<!-- \/wp:list-item --><\/ul>\n<!-- \/wp:list -->\n\n<!-- wp:list -->\n<ul class=\"wp-block-list\"><!-- wp:list-item -->\n<li><strong>MOSTRA MORFO\u00a0<\/strong><\/li>\n<!-- \/wp:list-item -->\n\n<!-- wp:list-item -->\n<li>15h \u00e0s 19h\u00a0<\/li>\n<!-- \/wp:list-item -->\n\n<!-- wp:list-item -->\n<li>Pr\u00e9dio 19<\/li>\n<!-- \/wp:list-item --><\/ul>\n<!-- \/wp:list -->\n\n<!-- wp:paragraph -->\n<p><strong><em>PROGRAMA\u00c7\u00c3O ESPECIAL CASA VER\u00d4NICA<\/em><\/strong><\/p>\n<!-- \/wp:paragraph -->\n\n<!-- wp:paragraph -->\n<p><strong>Casa Ver\u00f4nica\u00a0<\/strong><\/p>\n<!-- \/wp:paragraph -->\n\n<!-- wp:list -->\n<ul class=\"wp-block-list\"><!-- wp:list-item -->\n<li> 17h \u2014 Conversa sobre o servi\u00e7o<\/li>\n<!-- \/wp:list-item -->\n\n<!-- wp:list-item -->\n<li>\u00a017h \u2014 Oficina de defesa pessoal (Bosque em frente ao planet\u00e1rio)<\/li>\n<!-- \/wp:list-item --><\/ul>\n<!-- \/wp:list -->\n\n<!-- wp:paragraph -->\n<p><strong>Coletivo Editorial Ta\u00fa<\/strong>\u00a0<\/p>\n<!-- \/wp:paragraph -->\n\n<!-- wp:list -->\n<ul class=\"wp-block-list\"><!-- wp:list-item -->\n<li>\u00a016h\u201317h \u2014 Oficina de leitura: &#8220;O Monstro n\u00e3o mora aqui (Ele escreve)&#8221; \u2014 Leitura cr\u00edtica de contos de horror contempor\u00e2neos e t\u00e9cnicas de Escrita Criativa (Bosque pr\u00f3ximo \u00e0 pracinha)\u00a0<\/li>\n<!-- \/wp:list-item --><\/ul>\n<!-- \/wp:list -->\n\n<!-- wp:paragraph -->\n<p><strong>GIDH \u2014 Mariana Selister\u00a0<\/strong><\/p>\n<!-- \/wp:paragraph -->\n\n<!-- wp:list -->\n<ul class=\"wp-block-list\"><!-- wp:list-item -->\n<li>17h\u201318h \u2014 Oficina de leitura: &#8220;Roda de Hist\u00f3rias: Mulheres Inspiradoras, de Bertha Lutz a voc\u00ea&#8221; (Bosque pr\u00f3ximo \u00e0 pracinha)\u00a0<\/li>\n<!-- \/wp:list-item --><\/ul>\n<!-- \/wp:list -->\n\n<!-- wp:paragraph -->\n<p><strong>DTG Noel Guarany (13\u00aa Regi\u00e3o)\u00a0<\/strong><\/p>\n<!-- \/wp:paragraph -->\n\n<!-- wp:list -->\n<ul class=\"wp-block-list\"><!-- wp:list-item -->\n<li>16h\u201318h \u2014 Oficinas de esportes campeiros para mulheres\u00a0<\/li>\n<!-- \/wp:list-item -->\n\n<!-- wp:list-item -->\n<li>A partir das 16h \u2014 Oficina e campeonato de Truco Gaud\u00e9rio, Peteca e Vaca Parada\u00a0<\/li>\n<!-- \/wp:list-item -->\n\n<!-- wp:list-item -->\n<li>A partir das 17h \u2014 Oficina de Tetarfe (Tejo, Tava, Argola e Ferradura)<\/li>\n<!-- \/wp:list-item --><\/ul>\n<!-- \/wp:list -->\n\n<!-- wp:paragraph -->\n<p><strong>LIASM\u00a0<\/strong><\/p>\n<!-- \/wp:paragraph -->\n\n<!-- wp:list -->\n<ul class=\"wp-block-list\"><!-- wp:list-item -->\n<li>15h \u2014 Oficina para assoalho p\u00e9lvico (Bosque em frente ao planet\u00e1rio) <\/li>\n<!-- \/wp:list-item -->\n\n<!-- wp:list-item -->\n<li> 16h \u2014 Oficina de exerc\u00edcios para gestantes (Bosque em frente ao planet\u00e1rio)\u00a0<\/li>\n<!-- \/wp:list-item --><\/ul>\n<!-- \/wp:list -->\n\n<!-- wp:paragraph -->\n<p><strong>Feira Incubadora Social\u00a0<\/strong><\/p>\n<!-- \/wp:paragraph -->\n\n<!-- wp:list -->\n<ul class=\"wp-block-list\"><!-- wp:list-item -->\n<li>Mulheres empreendedoras<\/li>\n<!-- \/wp:list-item --><\/ul>\n<!-- \/wp:list -->\n\n<!-- wp:image {\"id\":15065,\"sizeSlug\":\"large\",\"linkDestination\":\"none\",\"align\":\"center\"} -->\n<figure class=\"wp-block-image aligncenter size-large\"><img fetchpriority=\"high\" decoding=\"async\" width=\"819\" height=\"1024\" src=\"https:\/\/www.ufsm.br\/app\/uploads\/sites\/346\/2026\/03\/1-819x1024.jpg\" alt=\"\" class=\"wp-image-15065\" srcset=\"https:\/\/www.ufsm.br\/app\/uploads\/sites\/346\/2026\/03\/1-819x1024.jpg 819w, https:\/\/www.ufsm.br\/app\/uploads\/sites\/346\/2026\/03\/1-240x300.jpg 240w, https:\/\/www.ufsm.br\/app\/uploads\/sites\/346\/2026\/03\/1-768x960.jpg 768w, https:\/\/www.ufsm.br\/app\/uploads\/sites\/346\/2026\/03\/1.jpg 1080w\" sizes=\"(max-width: 819px) 100vw, 819px\" \/><figcaption class=\"wp-element-caption\">Post do evento &#8211; <a href=\"https:\/\/www.instagram.com\/p\/DVb3Gd3EfcJ\/?igsh=MThuYjgxZmRyNTM1aw==\">@extensaoufsm<\/a><\/figcaption><\/figure>\n<!-- \/wp:image -->\n\n<!-- wp:paragraph -->\n<p><em>Texto: Coordenadoria de Cultura e Arte\/Pr\u00f3-Reitoria de Extens\u00e3o<\/em><\/p>\n<!-- \/wp:paragraph -->\n\n<!-- wp:tadv\/classic-paragraph -->\n<p><\/p>\n<!-- \/wp:tadv\/classic-paragraph -->\t\t\t\t\t\t<\/div>\n\t\t\t\t<\/div>\n\t\t\t\t\t<\/div>\n\t\t<\/div>\n\t\t\t\t\t<\/div>\n\t\t<\/section>\n\t\t\t\t<section class=\"elementor-section elementor-top-section elementor-element elementor-element-bf9f0e6 elementor-section-boxed elementor-section-height-default elementor-section-height-default\" data-id=\"bf9f0e6\" data-element_type=\"section\">\n\t\t\t\t\t\t<div class=\"elementor-container elementor-column-gap-default\">\n\t\t\t\t\t<div class=\"elementor-column elementor-col-50 elementor-top-column elementor-element elementor-element-924a482\" data-id=\"924a482\" data-element_type=\"column\">\n\t\t\t<div class=\"elementor-widget-wrap elementor-element-populated\">\n\t\t\t\t\t\t<div class=\"elementor-element elementor-element-c94000b elementor-widget elementor-widget-image\" data-id=\"c94000b\" data-element_type=\"widget\" data-widget_type=\"image.default\">\n\t\t\t\t<div class=\"elementor-widget-container\">\n\t\t\t\t\t\t\t\t\t\t\t\t\t<img decoding=\"async\" width=\"1024\" height=\"1024\" src=\"https:\/\/www.ufsm.br\/app\/uploads\/sites\/346\/2020\/09\/ODS_4-1024x1024.jpg\" class=\"attachment-large size-large wp-image-4373\" alt=\"\" srcset=\"https:\/\/www.ufsm.br\/app\/uploads\/sites\/346\/2020\/09\/ODS_4-1024x1024.jpg 1024w, https:\/\/www.ufsm.br\/app\/uploads\/sites\/346\/2020\/09\/ODS_4-300x300.jpg 300w, https:\/\/www.ufsm.br\/app\/uploads\/sites\/346\/2020\/09\/ODS_4-150x150.jpg 150w, https:\/\/www.ufsm.br\/app\/uploads\/sites\/346\/2020\/09\/ODS_4-768x768.jpg 768w, https:\/\/www.ufsm.br\/app\/uploads\/sites\/346\/2020\/09\/ODS_4-1536x1536.jpg 1536w, https:\/\/www.ufsm.br\/app\/uploads\/sites\/346\/2020\/09\/ODS_4.jpg 1920w\" sizes=\"(max-width: 1024px) 100vw, 1024px\" \/>\t\t\t\t\t\t\t\t\t\t\t\t\t<\/div>\n\t\t\t\t<\/div>\n\t\t\t\t\t<\/div>\n\t\t<\/div>\n\t\t\t\t<div class=\"elementor-column elementor-col-50 elementor-top-column elementor-element elementor-element-22155c7\" data-id=\"22155c7\" data-element_type=\"column\">\n\t\t\t<div class=\"elementor-widget-wrap elementor-element-populated\">\n\t\t\t\t\t\t<div class=\"elementor-element elementor-element-c8cd883 elementor-widget elementor-widget-image\" data-id=\"c8cd883\" data-element_type=\"widget\" data-widget_type=\"image.default\">\n\t\t\t\t<div class=\"elementor-widget-container\">\n\t\t\t\t\t\t\t\t\t\t\t\t\t<img decoding=\"async\" width=\"1024\" height=\"1024\" src=\"https:\/\/www.ufsm.br\/app\/uploads\/sites\/346\/2020\/09\/ODS_17-1024x1024.jpg\" class=\"attachment-large size-large wp-image-4386\" alt=\"\" srcset=\"https:\/\/www.ufsm.br\/app\/uploads\/sites\/346\/2020\/09\/ODS_17-1024x1024.jpg 1024w, https:\/\/www.ufsm.br\/app\/uploads\/sites\/346\/2020\/09\/ODS_17-300x300.jpg 300w, https:\/\/www.ufsm.br\/app\/uploads\/sites\/346\/2020\/09\/ODS_17-150x150.jpg 150w, https:\/\/www.ufsm.br\/app\/uploads\/sites\/346\/2020\/09\/ODS_17-768x768.jpg 768w, https:\/\/www.ufsm.br\/app\/uploads\/sites\/346\/2020\/09\/ODS_17-1536x1536.jpg 1536w, https:\/\/www.ufsm.br\/app\/uploads\/sites\/346\/2020\/09\/ODS_17.jpg 1920w\" sizes=\"(max-width: 1024px) 100vw, 1024px\" \/>\t\t\t\t\t\t\t\t\t\t\t\t\t<\/div>\n\t\t\t\t<\/div>\n\t\t\t\t\t<\/div>\n\t\t<\/div>\n\t\t\t\t\t<\/div>\n\t\t<\/section>\n\t\t\t\t<\/div>\n\t\t","protected":false},"excerpt":{"rendered":"<p>Evento integra a programa\u00e7\u00e3o especial alusiva \u00e0s mulheres, ao longo do m\u00eas de mar\u00e7o, realizada pela Pr\u00f3-Reitoria de Extens\u00e3o da UFSM<\/p>\n","protected":false},"author":9186,"featured_media":15066,"comment_status":"closed","ping_status":"closed","sticky":false,"template":"","format":"standard","meta":{"footnotes":""},"categories":[701,288,10,832,492,203,640,659,468,276,497,829,1046,490,828],"tags":[289,88,364,342],"class_list":["post-15064","post","type-post","status-publish","format-standard","has-post-thumbnail","hentry","category-casa-veronica","category-cultura-e-arte","category-destaques","category-dialogos-extensionistas","category-divulgacao","category-eventos","category-extensao","category-extensao-nas-redes","category-incubadora-social","category-noticias","category-planetario-2","category-polifeira-do-agricultor","category-projetos","category-sociedade","category-viva-o-campus","tag-cultura-e-arte","tag-extensao","tag-ods-04","tag-ods-17"],"acf":[],"_links":{"self":[{"href":"https:\/\/www.ufsm.br\/pro-reitorias\/pre\/wp-json\/wp\/v2\/posts\/15064","targetHints":{"allow":["GET"]}}],"collection":[{"href":"https:\/\/www.ufsm.br\/pro-reitorias\/pre\/wp-json\/wp\/v2\/posts"}],"about":[{"href":"https:\/\/www.ufsm.br\/pro-reitorias\/pre\/wp-json\/wp\/v2\/types\/post"}],"author":[{"embeddable":true,"href":"https:\/\/www.ufsm.br\/pro-reitorias\/pre\/wp-json\/wp\/v2\/users\/9186"}],"replies":[{"embeddable":true,"href":"https:\/\/www.ufsm.br\/pro-reitorias\/pre\/wp-json\/wp\/v2\/comments?post=15064"}],"version-history":[{"count":0,"href":"https:\/\/www.ufsm.br\/pro-reitorias\/pre\/wp-json\/wp\/v2\/posts\/15064\/revisions"}],"wp:featuredmedia":[{"embeddable":true,"href":"https:\/\/www.ufsm.br\/pro-reitorias\/pre\/wp-json\/wp\/v2\/media\/15066"}],"wp:attachment":[{"href":"https:\/\/www.ufsm.br\/pro-reitorias\/pre\/wp-json\/wp\/v2\/media?parent=15064"}],"wp:term":[{"taxonomy":"category","embeddable":true,"href":"https:\/\/www.ufsm.br\/pro-reitorias\/pre\/wp-json\/wp\/v2\/categories?post=15064"},{"taxonomy":"post_tag","embeddable":true,"href":"https:\/\/www.ufsm.br\/pro-reitorias\/pre\/wp-json\/wp\/v2\/tags?post=15064"}],"curies":[{"name":"wp","href":"https:\/\/api.w.org\/{rel}","templated":true}]}}