{"id":15070,"date":"2026-03-04T21:19:44","date_gmt":"2026-03-05T00:19:44","guid":{"rendered":"https:\/\/www.ufsm.br\/pro-reitorias\/pre\/?p=15070"},"modified":"2026-03-04T21:21:30","modified_gmt":"2026-03-05T00:21:30","slug":"complexo-multicultural-antiga-reitoria-promove-dia-d-para-apresentar-projetos-a-comunidade","status":"publish","type":"post","link":"https:\/\/www.ufsm.br\/pro-reitorias\/pre\/2026\/03\/04\/complexo-multicultural-antiga-reitoria-promove-dia-d-para-apresentar-projetos-a-comunidade","title":{"rendered":"Complexo Multicultural Antiga Reitoria promove \u201cDia D\u201d para apresentar projetos \u00e0 comunidade"},"content":{"rendered":"\t\t<div data-elementor-type=\"wp-post\" data-elementor-id=\"15070\" class=\"elementor elementor-15070\">\n\t\t\t\t\t\t<section class=\"elementor-section elementor-top-section elementor-element elementor-element-550dc06 elementor-section-boxed elementor-section-height-default elementor-section-height-default\" data-id=\"550dc06\" data-element_type=\"section\">\n\t\t\t\t\t\t<div class=\"elementor-container elementor-column-gap-default\">\n\t\t\t\t\t<div class=\"elementor-column elementor-col-100 elementor-top-column elementor-element elementor-element-376a6fb9\" data-id=\"376a6fb9\" data-element_type=\"column\">\n\t\t\t<div class=\"elementor-widget-wrap elementor-element-populated\">\n\t\t\t\t\t\t<div class=\"elementor-element elementor-element-491ada62 elementor-widget elementor-widget-text-editor\" data-id=\"491ada62\" data-element_type=\"widget\" data-widget_type=\"text-editor.default\">\n\t\t\t\t<div class=\"elementor-widget-container\">\n\t\t\t\t\t\t\t<!-- wp:paragraph -->\n<p>O Complexo Multicultural Antiga Reitoria (CMAR) realizar\u00e1 neste s\u00e1bado (7), das 10h \u00e0s 13h, o evento \u201cDia D: dia de conhecer a Antiga Reitoria\u201d. A iniciativa marca o in\u00edcio das atividades do primeiro semestre letivo e tem como objetivo apresentar \u00e0 comunidade os projetos que atuam no espa\u00e7o.<\/p>\n<!-- \/wp:paragraph -->\n\n<!-- wp:paragraph -->\n<p>Localizado na Rua Floriano Peixoto, 1184, o complexo abrir\u00e1 as portas para receber visitantes interessados em conhecer as a\u00e7\u00f5es culturais, art\u00edsticas e educativas desenvolvidas no local. A entrada \u00e9 gratuita.<\/p>\n<!-- \/wp:paragraph -->\n\n<!-- wp:paragraph -->\n<p>A programa\u00e7\u00e3o foi pensada para integrar informa\u00e7\u00e3o e celebra\u00e7\u00e3o, em clima de carnaval. Est\u00e3o previstas apresenta\u00e7\u00f5es art\u00edsticas e culturais, al\u00e9m de exposi\u00e7\u00f5es dos projetos, espa\u00e7o para inscri\u00e7\u00f5es de interessados, realiza\u00e7\u00e3o de brech\u00f3 e uma oficina de colar havaiano com material recicl\u00e1vel.<\/p>\n<!-- \/wp:paragraph -->\n\n<!-- wp:paragraph -->\n<p>O evento \u00e9 aberto ao p\u00fablico e busca ampliar o di\u00e1logo com a comunidade, fortalecendo a participa\u00e7\u00e3o nos projetos desenvolvidos ao longo do semestre. A proposta tamb\u00e9m \u00e9 apresentar o espa\u00e7o para quem ainda n\u00e3o conhece a Antiga Reitoria e incentivar a ocupa\u00e7\u00e3o cultural do centro da cidade.<\/p>\n<!-- \/wp:paragraph -->\n\n<!-- wp:image {\"id\":15072,\"sizeSlug\":\"large\",\"linkDestination\":\"none\",\"align\":\"center\"} -->\n<figure class=\"wp-block-image aligncenter size-large\"><img fetchpriority=\"high\" decoding=\"async\" width=\"819\" height=\"1024\" src=\"https:\/\/www.ufsm.br\/app\/uploads\/sites\/346\/2026\/03\/image-819x1024.jpeg\" alt=\"\" class=\"wp-image-15072\" srcset=\"https:\/\/www.ufsm.br\/app\/uploads\/sites\/346\/2026\/03\/image-819x1024.jpeg 819w, https:\/\/www.ufsm.br\/app\/uploads\/sites\/346\/2026\/03\/image-240x300.jpeg 240w, https:\/\/www.ufsm.br\/app\/uploads\/sites\/346\/2026\/03\/image-768x960.jpeg 768w, https:\/\/www.ufsm.br\/app\/uploads\/sites\/346\/2026\/03\/image.jpeg 1080w\" sizes=\"(max-width: 819px) 100vw, 819px\" \/><\/figure>\n<!-- \/wp:image -->\n\n<!-- wp:paragraph -->\n<p><em>Texto: Laura Severo, bolsista de jornalismo da Subdivis\u00e3o de Divulga\u00e7\u00e3o e Editora\u00e7\u00e3o (PRE\/UFSM).<\/em><\/p>\n<!-- \/wp:paragraph -->\t\t\t\t\t\t<\/div>\n\t\t\t\t<\/div>\n\t\t\t\t\t<\/div>\n\t\t<\/div>\n\t\t\t\t\t<\/div>\n\t\t<\/section>\n\t\t\t\t<section class=\"elementor-section elementor-top-section elementor-element elementor-element-9643fa4 elementor-section-boxed elementor-section-height-default elementor-section-height-default\" data-id=\"9643fa4\" data-element_type=\"section\">\n\t\t\t\t\t\t<div class=\"elementor-container elementor-column-gap-default\">\n\t\t\t\t\t<div class=\"elementor-column elementor-col-50 elementor-top-column elementor-element elementor-element-6c35f98\" data-id=\"6c35f98\" data-element_type=\"column\">\n\t\t\t<div class=\"elementor-widget-wrap elementor-element-populated\">\n\t\t\t\t\t\t<div class=\"elementor-element elementor-element-c104927 elementor-widget elementor-widget-image\" data-id=\"c104927\" data-element_type=\"widget\" data-widget_type=\"image.default\">\n\t\t\t\t<div class=\"elementor-widget-container\">\n\t\t\t\t\t\t\t\t\t\t\t\t\t<img decoding=\"async\" width=\"1024\" height=\"1024\" src=\"https:\/\/www.ufsm.br\/app\/uploads\/sites\/346\/2020\/09\/ODS_4-1024x1024.jpg\" class=\"attachment-large size-large wp-image-4373\" alt=\"\" srcset=\"https:\/\/www.ufsm.br\/app\/uploads\/sites\/346\/2020\/09\/ODS_4-1024x1024.jpg 1024w, https:\/\/www.ufsm.br\/app\/uploads\/sites\/346\/2020\/09\/ODS_4-300x300.jpg 300w, https:\/\/www.ufsm.br\/app\/uploads\/sites\/346\/2020\/09\/ODS_4-150x150.jpg 150w, https:\/\/www.ufsm.br\/app\/uploads\/sites\/346\/2020\/09\/ODS_4-768x768.jpg 768w, https:\/\/www.ufsm.br\/app\/uploads\/sites\/346\/2020\/09\/ODS_4-1536x1536.jpg 1536w, https:\/\/www.ufsm.br\/app\/uploads\/sites\/346\/2020\/09\/ODS_4.jpg 1920w\" sizes=\"(max-width: 1024px) 100vw, 1024px\" \/>\t\t\t\t\t\t\t\t\t\t\t\t\t<\/div>\n\t\t\t\t<\/div>\n\t\t\t\t\t<\/div>\n\t\t<\/div>\n\t\t\t\t<div class=\"elementor-column elementor-col-50 elementor-top-column elementor-element elementor-element-176d89f\" data-id=\"176d89f\" data-element_type=\"column\">\n\t\t\t<div class=\"elementor-widget-wrap elementor-element-populated\">\n\t\t\t\t\t\t<div class=\"elementor-element elementor-element-3909e0d elementor-widget elementor-widget-image\" data-id=\"3909e0d\" data-element_type=\"widget\" data-widget_type=\"image.default\">\n\t\t\t\t<div class=\"elementor-widget-container\">\n\t\t\t\t\t\t\t\t\t\t\t\t\t<img decoding=\"async\" width=\"1024\" height=\"1024\" src=\"https:\/\/www.ufsm.br\/app\/uploads\/sites\/346\/2020\/09\/ODS_17-1024x1024.jpg\" class=\"attachment-large size-large wp-image-4386\" alt=\"\" srcset=\"https:\/\/www.ufsm.br\/app\/uploads\/sites\/346\/2020\/09\/ODS_17-1024x1024.jpg 1024w, https:\/\/www.ufsm.br\/app\/uploads\/sites\/346\/2020\/09\/ODS_17-300x300.jpg 300w, https:\/\/www.ufsm.br\/app\/uploads\/sites\/346\/2020\/09\/ODS_17-150x150.jpg 150w, https:\/\/www.ufsm.br\/app\/uploads\/sites\/346\/2020\/09\/ODS_17-768x768.jpg 768w, https:\/\/www.ufsm.br\/app\/uploads\/sites\/346\/2020\/09\/ODS_17-1536x1536.jpg 1536w, https:\/\/www.ufsm.br\/app\/uploads\/sites\/346\/2020\/09\/ODS_17.jpg 1920w\" sizes=\"(max-width: 1024px) 100vw, 1024px\" \/>\t\t\t\t\t\t\t\t\t\t\t\t\t<\/div>\n\t\t\t\t<\/div>\n\t\t\t\t\t<\/div>\n\t\t<\/div>\n\t\t\t\t\t<\/div>\n\t\t<\/section>\n\t\t\t\t<\/div>\n\t\t","protected":false},"excerpt":{"rendered":"<p>Neste s\u00e1bado, o Complexo Multicultural Antiga Reitoria (CMAR) realiza um evento para apresentar os projetos que atuam no espa\u00e7o.<\/p>\n","protected":false},"author":9186,"featured_media":15071,"comment_status":"closed","ping_status":"closed","sticky":false,"template":"","format":"standard","meta":{"footnotes":""},"categories":[881,492,203,490],"tags":[364,342],"class_list":["post-15070","post","type-post","status-publish","format-standard","has-post-thumbnail","hentry","category-antiga-reitoria","category-divulgacao","category-eventos","category-sociedade","tag-ods-04","tag-ods-17"],"acf":[],"_links":{"self":[{"href":"https:\/\/www.ufsm.br\/pro-reitorias\/pre\/wp-json\/wp\/v2\/posts\/15070","targetHints":{"allow":["GET"]}}],"collection":[{"href":"https:\/\/www.ufsm.br\/pro-reitorias\/pre\/wp-json\/wp\/v2\/posts"}],"about":[{"href":"https:\/\/www.ufsm.br\/pro-reitorias\/pre\/wp-json\/wp\/v2\/types\/post"}],"author":[{"embeddable":true,"href":"https:\/\/www.ufsm.br\/pro-reitorias\/pre\/wp-json\/wp\/v2\/users\/9186"}],"replies":[{"embeddable":true,"href":"https:\/\/www.ufsm.br\/pro-reitorias\/pre\/wp-json\/wp\/v2\/comments?post=15070"}],"version-history":[{"count":0,"href":"https:\/\/www.ufsm.br\/pro-reitorias\/pre\/wp-json\/wp\/v2\/posts\/15070\/revisions"}],"wp:featuredmedia":[{"embeddable":true,"href":"https:\/\/www.ufsm.br\/pro-reitorias\/pre\/wp-json\/wp\/v2\/media\/15071"}],"wp:attachment":[{"href":"https:\/\/www.ufsm.br\/pro-reitorias\/pre\/wp-json\/wp\/v2\/media?parent=15070"}],"wp:term":[{"taxonomy":"category","embeddable":true,"href":"https:\/\/www.ufsm.br\/pro-reitorias\/pre\/wp-json\/wp\/v2\/categories?post=15070"},{"taxonomy":"post_tag","embeddable":true,"href":"https:\/\/www.ufsm.br\/pro-reitorias\/pre\/wp-json\/wp\/v2\/tags?post=15070"}],"curies":[{"name":"wp","href":"https:\/\/api.w.org\/{rel}","templated":true}]}}