{"id":15092,"date":"2026-03-09T08:26:29","date_gmt":"2026-03-09T11:26:29","guid":{"rendered":"https:\/\/www.ufsm.br\/pro-reitorias\/pre\/?p=15092"},"modified":"2026-03-09T08:28:13","modified_gmt":"2026-03-09T11:28:13","slug":"paralelo-33-promove-cine-paralelo-com-exibicao-do-filme-o-agente-secreto","status":"publish","type":"post","link":"https:\/\/www.ufsm.br\/pro-reitorias\/pre\/2026\/03\/09\/paralelo-33-promove-cine-paralelo-com-exibicao-do-filme-o-agente-secreto","title":{"rendered":"Paralelo 33 promove Cine Paralelo com exibi\u00e7\u00e3o do filme O Agente Secreto"},"content":{"rendered":"\t\t<div data-elementor-type=\"wp-post\" data-elementor-id=\"15092\" class=\"elementor elementor-15092\">\n\t\t\t\t\t\t<section class=\"elementor-section elementor-top-section elementor-element elementor-element-22b358fc elementor-section-boxed elementor-section-height-default elementor-section-height-default\" data-id=\"22b358fc\" data-element_type=\"section\">\n\t\t\t\t\t\t<div class=\"elementor-container elementor-column-gap-default\">\n\t\t\t\t\t<div class=\"elementor-column elementor-col-100 elementor-top-column elementor-element elementor-element-6b5f9b0d\" data-id=\"6b5f9b0d\" data-element_type=\"column\">\n\t\t\t<div class=\"elementor-widget-wrap elementor-element-populated\">\n\t\t\t\t\t\t<div class=\"elementor-element elementor-element-7948471c elementor-widget elementor-widget-text-editor\" data-id=\"7948471c\" data-element_type=\"widget\" data-widget_type=\"text-editor.default\">\n\t\t\t\t<div class=\"elementor-widget-container\">\n\t\t\t\t\t\t\t<!-- wp:paragraph -->\n<p>O projeto de extens\u00e3o Paralelo 33, vinculado ao curso de Rela\u00e7\u00f5es Internacionais da Universidade Federal de Santa Maria (UFSM), promove no dia 9 de mar\u00e7o mais uma edi\u00e7\u00e3o do Cine Paralelo, iniciativa que busca aproximar o p\u00fablico universit\u00e1rio e a comunidade de debates sociopol\u00edticos a partir do cinema. O evento ocorre a partir das 18h, no audit\u00f3rio do CAED, no campus da universidade.<\/p>\n<!-- \/wp:paragraph -->\n\n<!-- wp:paragraph -->\n<p>Nesta edi\u00e7\u00e3o, ser\u00e1 exibido o filme brasileiro <em>O Agente Secreto<\/em>, dirigido por Kleber Mendon\u00e7a Filho e estrelado por Wagner Moura. Ambientado em 1977, durante o per\u00edodo da ditadura militar brasileira, o longa aborda temas como vigil\u00e2ncia estatal, mem\u00f3ria hist\u00f3rica, repress\u00e3o pol\u00edtica e as formas de resist\u00eancia constru\u00eddas em contextos autorit\u00e1rios. A narrativa se desenrola na cidade do Recife, cen\u00e1rio que evidencia as tens\u00f5es sociais e pol\u00edticas da \u00e9poca.<\/p>\n<!-- \/wp:paragraph -->\n\n<!-- wp:paragraph -->\n<p>O debate promovido ap\u00f3s a sess\u00e3o dialoga diretamente com os objetivos do Paralelo 33: fomentar uma perspectiva Sul Global nas discuss\u00f5es acad\u00eamicas e p\u00fablicas, destacando experi\u00eancias hist\u00f3ricas e pol\u00edticas da Am\u00e9rica Latina, \u00c1frica e \u00c1sia. O projeto se dedica \u00e0 produ\u00e7\u00e3o e difus\u00e3o de conte\u00fados multim\u00eddia \u2013 como podcasts, v\u00eddeos, not\u00edcias em redes sociais e eventos presenciais \u2013 com o intuito de tornar mais acess\u00edveis as reflex\u00f5es cr\u00edticas acerca das din\u00e2micas internacionais que atravessam o Sul Global.<\/p>\n<!-- \/wp:paragraph -->\n\n<!-- wp:paragraph -->\n<p>Al\u00e9m da relev\u00e2ncia tem\u00e1tica, o momento escolhido para o evento \u00e9 particularmente significativo para o cinema brasileiro. O filme <em>O Agente Secreto<\/em> est\u00e1 concorrendo ao Oscar 2026 em quatro categorias \u2013 incluindo Melhor Filme, Melhor Filme Internacional e Melhor Ator para Wagner Moura \u2013, igualando o recorde hist\u00f3rico da produ\u00e7\u00e3o <em>Cidade de Deus<\/em> como o filme brasileiro com maior n\u00famero de indica\u00e7\u00f5es em uma \u00fanica edi\u00e7\u00e3o da premia\u00e7\u00e3o.\u00a0<\/p>\n<!-- \/wp:paragraph -->\n\n<!-- wp:paragraph -->\n<p>A cerim\u00f4nia do Oscar 2026 est\u00e1 marcada para o dia 15 de mar\u00e7o, poucos dias ap\u00f3s a realiza\u00e7\u00e3o do Cine Paralelo, o que torna o evento uma oportunidade estrat\u00e9gica para discutir o impacto internacional do cinema brasileiro contempor\u00e2neo e refletir sobre como produ\u00e7\u00f5es culturais podem contribuir para revisitar e problematizar epis\u00f3dios da hist\u00f3ria nacional.<\/p>\n<!-- \/wp:paragraph -->\n\n<!-- wp:image {\"id\":15093,\"sizeSlug\":\"full\",\"linkDestination\":\"none\",\"align\":\"center\"} -->\n<figure class=\"wp-block-image aligncenter size-full\"><img fetchpriority=\"high\" decoding=\"async\" width=\"526\" height=\"654\" src=\"https:\/\/www.ufsm.br\/app\/uploads\/sites\/346\/2026\/03\/Captura-de-tela-2026-03-09-081619.jpg\" alt=\"\" class=\"wp-image-15093\" srcset=\"https:\/\/www.ufsm.br\/app\/uploads\/sites\/346\/2026\/03\/Captura-de-tela-2026-03-09-081619.jpg 526w, https:\/\/www.ufsm.br\/app\/uploads\/sites\/346\/2026\/03\/Captura-de-tela-2026-03-09-081619-241x300.jpg 241w\" sizes=\"(max-width: 526px) 100vw, 526px\" \/><figcaption class=\"wp-element-caption\">Post do evento &#8211;<a href=\"https:\/\/www.instagram.com\/p\/DVjqt7xDylQ\/\" data-type=\"link\" data-id=\"https:\/\/www.instagram.com\/p\/DVjqt7xDylQ\/\"> @paralelotrintaetres<\/a><\/figcaption><\/figure>\n<!-- \/wp:image -->\n\n<!-- wp:paragraph -->\n<p><em>Texto: Laura Severo, bolsista de jornalismo da Subdivis\u00e3o de Divulga\u00e7\u00e3o e Editora\u00e7\u00e3o (PRE\/UFSM).<\/em><br><em>Revis\u00e3o: Esther Faria, bolsista de Letras &#8211; Portugu\u00eas da Subdivis\u00e3o de Divulga\u00e7\u00e3o e Editora\u00e7\u00e3o (PRE\/UFSM)<\/em><\/p>\n<!-- \/wp:paragraph -->\t\t\t\t\t\t<\/div>\n\t\t\t\t<\/div>\n\t\t\t\t\t<\/div>\n\t\t<\/div>\n\t\t\t\t\t<\/div>\n\t\t<\/section>\n\t\t\t\t<section class=\"elementor-section elementor-top-section elementor-element elementor-element-3ee9d47 elementor-section-boxed elementor-section-height-default elementor-section-height-default\" data-id=\"3ee9d47\" data-element_type=\"section\">\n\t\t\t\t\t\t<div class=\"elementor-container elementor-column-gap-default\">\n\t\t\t\t\t<div class=\"elementor-column elementor-col-50 elementor-top-column elementor-element elementor-element-ad34f8a\" data-id=\"ad34f8a\" data-element_type=\"column\">\n\t\t\t<div class=\"elementor-widget-wrap elementor-element-populated\">\n\t\t\t\t\t\t<div class=\"elementor-element elementor-element-00f1598 elementor-widget elementor-widget-image\" data-id=\"00f1598\" data-element_type=\"widget\" data-widget_type=\"image.default\">\n\t\t\t\t<div class=\"elementor-widget-container\">\n\t\t\t\t\t\t\t\t\t\t\t\t\t<img decoding=\"async\" width=\"1024\" height=\"1024\" src=\"https:\/\/www.ufsm.br\/app\/uploads\/sites\/346\/2020\/09\/ODS_4-1024x1024.jpg\" class=\"attachment-large size-large wp-image-4373\" alt=\"\" srcset=\"https:\/\/www.ufsm.br\/app\/uploads\/sites\/346\/2020\/09\/ODS_4-1024x1024.jpg 1024w, https:\/\/www.ufsm.br\/app\/uploads\/sites\/346\/2020\/09\/ODS_4-300x300.jpg 300w, https:\/\/www.ufsm.br\/app\/uploads\/sites\/346\/2020\/09\/ODS_4-150x150.jpg 150w, https:\/\/www.ufsm.br\/app\/uploads\/sites\/346\/2020\/09\/ODS_4-768x768.jpg 768w, https:\/\/www.ufsm.br\/app\/uploads\/sites\/346\/2020\/09\/ODS_4-1536x1536.jpg 1536w, https:\/\/www.ufsm.br\/app\/uploads\/sites\/346\/2020\/09\/ODS_4.jpg 1920w\" sizes=\"(max-width: 1024px) 100vw, 1024px\" \/>\t\t\t\t\t\t\t\t\t\t\t\t\t<\/div>\n\t\t\t\t<\/div>\n\t\t\t\t\t<\/div>\n\t\t<\/div>\n\t\t\t\t<div class=\"elementor-column elementor-col-50 elementor-top-column elementor-element elementor-element-a73f29d\" data-id=\"a73f29d\" data-element_type=\"column\">\n\t\t\t<div class=\"elementor-widget-wrap elementor-element-populated\">\n\t\t\t\t\t\t<div class=\"elementor-element elementor-element-fee6ced elementor-widget elementor-widget-image\" data-id=\"fee6ced\" data-element_type=\"widget\" data-widget_type=\"image.default\">\n\t\t\t\t<div class=\"elementor-widget-container\">\n\t\t\t\t\t\t\t\t\t\t\t\t\t<img decoding=\"async\" width=\"1024\" height=\"1024\" src=\"https:\/\/www.ufsm.br\/app\/uploads\/sites\/346\/2020\/09\/ODS_17-1024x1024.jpg\" class=\"attachment-large size-large wp-image-4386\" alt=\"\" srcset=\"https:\/\/www.ufsm.br\/app\/uploads\/sites\/346\/2020\/09\/ODS_17-1024x1024.jpg 1024w, https:\/\/www.ufsm.br\/app\/uploads\/sites\/346\/2020\/09\/ODS_17-300x300.jpg 300w, https:\/\/www.ufsm.br\/app\/uploads\/sites\/346\/2020\/09\/ODS_17-150x150.jpg 150w, https:\/\/www.ufsm.br\/app\/uploads\/sites\/346\/2020\/09\/ODS_17-768x768.jpg 768w, https:\/\/www.ufsm.br\/app\/uploads\/sites\/346\/2020\/09\/ODS_17-1536x1536.jpg 1536w, https:\/\/www.ufsm.br\/app\/uploads\/sites\/346\/2020\/09\/ODS_17.jpg 1920w\" sizes=\"(max-width: 1024px) 100vw, 1024px\" \/>\t\t\t\t\t\t\t\t\t\t\t\t\t<\/div>\n\t\t\t\t<\/div>\n\t\t\t\t\t<\/div>\n\t\t<\/div>\n\t\t\t\t\t<\/div>\n\t\t<\/section>\n\t\t\t\t<\/div>\n\t\t","protected":false},"excerpt":{"rendered":"<p>Cinema e debate marcam a pr\u00f3xima edi\u00e7\u00e3o do Cine Paralelo, promovida pelo projeto Paralelo 33 com a exibi\u00e7\u00e3o de O Agente Secreto.<\/p>\n","protected":false},"author":9186,"featured_media":15094,"comment_status":"closed","ping_status":"closed","sticky":false,"template":"","format":"standard","meta":{"footnotes":""},"categories":[492,203,640,276,1046],"tags":[364,342],"class_list":["post-15092","post","type-post","status-publish","format-standard","has-post-thumbnail","hentry","category-divulgacao","category-eventos","category-extensao","category-noticias","category-projetos","tag-ods-04","tag-ods-17"],"acf":[],"_links":{"self":[{"href":"https:\/\/www.ufsm.br\/pro-reitorias\/pre\/wp-json\/wp\/v2\/posts\/15092","targetHints":{"allow":["GET"]}}],"collection":[{"href":"https:\/\/www.ufsm.br\/pro-reitorias\/pre\/wp-json\/wp\/v2\/posts"}],"about":[{"href":"https:\/\/www.ufsm.br\/pro-reitorias\/pre\/wp-json\/wp\/v2\/types\/post"}],"author":[{"embeddable":true,"href":"https:\/\/www.ufsm.br\/pro-reitorias\/pre\/wp-json\/wp\/v2\/users\/9186"}],"replies":[{"embeddable":true,"href":"https:\/\/www.ufsm.br\/pro-reitorias\/pre\/wp-json\/wp\/v2\/comments?post=15092"}],"version-history":[{"count":0,"href":"https:\/\/www.ufsm.br\/pro-reitorias\/pre\/wp-json\/wp\/v2\/posts\/15092\/revisions"}],"wp:featuredmedia":[{"embeddable":true,"href":"https:\/\/www.ufsm.br\/pro-reitorias\/pre\/wp-json\/wp\/v2\/media\/15094"}],"wp:attachment":[{"href":"https:\/\/www.ufsm.br\/pro-reitorias\/pre\/wp-json\/wp\/v2\/media?parent=15092"}],"wp:term":[{"taxonomy":"category","embeddable":true,"href":"https:\/\/www.ufsm.br\/pro-reitorias\/pre\/wp-json\/wp\/v2\/categories?post=15092"},{"taxonomy":"post_tag","embeddable":true,"href":"https:\/\/www.ufsm.br\/pro-reitorias\/pre\/wp-json\/wp\/v2\/tags?post=15092"}],"curies":[{"name":"wp","href":"https:\/\/api.w.org\/{rel}","templated":true}]}}