{"id":15112,"date":"2026-03-11T09:23:26","date_gmt":"2026-03-11T12:23:26","guid":{"rendered":"https:\/\/www.ufsm.br\/pro-reitorias\/pre\/?p=15112"},"modified":"2026-04-30T15:01:46","modified_gmt":"2026-04-30T18:01:46","slug":"corede-frederico-westphalen-2026","status":"publish","type":"post","link":"https:\/\/www.ufsm.br\/pro-reitorias\/pre\/2026\/03\/11\/corede-frederico-westphalen-2026","title":{"rendered":"COREDE FREDERICO WESTPHALEN \u2013 2026"},"content":{"rendered":"\t\t<div data-elementor-type=\"wp-post\" data-elementor-id=\"15112\" class=\"elementor elementor-15112\">\n\t\t\t\t\t\t<section class=\"elementor-section elementor-top-section elementor-element elementor-element-febe614 elementor-section-boxed elementor-section-height-default elementor-section-height-default\" data-id=\"febe614\" data-element_type=\"section\">\n\t\t\t\t\t\t<div class=\"elementor-container elementor-column-gap-default\">\n\t\t\t\t\t<div class=\"elementor-column elementor-col-100 elementor-top-column elementor-element elementor-element-d37bf2d\" data-id=\"d37bf2d\" data-element_type=\"column\">\n\t\t\t<div class=\"elementor-widget-wrap elementor-element-populated\">\n\t\t\t\t\t\t<div class=\"elementor-element elementor-element-5a8eea4 elementor-widget elementor-widget-text-editor\" data-id=\"5a8eea4\" data-element_type=\"widget\" data-widget_type=\"text-editor.default\">\n\t\t\t\t<div class=\"elementor-widget-container\">\n\t\t\t\t\t\t\t<table style=\"font-size: 1rem\">\n<tbody>\n<tr>\n<td style=\"width: 9.69697%\"><strong>Projeto<\/strong><\/td>\n<td style=\"width: 7.87879%\"><strong>T\u00edtulo<\/strong><\/td>\n<td style=\"width: 20.6061%\"><strong>Coordenador(a)<\/strong><\/td>\n<td style=\"width: 10.7576%\"><strong>N\u00ba de Bolsa(s)<\/strong><\/td>\n<td style=\"width: 15.303%\"><strong>Modalidade de Bolsa(s)<\/strong><\/td>\n<td style=\"width: 11.2121%\"><strong>Curso(s)<\/strong><\/td>\n<td style=\"width: 7.87879%\"><strong>Edital<\/strong><\/td>\n<td style=\"width: 16.5152%\"><strong>Resultado(s)<\/strong><\/td>\n<\/tr>\n<tr>\n<td style=\"width: 9.69697%\">\n<p align=\"center\">065583<\/p>\n<\/td>\n<td style=\"width: 7.87879%\">Sabores que geram renda: Implanta\u00e7\u00e3o de jardins de plantas arom\u00e1ticas e condimentares em pequenas propriedades rurais<\/td>\n<td style=\"width: 20.6061%\">\n<p align=\"left\"><span style=\"color: #000000\"><span style=\"font-family: Times New Roman, serif\"><span style=\"font-size: small\">HILDA HILDEBRAND SORIANI<\/span><\/span><\/span><\/p>\n<\/td>\n<td style=\"width: 10.7576%;text-align: center\">&nbsp;1<\/td>\n<td style=\"width: 15.303%\">&nbsp;<span style=\"color: #000000;font-size: 16px\">&nbsp;<\/span><span style=\"color: #000000;font-size: 16px;text-align: center\">Gradua\u00e7\u00e3o 20h<\/span><\/td>\n<td style=\"width: 11.2121%;text-align: center\">N\u00e3o especificado<\/td>\n<td style=\"width: 7.87879%\"><a href=\"https:\/\/www.ufsm.br\/app\/uploads\/sites\/346\/2026\/04\/Selecao-de-Bolsista-Hilda.pdf\" target=\"_blank\" rel=\"noopener\">&nbsp;Edital<\/a><\/td>\n<td style=\"width: 16.5152%\"><a href=\"https:\/\/www.ufsm.br\/app\/uploads\/sites\/346\/2026\/04\/Resultado-de-Selecao-de-Bolsista-COREDE-2026-hilda.pdf\" target=\"_blank\" rel=\"noopener\">&nbsp;Resultado Final<\/a><\/td>\n<\/tr>\n<tr>\n<td style=\"width: 9.69697%\" width=\"932\" height=\"17\">\n<p align=\"center\"><span style=\"color: #0d0d0d\"><span style=\"font-family: Times New Roman, serif\"><span style=\"font-size: small\">063536<\/span><\/span><\/span><\/p>\n<\/td>\n<td style=\"width: 7.87879%\">An\u00e1lise Macrosc\u00f3pica das Condi\u00e7\u00f5es Ambientais no Curso do Rio Lajeado Pardo no Munic\u00edpio de Frederico Westphalen &#8211; RS<\/td>\n<td style=\"width: 20.6061%\" width=\"932\" height=\"18\">\n<p align=\"left\"><span style=\"color: #000000\"><span style=\"font-family: Times New Roman, serif\"><span style=\"font-size: small\">BRYAN BRUMMELHAUS DE MENEZES<\/span><\/span><\/span><\/p>\n<\/td>\n<td style=\"width: 10.7576%;text-align: center\">&nbsp;1<\/td>\n<td style=\"width: 15.303%\">&nbsp;P\u00f3s-<span style=\"color: #000000;font-size: 16px;text-align: center\">Gradua\u00e7\u00e3o 12h e 20h<\/span><\/td>\n<td style=\"width: 11.2121%;text-align: center\">N\u00e3o especificado&nbsp;<\/td>\n<td style=\"width: 7.87879%\">\n<p><a href=\"https:\/\/www.ufsm.br\/app\/uploads\/sites\/346\/2026\/04\/Edital-Selecao-de-Bolsista_projeto_063536_Bryan_assinado.pdf\" target=\"_blank\" rel=\"noopener\">&nbsp;Edital<\/a><\/p>\n<p><a href=\"https:\/\/www.ufsm.br\/app\/uploads\/sites\/346\/2026\/04\/Anexo-A-Carta-de-intencoes-modelo-1.docx\" target=\"_blank\" rel=\"noopener\">Carta de Inten\u00e7\u00e3o<\/a><\/p>\n<\/td>\n<td style=\"width: 16.5152%\"><a href=\"https:\/\/www.ufsm.br\/app\/uploads\/sites\/346\/2026\/04\/RESULTADO_-_Preliminar_assinado-bryan.pdf\" target=\"_blank\" rel=\"noopener\">&nbsp;Resultado preliminar&nbsp;<\/a><br><br><br><a href=\"https:\/\/www.ufsm.br\/app\/uploads\/sites\/346\/2026\/04\/RESULTADO_-_Final_assinado-bryan.pdf\" target=\"_blank\">Resultado Final<\/a><\/td>\n<\/tr>\n<tr>\n<td style=\"width: 9.69697%\">\n<p align=\"center\"><span style=\"color: #0d0d0d\"><span style=\"font-family: Times New Roman, serif\"><span style=\"font-size: small\">065879&nbsp;<\/span><\/span><\/span><\/p>\n<\/td>\n<td style=\"width: 7.87879%\">Cinegrafia da mem\u00f3ria musical: Interven\u00e7\u00f5es formativas e<br>culturais em Rodeio Bonito-RS e regi\u00e3o<\/td>\n<td style=\"width: 20.6061%\">\n<p align=\"left\"><span style=\"color: #000000\"><span style=\"font-family: Times New Roman, serif\"><span style=\"font-size: small\"> JOEL FELIPE ANZOLIN GUINDANI<\/span><\/span><\/span><\/p>\n<\/td>\n<td style=\"width: 10.7576%;text-align: center\">1&nbsp;<\/td>\n<td style=\"width: 15.303%\">&nbsp;<span style=\"color: #000000;font-size: 16px\">&nbsp;<\/span><span style=\"color: #000000;font-size: 16px;text-align: center\">Gradua\u00e7\u00e3o 20h<\/span><\/td>\n<td style=\"width: 11.2121%;text-align: center\">Rela\u00e7\u00f5es P\u00fablicas ou Jornalismo&nbsp;<\/td>\n<td style=\"width: 7.87879%\">&nbsp;<a href=\"https:\/\/www.ufsm.br\/app\/uploads\/sites\/346\/2026\/04\/EDITAL_BOLSA_JOEL-FELIPE-COREDE.pdf\" target=\"_blank\" rel=\"noopener\">Edital<\/a><\/td>\n<td style=\"width: 16.5152%\"><a href=\"https:\/\/www.ufsm.br\/app\/uploads\/sites\/346\/2026\/04\/DIVULGACAO-PRELIMINAR-BOLSA-PROJETO-EXTENSAO-PROF-JOEL-docx.pdf\" target=\"_blank\" rel=\"noopener\">Resultado preliminar<\/a><\/td>\n<\/tr>\n<tr>\n<td style=\"width: 9.69697%\" width=\"932\" height=\"18\">\n<p align=\"center\"><span style=\"color: #0d0d0d\"><span style=\"font-family: Times New Roman, serif\"><span style=\"font-size: small\">065890<\/span><\/span><\/span><\/p>\n<\/td>\n<td style=\"width: 7.87879%\">&nbsp;Educa\u00e7\u00e3o socioambiental: a\u00e7\u00f5es para a conscientiza\u00e7\u00e3o ambiental perante a emerg\u00eancia clim\u00e1tica<\/td>\n<td style=\"width: 20.6061%\" width=\"932\" height=\"18\">\n<p align=\"left\"><span style=\"color: #000000\"><span style=\"font-family: Times New Roman, serif\"><span style=\"font-size: small\">OSCAR AGUSTIN TORRES FIGUEREDO<\/span><\/span><\/span><\/p>\n<\/td>\n<td style=\"width: 10.7576%;text-align: center\">&nbsp;1<\/td>\n<td style=\"width: 15.303%\">&nbsp;<span style=\"color: #000000;font-size: 16px;text-align: center\">Gradua\u00e7\u00e3o 20h<\/span><\/td>\n<td style=\"width: 11.2121%;text-align: center\">N\u00e3o especificado<\/td>\n<td style=\"width: 7.87879%\"><a href=\"https:\/\/www.ufsm.br\/app\/uploads\/sites\/346\/2026\/04\/Edital-Selecao-de-Bolsista-COREDES-Prof.-Oscar-2.pdf\" target=\"_blank\" rel=\"noopener\">&nbsp;Edital<\/a><\/td>\n<td style=\"width: 16.5152%\">\n<p>&nbsp;<a href=\"https:\/\/www.ufsm.br\/app\/uploads\/sites\/346\/2026\/04\/resultado-preliminar_projeto-oscar-065890.pdf\" target=\"_blank\" rel=\"noopener\">Resultado Preliminar<\/a><\/p>\n<p><a href=\"https:\/\/www.ufsm.br\/app\/uploads\/sites\/346\/2026\/04\/resultado-final_projeto-065890.pdf\" target=\"_blank\" rel=\"noopener\">Resultado Final<\/a><\/p>\n<\/td>\n<\/tr>\n<tr>\n<td style=\"width: 9.69697%\">\n<p align=\"center\"><span style=\"color: #0d0d0d\"><span style=\"font-family: Times New Roman, serif\"><span style=\"font-size: small\">063720&nbsp;<\/span><\/span><\/span><\/p>\n<\/td>\n<td style=\"width: 7.87879%\">UFSoM-FW: estudos e experimentos em m\u00fasica, m\u00eddias e<br>tecnologias promovidos pela Universidade Federal de Santa Maria em Frederico Westphalen<\/td>\n<td style=\"width: 20.6061%\">\n<p align=\"left\"><span style=\"color: #000000\"><span style=\"font-family: Times New Roman, serif\"><span style=\"font-size: small\"> LUIS FERNANDO RABELLO BORGES<\/span><\/span><\/span><\/p>\n<\/td>\n<td style=\"width: 10.7576%;text-align: center\">1&nbsp;<\/td>\n<td style=\"width: 15.303%\">&nbsp;<span style=\"color: #000000;font-size: 16px\">&nbsp;<\/span><span style=\"color: #000000;font-size: 16px;text-align: center\">Gradua\u00e7\u00e3o 20h<\/span><\/td>\n<td style=\"width: 11.2121%;text-align: center\"><span style=\"color: #000000;font-size: 16px\">N\u00e3o especificado<\/span>&nbsp;<\/td>\n<td style=\"width: 7.87879%\">&nbsp;<a href=\"https:\/\/www.ufsm.br\/app\/uploads\/sites\/346\/2026\/04\/edital-COREDES-2026-selecao-bolsa-UFSoM-Luis-Fernando.pdf\" target=\"_blank\" rel=\"noopener\">Edital<\/a><\/td>\n<td style=\"width: 16.5152%\">&nbsp;<a href=\"https:\/\/www.ufsm.br\/app\/uploads\/sites\/346\/2026\/04\/edital-COREDES-bolsas-UFSoM-2026_-resultado.pdf\" target=\"_blank\" rel=\"noopener\">Resultado Preliminar<\/a><\/td>\n<\/tr>\n<tr>\n<td style=\"width: 9.69697%\">\n<p align=\"center\"><span style=\"font-size: small\">063814<\/span><\/p>\n<\/td>\n<td style=\"width: 7.87879%\">BrilhaBike: Transformando Pedaladas em Energia e Consci\u00eancia Ambiental<\/td>\n<td style=\"width: 20.6061%\">\n<p align=\"left\"><span style=\"color: #000000\"><span style=\"font-family: Times New Roman, serif\"><span style=\"font-size: small\">CELINA CEOLIN<\/span><\/span><\/span><\/p>\n<\/td>\n<td style=\"width: 10.7576%;text-align: center\">1&nbsp;<\/td>\n<td style=\"width: 15.303%\">&nbsp;<span style=\"color: #000000;font-size: 16px\">&nbsp;<\/span><span style=\"color: #000000;font-size: 16px;text-align: center\">Gradua\u00e7\u00e3o 20h<\/span><\/td>\n<td style=\"width: 11.2121%;text-align: center\">&nbsp;<\/td>\n<td style=\"width: 7.87879%\">\n<p>&nbsp;<a href=\"https:\/\/www.ufsm.br\/app\/uploads\/sites\/346\/2026\/04\/Edital-Selecao-de-Bolsista-BRILHABIKE_assinado.pdf\" target=\"_blank\" rel=\"noopener\">Edital<\/a><\/p>\n<p><a href=\"https:\/\/www.ufsm.br\/app\/uploads\/sites\/346\/2026\/04\/ANEXO-1-FICHA-DE-INSCRICAO.docx\" target=\"_blank\" rel=\"noopener\">Ficha de Inscri\u00e7\u00e3o<\/a><\/p>\n<\/td>\n<td style=\"width: 16.5152%\">&nbsp;<a href=\"https:\/\/www.ufsm.br\/app\/uploads\/sites\/346\/2026\/04\/Selecao-de-bolsistas-BRILHABIKE-RESULTADO_PRELIMINAR_assinado.pdf\" target=\"_blank\" rel=\"noopener\">Resultado preliminar<\/a><br><br><br><a href=\"https:\/\/www.ufsm.br\/app\/uploads\/sites\/346\/2026\/04\/Selecao-de-bolsistas-BRILHABIKE-RESULTADO_FINAL_assinado.pdf\" target=\"_blank\">Resultado Final<\/a><\/td>\n<\/tr>\n<tr>\n<td style=\"width: 9.69697%\" width=\"932\" height=\"18\">\n<p align=\"center\"><span style=\"font-size: small\">061466<\/span><\/p>\n<\/td>\n<td style=\"width: 7.87879%\">\n<div>\n<div>\n<div><span aria-labelledby=\"OutFieldTag_X3cQgerHDWorD79s_label\">A\u00c7\u00d5ES DE CONSCIENTIZA\u00c7\u00c3O AMBIENTAL COM \u00caNFASE NO GERENCIAMENTO DE RES\u00cdDUOS S\u00d3LIDOS EM MUNIC\u00cdPIOS DO M\u00c9DIO ALTO URUGUAI<\/span><\/div>\n<\/div>\n<\/div>\n<div>\n<div>&nbsp;<\/div>\n<\/div>\n<\/td>\n<td style=\"width: 20.6061%\" width=\"932\" height=\"18\">\n<p align=\"left\"><span style=\"color: #000000\"><span style=\"font-family: Times New Roman, serif\"><span style=\"font-size: small\">WILLIAN FERNANDO DE BORBA<\/span><\/span><\/span><\/p>\n<\/td>\n<td style=\"width: 10.7576%;text-align: center\">&nbsp;1<\/td>\n<td style=\"width: 15.303%\">&nbsp;<span style=\"color: #000000;font-size: 16px;text-align: center\">Gradua\u00e7\u00e3o 20h<\/span><\/td>\n<td style=\"width: 11.2121%;text-align: center\">Engenharia Ambiental<br>e Sanit\u00e1ria<\/td>\n<td style=\"width: 7.87879%\">&nbsp;<a href=\"https:\/\/www.ufsm.br\/app\/uploads\/sites\/346\/2026\/04\/Edital-COREDES.-Willian-Borba.pdf\" target=\"_blank\" rel=\"noopener\">Edital<\/a><\/td>\n<td style=\"width: 16.5152%\">\n<p>&nbsp;<a href=\"https:\/\/www.ufsm.br\/app\/uploads\/sites\/346\/2026\/04\/RESULTADO-PRELIMINAR_Willian.pdf\" target=\"_blank\" rel=\"noopener\">Resultado preliminar&nbsp;<\/a><\/p>\n<p><\/p>\n<p><a href=\"https:\/\/www.ufsm.br\/app\/uploads\/sites\/346\/2026\/04\/RESULTADO-FINAL_willian.pdf\" target=\"_blank\" rel=\"noopener\">Resultado Final<\/a><\/p>\n<\/td>\n<\/tr>\n<tr>\n<td style=\"width: 9.69697%\" width=\"932\" height=\"18\">\n<p align=\"center\"><span style=\"font-size: small\">065894<\/span><\/p>\n<\/td>\n<td style=\"width: 7.87879%\">R\u00e1dio Feira UFSM:<br>pr\u00e1tica de<br>comunica\u00e7\u00e3o<br>radiof\u00f4nica em<br>feiras e eventos<\/td>\n<td style=\"width: 20.6061%\" width=\"932\" height=\"18\">\n<p align=\"left\"><span style=\"color: #000000\"><span style=\"font-family: Times New Roman, serif\"><span style=\"font-size: small\">MIRIAN REDIN DE QUADROS<\/span><\/span><\/span><\/p>\n<\/td>\n<td style=\"width: 10.7576%;text-align: center\">&nbsp;1<\/td>\n<td style=\"width: 15.303%\">&nbsp;<span style=\"color: #000000;font-size: 16px;text-align: center\">Gradua\u00e7\u00e3o 20h<\/span><\/td>\n<td style=\"width: 11.2121%;text-align: center\">Jornalismo&nbsp;<\/td>\n<td style=\"width: 7.87879%\">&nbsp;<a href=\"https:\/\/www.ufsm.br\/app\/uploads\/sites\/346\/2026\/04\/Edital-Selecao-de-Bolsista_065894_assinado-Mirian.pdf\" target=\"_blank\" rel=\"noopener\">Edital<\/a><\/td>\n<td style=\"width: 16.5152%\"><a href=\"https:\/\/www.ufsm.br\/app\/uploads\/sites\/346\/2026\/04\/Resultado_parcial_Selecao_Bolsista_Corede_2026_-mirian-assinado.pdf\" target=\"_blank\" rel=\"noopener\">Resultado Parcial<\/a><br><br><a href=\"https:\/\/www.ufsm.br\/app\/uploads\/sites\/346\/2026\/04\/Resultado_final_Selecao_Bolsista_Corede_2026_assinado-MIRIAN.pdf\" target=\"_blank\">Resultado Final<\/a><\/td>\n<\/tr>\n<tr>\n<td style=\"width: 9.69697%\" width=\"932\" height=\"17\">\n<p align=\"center\"><span style=\"font-size: small\">057749<\/span><\/p>\n<\/td>\n<td style=\"width: 7.87879%\">&nbsp;<span style=\"color: #000000;font-family: 'Helvetica Neue', Helvetica, Arial, sans-serif;font-size: 16px\">Aproximando a UFSM\/FW de Escolas P\u00fablicas de Ensino M\u00e9dio Atrav\u00e9s da Experimenta\u00e7\u00e3o Qu\u00edmica<\/span><\/td>\n<td style=\"width: 20.6061%\" width=\"932\" height=\"17\">\n<p align=\"left\"><span style=\"color: #000000\"><span style=\"font-family: Times New Roman, serif\"><span style=\"font-size: small\">ELIANE PEREIRA DOS SANTOS<\/span><\/span><\/span><\/p>\n<\/td>\n<td style=\"width: 10.7576%;text-align: center\">&nbsp;1<\/td>\n<td style=\"width: 15.303%\">&nbsp;<span style=\"color: #000000;font-size: 16px;text-align: center\">Gradua\u00e7\u00e3o 20h<\/span><\/td>\n<td style=\"width: 11.2121%;text-align: center\">Engenharia<br>Ambiental e Sanit\u00e1ria<\/td>\n<td style=\"width: 7.87879%\"><a href=\"https:\/\/www.ufsm.br\/app\/uploads\/sites\/346\/2026\/04\/Edital_Bolsista_COREDE_2026_assinado.pdf\" target=\"_blank\" rel=\"noopener\">Edital<\/a><\/td>\n<td style=\"width: 16.5152%\"><a href=\"https:\/\/www.ufsm.br\/app\/uploads\/sites\/346\/2026\/04\/RESULTADO_COREDES_-_Preliminar_eliane-_2026_assinado.pdf\" target=\"_blank\" rel=\"noopener\">&nbsp;Resultado Preliminar<\/a><\/td>\n<\/tr>\n<\/tbody>\n<\/table>\t\t\t\t\t\t<\/div>\n\t\t\t\t<\/div>\n\t\t\t\t\t<\/div>\n\t\t<\/div>\n\t\t\t\t\t<\/div>\n\t\t<\/section>\n\t\t\t\t<\/div>\n\t\t","protected":false},"excerpt":{"rendered":"<p>Projeto T\u00edtulo Coordenador(a) N\u00ba de Bolsa(s) Modalidade de Bolsa(s) Curso(s) Edital Resultado(s) 065583 Sabores que geram renda: Implanta\u00e7\u00e3o de jardins de plantas arom\u00e1ticas e condimentares em pequenas propriedades rurais HILDA HILDEBRAND SORIANI &nbsp;1 &nbsp;&nbsp;Gradua\u00e7\u00e3o 20h N\u00e3o especificado &nbsp;Edital &nbsp;Resultado Final 063536 An\u00e1lise Macrosc\u00f3pica das Condi\u00e7\u00f5es Ambientais no Curso do Rio Lajeado Pardo no Munic\u00edpio de [&hellip;]<\/p>\n","protected":false},"author":2813,"featured_media":0,"comment_status":"closed","ping_status":"closed","sticky":false,"template":"","format":"standard","meta":{"footnotes":""},"categories":[1],"tags":[],"class_list":["post-15112","post","type-post","status-publish","format-standard","hentry","category-sem-categoria"],"acf":[],"_links":{"self":[{"href":"https:\/\/www.ufsm.br\/pro-reitorias\/pre\/wp-json\/wp\/v2\/posts\/15112","targetHints":{"allow":["GET"]}}],"collection":[{"href":"https:\/\/www.ufsm.br\/pro-reitorias\/pre\/wp-json\/wp\/v2\/posts"}],"about":[{"href":"https:\/\/www.ufsm.br\/pro-reitorias\/pre\/wp-json\/wp\/v2\/types\/post"}],"author":[{"embeddable":true,"href":"https:\/\/www.ufsm.br\/pro-reitorias\/pre\/wp-json\/wp\/v2\/users\/2813"}],"replies":[{"embeddable":true,"href":"https:\/\/www.ufsm.br\/pro-reitorias\/pre\/wp-json\/wp\/v2\/comments?post=15112"}],"version-history":[{"count":0,"href":"https:\/\/www.ufsm.br\/pro-reitorias\/pre\/wp-json\/wp\/v2\/posts\/15112\/revisions"}],"wp:attachment":[{"href":"https:\/\/www.ufsm.br\/pro-reitorias\/pre\/wp-json\/wp\/v2\/media?parent=15112"}],"wp:term":[{"taxonomy":"category","embeddable":true,"href":"https:\/\/www.ufsm.br\/pro-reitorias\/pre\/wp-json\/wp\/v2\/categories?post=15112"},{"taxonomy":"post_tag","embeddable":true,"href":"https:\/\/www.ufsm.br\/pro-reitorias\/pre\/wp-json\/wp\/v2\/tags?post=15112"}],"curies":[{"name":"wp","href":"https:\/\/api.w.org\/{rel}","templated":true}]}}