{"id":15114,"date":"2026-03-11T09:26:24","date_gmt":"2026-03-11T12:26:24","guid":{"rendered":"https:\/\/www.ufsm.br\/pro-reitorias\/pre\/?p=15114"},"modified":"2026-04-29T16:32:12","modified_gmt":"2026-04-29T19:32:12","slug":"bolsas-de-extensao-territorio-imembuy-2026","status":"publish","type":"post","link":"https:\/\/www.ufsm.br\/pro-reitorias\/pre\/2026\/03\/11\/bolsas-de-extensao-territorio-imembuy-2026","title":{"rendered":"Bolsas de Extens\u00e3o Territ\u00f3rio Imembuy \u2013 2026"},"content":{"rendered":"\t\t<div data-elementor-type=\"wp-post\" data-elementor-id=\"15114\" class=\"elementor elementor-15114\">\n\t\t\t\t\t\t<section class=\"elementor-section elementor-top-section elementor-element elementor-element-d3b14e5 elementor-section-boxed elementor-section-height-default elementor-section-height-default\" data-id=\"d3b14e5\" data-element_type=\"section\">\n\t\t\t\t\t\t<div class=\"elementor-container elementor-column-gap-default\">\n\t\t\t\t\t<div class=\"elementor-column elementor-col-100 elementor-top-column elementor-element elementor-element-a181105\" data-id=\"a181105\" data-element_type=\"column\">\n\t\t\t<div class=\"elementor-widget-wrap elementor-element-populated\">\n\t\t\t\t\t\t<div class=\"elementor-element elementor-element-a9f1929 elementor-widget__width-initial elementor-widget elementor-widget-text-editor\" data-id=\"a9f1929\" data-element_type=\"widget\" data-widget_type=\"text-editor.default\">\n\t\t\t\t<div class=\"elementor-widget-container\">\n\t\t\t\t\t\t\t<table style=\"border-collapse: collapse;width: 100%\"><tbody><tr><td style=\"width: 5.36797%;text-align: center\"><strong>Projeto<\/strong><\/td><td style=\"width: 29.3795%;text-align: center\"><strong>T\u00edtulo<\/strong><\/td><td style=\"width: 1.443%;text-align: center\"><strong>Coordenador(a)<\/strong><\/td><td style=\"width: 1.443%;text-align: center\"><strong>N\u00ba de Bolsa(s)<\/strong><\/td><td style=\"width: 9.5816%;text-align: center\"><strong>Modalidade de Bolsa(s)<\/strong><\/td><td style=\"width: 34.4593%;text-align: center\"><strong>Curso(s)<\/strong><\/td><td style=\"width: 10.5166%;text-align: center\"><strong>Edital<\/strong><\/td><td style=\"width: 7.65769%;text-align: center\"><strong>Resultado(s)<\/strong><\/td><\/tr><tr><td style=\"width: 5.36797%\">046586<\/td><td style=\"width: 29.3795%\">Est\u00fadio de Cria\u00e7\u00e3o: Ensino e pr\u00e1tica de linguagens audiovisuais em sala de aula<\/td><td style=\"width: 1.443%;text-align: center\">Thom\u00e1s Dalcol Townsend<\/td><td style=\"width: 1.443%;text-align: center\">02<\/td><td style=\"width: 9.5816%;text-align: center\"><p>Gradua\u00e7\u00e3o 16h<\/p><\/td><td style=\"width: 34.4593%;text-align: center\">N\u00e3o especificado<\/td><td style=\"width: 10.5166%;text-align: center\"><a href=\"https:\/\/www.ufsm.br\/app\/uploads\/sites\/346\/2026\/04\/046586-Thomas-Townsend-Edital-Territorio-Imembuy-2026.pdf\">Edital<\/a><\/td><td style=\"width: 7.65769%;text-align: center\">\u00a0<\/td><\/tr><tr><td style=\"width: 5.36797%\">053674<\/td><td style=\"width: 29.3795%\">Adote uma les\u00e3o: um projeto interdisciplinar de aten\u00e7\u00e3o em sa\u00fade<\/td><td style=\"width: 1.443%;text-align: center\">Neida Luiza Kaspary Pellenz<\/td><td style=\"width: 1.443%;text-align: center\">01<\/td><td style=\"width: 9.5816%;text-align: center\"><p>Gradua\u00e7\u00e3o 16h<\/p><\/td><td style=\"width: 34.4593%;text-align: center\">N\u00e3o especificado<\/td><td style=\"width: 10.5166%;text-align: center\"><a href=\"https:\/\/www.ufsm.br\/app\/uploads\/sites\/346\/2026\/04\/053674-Neida-Pellenz-Edital-Territorio-Imembuy-2026.pdf\">Edital<\/a><\/td><td style=\"width: 7.65769%;text-align: center\">\u00a0<\/td><\/tr><tr><td style=\"width: 5.36797%\">053688<\/td><td style=\"width: 29.3795%\">Geoparques: laborat\u00f3rio de neg\u00f3cios<\/td><td style=\"width: 1.443%;text-align: center\">Ranice H\u00f6ehr Pedrazzi Pozzer<\/td><td style=\"width: 1.443%;text-align: center\">01<\/td><td style=\"width: 9.5816%;text-align: center\">Gradua\u00e7\u00e3o 16h<\/td><td style=\"width: 34.4593%;text-align: center\">N\u00e3o especificado<\/td><td style=\"width: 10.5166%;text-align: center\"><a href=\"https:\/\/www.ufsm.br\/app\/uploads\/sites\/346\/2026\/04\/053688-Ranice-Pozzer-Edital-Territorio-Imembuy-2026.pdf\">Edital<\/a><\/td><td style=\"width: 7.65769%;text-align: center\">\u00a0<\/td><\/tr><tr><td style=\"width: 5.36797%\">055277<\/td><td style=\"width: 29.3795%\">Programa: ambulat\u00f3rio de pr\u00e1ticas integrativas e complementares<\/td><td style=\"width: 1.443%;text-align: center\">Angela Kemel Zanella<\/td><td style=\"width: 1.443%;text-align: center\">01<\/td><td style=\"width: 9.5816%;text-align: center\">P\u00f3s-Gradua\u00e7\u00e3o 12h<\/td><td style=\"width: 34.4593%;text-align: center\">P\u00f3s-gradua\u00e7\u00e3o em Pr\u00e1ticas Integrativas e Complementares no cuidado em sa\u00fade<\/td><td style=\"width: 10.5166%;text-align: center\"><a href=\"https:\/\/www.ufsm.br\/app\/uploads\/sites\/346\/2026\/04\/055277-Angela-Zanella-Edital-Territorio-Imembuy-2026.pdf\">Edital<\/a><\/td><td style=\"width: 7.65769%;text-align: center\">\u00a0<\/td><\/tr><tr><td style=\"width: 5.36797%\">055666<\/td><td style=\"width: 29.3795%\">Diagn\u00f3stico e evolu\u00e7\u00e3o da fertilidade do solo no rio grande do sul e santa catarina<\/td><td style=\"width: 1.443%;text-align: center\">F\u00e1bio Joel Kochem Mallmann<\/td><td style=\"width: 1.443%;text-align: center\">01<\/td><td style=\"width: 9.5816%;text-align: center\">Gradua\u00e7\u00e3o 16h<\/td><td style=\"width: 34.4593%;text-align: center\">N\u00e3o especificado<\/td><td style=\"width: 10.5166%;text-align: center\"><a href=\"https:\/\/www.ufsm.br\/app\/uploads\/sites\/346\/2026\/04\/055666-Fabio-Mallmann-Edital-Territorio-Imembuy-2026.pdf\">Edital<\/a><\/td><td style=\"width: 7.65769%;text-align: center\">\u00a0<\/td><\/tr><tr><td style=\"width: 5.36797%\">055372<\/td><td style=\"width: 29.3795%\">Reabilita\u00e7\u00e3o, educa\u00e7\u00e3o, reabilita\u00e7\u00e3o e promo\u00e7\u00e3o \u00e0 sa\u00fade para popula\u00e7\u00f5es especiais<\/td><td style=\"width: 1.443%;text-align: center\">Michele Forgiarini Saccol<\/td><td style=\"width: 1.443%;text-align: center\">01<\/td><td style=\"width: 9.5816%;text-align: center\">Gradua\u00e7\u00e3o 16h<\/td><td style=\"width: 34.4593%;text-align: center\">Curso de gradua\u00e7\u00e3o &#8211; bacharelado<\/td><td style=\"width: 10.5166%;text-align: center\"><a href=\"https:\/\/www.ufsm.br\/app\/uploads\/sites\/346\/2026\/04\/055372-Michele-Saccol-Edital-Territorio-Imembuy-2026.pdf\">Edital<\/a><\/td><td style=\"width: 7.65769%;text-align: center\">\u00a0<\/td><\/tr><tr><td style=\"width: 5.36797%;text-align: center\" rowspan=\"2\">055803<\/td><td style=\"width: 29.3795%;text-align: center\" rowspan=\"2\">Observat\u00f3rio e Laborat\u00f3rio de Marcas da Quarta Col\u00f4nia<\/td><td style=\"width: 1.443%;text-align: center\" rowspan=\"2\">Juliana Petermann<\/td><td style=\"width: 1.443%;text-align: center\">01<\/td><td style=\"width: 9.5816%;text-align: center\"><p>Gradua\u00e7\u00e3o<\/p><p>16h<\/p><\/td><td style=\"width: 34.4593%;text-align: center\">Preferencialmente no Departamento de<br \/>Ci\u00eancias da Comunica\u00e7\u00e3o, nos cursos de<br \/>Publicidade e Propaganda, Rela\u00e7\u00f5es<br \/>P\u00fablicas, Jornalismo e Produ\u00e7\u00e3o Editorial<br \/>ou Bacharelado em Design<\/td><td style=\"width: 10.5166%;text-align: center\" rowspan=\"2\"><a href=\"https:\/\/www.ufsm.br\/app\/uploads\/sites\/346\/2026\/04\/055803-Juliana-Petermann-Edital-Territorio-Imembuy-2026.pdf\">Edital<\/a><\/td><td style=\"width: 7.65769%;text-align: center\" rowspan=\"2\"><p><a href=\"https:\/\/www.ufsm.br\/app\/uploads\/sites\/346\/2026\/04\/055803-Juliana-Petermann-Resultado-Preliminar.pdf\">Resultado Preliminar<\/a><\/p><p><a href=\"https:\/\/www.ufsm.br\/app\/uploads\/sites\/346\/2026\/04\/Resultado-Final-Juliana-Petermann.pdf\">Resultado Final<\/a><\/p><\/td><\/tr><tr><td style=\"width: 1.443%;text-align: center\">01<\/td><td style=\"width: 9.5816%;text-align: center\"><p>P\u00f3s-gradua\u00e7\u00e3o<\/p><p>12h<\/p><\/td><td style=\"width: 34.4593%;text-align: center\">Preferencialmente no POSCOM<\/td><\/tr><tr><td style=\"width: 5.36797%\">057661<\/td><td style=\"width: 29.3795%\">Quarta col\u00f4nia em cine: professores, cinema e escola<\/td><td style=\"width: 1.443%;text-align: center\">Valeska Maria Fortes De Oliveira<\/td><td style=\"width: 1.443%;text-align: center\">01<\/td><td style=\"width: 9.5816%;text-align: center\"><p>Gradua\u00e7\u00e3o 16h<\/p><\/td><td style=\"width: 34.4593%;text-align: center\">N\u00e3o especificado<\/td><td style=\"width: 10.5166%;text-align: center\"><a href=\"https:\/\/www.ufsm.br\/app\/uploads\/sites\/346\/2026\/04\/057661-Valeska-Oliveira-Edital-Territorio-Imembuy-2026.pdf\">Edital<\/a><\/td><td style=\"width: 7.65769%;text-align: center\"><p><a href=\"https:\/\/www.ufsm.br\/app\/uploads\/sites\/346\/2026\/04\/057661-Valeska-Oliveira-Resultado-Preliminar.pdf\">Resultado Preliminar<\/a><\/p><p><a href=\"https:\/\/www.ufsm.br\/app\/uploads\/sites\/346\/2026\/04\/057661-Valeska-Oliveira-Resultado-Final.pdf\">Resultado Final<\/a><\/p><\/td><\/tr><tr><td style=\"width: 5.36797%\">057721<\/td><td style=\"width: 29.3795%\">Visitas mediadas ao Centro de Apoio \u00e0 Pesquisa Paleontol\u00f3gica da Quarta Col\u00f4nia<\/td><td style=\"width: 1.443%;text-align: center\">Flavio Augusto Pretto<\/td><td style=\"width: 1.443%;text-align: center\">02<\/td><td style=\"width: 9.5816%;text-align: center\"><p>P\u00f3s-Gradua\u00e7\u00e3o 20h<\/p><\/td><td style=\"width: 34.4593%;text-align: center\">Programa de P\u00f3s-Gradua\u00e7\u00e3o em<br \/>Biodiversidade<br \/>Animal<\/td><td style=\"width: 10.5166%;text-align: center\"><p><a href=\"https:\/\/www.ufsm.br\/app\/uploads\/sites\/346\/2026\/04\/057721-Flavio-Pretto-Edital-Territorio-Imembuy-2026.pdf\">Edital<\/a><\/p><p><a href=\"https:\/\/www.ufsm.br\/app\/uploads\/sites\/346\/2026\/04\/Ficha-de-inscricao.docx\">Ficha de inscri\u00e7\u00e3o<\/a><\/p><\/td><td style=\"width: 7.65769%;text-align: center\"><a href=\"https:\/\/www.ufsm.br\/app\/uploads\/sites\/346\/2026\/04\/057721-Flavio-Pretto-Resultado-Final.pdf\">Resultado Final<\/a><\/td><\/tr><tr><td style=\"width: 5.36797%;text-align: center\">058027<\/td><td style=\"width: 29.3795%;text-align: center\">Programa prodotti alimentari: conectando<br \/>saberes acad\u00eamicos e viv\u00eancias de sabores<br \/>na Quarta Col\u00f4nia<\/td><td style=\"width: 1.443%;text-align: center\">Neila Silvia Pereira Dos Santos Richards<\/td><td style=\"width: 1.443%;text-align: center\">01<\/td><td style=\"width: 9.5816%;text-align: center\"><p>P\u00f3s-gradua\u00e7\u00e3o<\/p><p>12h<\/p><\/td><td style=\"width: 34.4593%;text-align: center\">PPGCTA ou PPGPC<\/td><td style=\"width: 10.5166%;text-align: center\">\u00a0 <a href=\"https:\/\/www.ufsm.br\/app\/uploads\/sites\/346\/2026\/04\/058027-Neila-Richards-Edital-Territorio-Imembuy-2026.pdf\">Edital<\/a><\/td><td style=\"width: 7.65769%;text-align: center\"><a href=\"https:\/\/www.ufsm.br\/app\/uploads\/sites\/346\/2026\/04\/058027-Neila-Richards-Resultado-Final.pdf\">Resultado Final<\/a><\/td><\/tr><tr><td style=\"width: 5.36797%\">058342<\/td><td style=\"width: 29.3795%\">Juca nas escolas<\/td><td style=\"width: 1.443%;text-align: center\">G\u00fcnther Richter Mros<\/td><td style=\"width: 1.443%;text-align: center\">02<\/td><td style=\"width: 9.5816%;text-align: center\"><p>Gradua\u00e7\u00e3o 16h<\/p><\/td><td style=\"width: 34.4593%;text-align: center\">N\u00e3o especificado<\/td><td style=\"width: 10.5166%;text-align: center\"><a href=\"https:\/\/www.ufsm.br\/app\/uploads\/sites\/346\/2026\/04\/pROJETO-058342-gUNTHER.pdf\">Edital<\/a><\/td><td style=\"width: 7.65769%;text-align: center\">\u00a0<\/td><\/tr><tr><td style=\"width: 5.36797%\">058374<\/td><td style=\"width: 29.3795%\">Programa de desenvolvimento do turismo no distrito criativo centro-gare de santa maria\/rs<\/td><td style=\"width: 1.443%;text-align: center\">Thiago Reis Xavier<\/td><td style=\"width: 1.443%;text-align: center\">01<\/td><td style=\"width: 9.5816%;text-align: center\"><p>Gradua\u00e7\u00e3o 16h<\/p><\/td><td style=\"width: 34.4593%;text-align: center\">N\u00e3o especificado<\/td><td style=\"width: 10.5166%;text-align: center\"><p><a href=\"https:\/\/www.ufsm.br\/app\/uploads\/sites\/346\/2026\/04\/projeto-058374-tiaho-Xarier.pdf\">Edital<\/a><\/p><p><a href=\"https:\/\/www.ufsm.br\/app\/uploads\/sites\/346\/2026\/04\/Ficha-de-inscricao-thiago.docx\">Ficha de inscri\u00e7\u00e3o<\/a><\/p><\/td><td style=\"width: 7.65769%;text-align: center\"><a href=\"https:\/\/www.ufsm.br\/app\/uploads\/sites\/346\/2026\/04\/Resultado-Final-Thiago-Xavier.pdf\">Resultado Final <\/a><\/td><\/tr><tr><td style=\"width: 5.36797%\">059160<\/td><td style=\"width: 29.3795%\">Sa\u00fade pela Ascend\u00eancia da Alimenta\u00e7\u00e3o e Nutri\u00e7\u00e3o<\/td><td style=\"width: 1.443%;text-align: center\">Gilberti Helena H\u00fcbscher Lopes<\/td><td style=\"width: 1.443%;text-align: center\">01<\/td><td style=\"width: 9.5816%;text-align: center\"><p>Gradua\u00e7\u00e3o 16h<\/p><\/td><td style=\"width: 34.4593%;text-align: center\">Nutri\u00e7\u00e3o<\/td><td style=\"width: 10.5166%;text-align: center\"><a href=\"https:\/\/www.ufsm.br\/app\/uploads\/sites\/346\/2026\/04\/059160-Gilberti-Lopes-Edital-Territorio-Imembuy-2026.pdf\">Edital<\/a><\/td><td style=\"width: 7.65769%;text-align: center\"><a href=\"https:\/\/www.ufsm.br\/app\/uploads\/sites\/346\/2026\/04\/059160-Gilberti-Lopes-Resultado-Preliminar.pdf\">Resultado Preliminar<\/a><\/td><\/tr><tr><td style=\"width: 5.36797%\">059264<\/td><td style=\"width: 29.3795%\">Equil\u00edbrio sist\u00eamico: fisioterapia e pics na aps\/ufsm<\/td><td style=\"width: 1.443%;text-align: center\">Elizandra Lopes Richter<\/td><td style=\"width: 1.443%;text-align: center\">01<\/td><td style=\"width: 9.5816%;text-align: center\"><p>Gradua\u00e7\u00e3o 16h<\/p><\/td><td style=\"width: 34.4593%;text-align: center\">N\u00e3o especificado<\/td><td style=\"width: 10.5166%;text-align: center\"><a href=\"https:\/\/www.ufsm.br\/app\/uploads\/sites\/346\/2026\/04\/059264-Elizandra-Richter-Edital-Territorio-Imembuy-2026.pdf\">Edital<\/a><\/td><td style=\"width: 7.65769%;text-align: center\"><p><a href=\"https:\/\/www.ufsm.br\/app\/uploads\/sites\/346\/2026\/04\/059264-Elizandra-Richter-Resultado-Preliminar.pdf\">Resultado Preliminar<\/a><\/p><p><a href=\"https:\/\/www.ufsm.br\/app\/uploads\/sites\/346\/2026\/04\/Resultado-Final-Elizandra-Richter.pdf\">Resultado Final<\/a><\/p><\/td><\/tr><tr><td style=\"width: 5.36797%\">059383<\/td><td style=\"width: 29.3795%\">Encruzilhadas de Saberes e Fazeres: cirandas e partilhas<\/td><td style=\"width: 1.443%;text-align: center\">Flavio Campos Braga<\/td><td style=\"width: 1.443%;text-align: center\">01<\/td><td style=\"width: 9.5816%;text-align: center\"><p>Gradua\u00e7\u00e3o 16h<\/p><\/td><td style=\"width: 34.4593%;text-align: center\">Cursos do CAL UFSM<\/td><td style=\"width: 10.5166%;text-align: center\"><a href=\"https:\/\/www.ufsm.br\/app\/uploads\/sites\/346\/2026\/04\/Projeto-059383-Flavio-Braga.pdf\">Edital<\/a><\/td><td style=\"width: 7.65769%;text-align: center\"><p><a href=\"https:\/\/www.ufsm.br\/app\/uploads\/sites\/346\/2026\/04\/059383-Flavio-Campos-Resultado-Preliminar.pdf\">Resultado Preliminar<\/a><\/p><p><a href=\"https:\/\/www.ufsm.br\/app\/uploads\/sites\/346\/2026\/04\/Resultado-FINAL-Flavio-Campos.pdf\">Resultado Final<\/a><\/p><\/td><\/tr><tr><td style=\"width: 5.36797%\">059434<\/td><td style=\"width: 29.3795%\">Caminhos do Campestre: resgatando a hist\u00f3ria, cultura, lendas e acervo natural para impulsionar o Distrito Verde<\/td><td style=\"width: 1.443%;text-align: center\">Mar\u00edlia de Araujo Barcellos<\/td><td style=\"width: 1.443%;text-align: center\">01<\/td><td style=\"width: 9.5816%;text-align: center\"><p>Gradua\u00e7\u00e3o 16h<\/p><\/td><td style=\"width: 34.4593%;text-align: center\">N\u00e3o especificado<\/td><td style=\"width: 10.5166%;text-align: center\"><a href=\"https:\/\/www.ufsm.br\/app\/uploads\/sites\/346\/2026\/04\/Projeto-059434-Marilia.pdf\">Edital<\/a><\/td><td style=\"width: 7.65769%;text-align: center\">\u00a0<\/td><\/tr><tr><td style=\"width: 5.36797%;text-align: center\" rowspan=\"2\">059760<\/td><td style=\"width: 29.3795%;text-align: center\" rowspan=\"2\">Programa do Geoparque de Assist\u00eancia T\u00e9cnica e Extens\u00e3o Rural (PROGEATER) \u2013 eixo fomento ao turismo rural: Caminhada Internacional na Natureza<\/td><td style=\"width: 1.443%;text-align: center\" rowspan=\"2\">Ezequiel Redin<\/td><td style=\"width: 1.443%;text-align: center\">01<\/td><td style=\"width: 9.5816%;text-align: center\"><p>Gradua\u00e7\u00e3o<\/p><p>16h<\/p><\/td><td style=\"width: 34.4593%;text-align: center\">N\u00e3o especificado<\/td><td style=\"width: 10.5166%;text-align: center\" rowspan=\"2\"><a href=\"https:\/\/www.ufsm.br\/app\/uploads\/sites\/346\/2026\/04\/059760-Ezequiel-Redin-Edital-Territorio-Imembuy-2026.pdf\">Edital<\/a><\/td><td style=\"width: 7.65769%;text-align: center\" rowspan=\"2\"><a href=\"https:\/\/www.ufsm.br\/app\/uploads\/sites\/346\/2026\/04\/Resulado-Final-Selecao-de-Bolsistas-Ezequiel-Redin.pdf\">Resultado Final<\/a><\/td><\/tr><tr><td style=\"width: 1.443%;text-align: center\">01<\/td><td style=\"width: 9.5816%;text-align: center\"><p>P\u00f3s-gradua\u00e7\u00e3o<\/p><p>12h<\/p><\/td><td style=\"width: 34.4593%;text-align: center\">N\u00e3o especificado<\/td><\/tr><tr><td style=\"width: 5.36797%\">059854<\/td><td style=\"width: 29.3795%\">Se Gerou, Separou: compostou e reciclou? se sobrou, caminh\u00e3o coletou<\/td><td style=\"text-align: center;width: 1.443%\">Ana Beatris Souza de Deus Brusa<\/td><td style=\"width: 1.443%;text-align: center\">01<\/td><td style=\"width: 9.5816%;text-align: center\">Gradua\u00e7\u00e3o 16h<\/td><td style=\"width: 34.4593%;text-align: center\">N\u00e3o especificado<\/td><td style=\"text-align: center;width: 10.5166%\"><a href=\"https:\/\/www.ufsm.br\/app\/uploads\/sites\/346\/2026\/04\/Projeto-059854-Ana-Beatris-Brusa.pdf\">Edital<\/a><\/td><td style=\"width: 7.65769%;text-align: center\"><a href=\"https:\/\/www.ufsm.br\/app\/uploads\/sites\/346\/2026\/04\/Resultado-Final-Ana-Beatris.pdf\">Resultado Final<\/a><\/td><\/tr><tr><td style=\"width: 5.36797%\">059887<\/td><td style=\"width: 29.3795%\">Valoriza\u00e7\u00e3o ambiental e social por um vi\u00e9s educativo sensorial<\/td><td style=\"text-align: center;width: 1.443%\">Cadidja Coutinho<\/td><td style=\"width: 1.443%;text-align: center\">01<\/td><td style=\"width: 9.5816%;text-align: center\">P\u00f3s-gradua\u00e7\u00e3o 12h<\/td><td style=\"width: 34.4593%;text-align: center\">Curso de p\u00f3s-gradua\u00e7\u00e3o em Educa\u00e7\u00e3o ou em Ensino de Ci\u00eancias ou em Ci\u00eancias Biol\u00f3gicas ou em Biodiversidade<\/td><td style=\"text-align: center;width: 10.5166%\"><p><a href=\"https:\/\/www.ufsm.br\/app\/uploads\/sites\/346\/2026\/04\/Projeto-05987-Cadidja.pdf\">Edital<\/a><\/p><p><a href=\"https:\/\/www.ufsm.br\/app\/uploads\/sites\/346\/2026\/04\/FICHA-DE-INSCRICAO-Cadidja.docx\">Ficha de Inscri\u00e7\u00e3o<\/a><\/p><\/td><td style=\"width: 7.65769%;text-align: center\"><a href=\"https:\/\/www.ufsm.br\/app\/uploads\/sites\/346\/2026\/04\/059887-Cadidja-Coutinho-Resultado-Preliminar.pdf\">Resultado Preliminar<\/a><\/td><\/tr><tr><td style=\"width: 5.36797%\">061502<\/td><td style=\"width: 29.3795%\">Pr\u00f3-sa\u00fade: avalia\u00e7\u00e3o, reabilita\u00e7\u00e3o e exerc\u00edcios f\u00edsicos para comunidade de Santa Maria &#8211; RS<\/td><td style=\"width: 1.443%;text-align: center\">Luciane Sanchotene<\/td><td style=\"width: 1.443%;text-align: center\">02<\/td><td style=\"width: 9.5816%;text-align: center\">Gradua\u00e7\u00e3o 16h<\/td><td style=\"width: 34.4593%;text-align: center\">N\u00e3o especificado<\/td><td style=\"width: 10.5166%;text-align: center\"><a href=\"https:\/\/www.ufsm.br\/app\/uploads\/sites\/346\/2026\/04\/061502-Luciane-Sanchotene-Edital-Territorio-Imembuy-2026.pdf\">Edital<\/a><\/td><td style=\"width: 7.65769%;text-align: center\"><p><a href=\"https:\/\/www.ufsm.br\/app\/uploads\/sites\/346\/2026\/04\/061502-Luciane-Sanchotene-Resultado-Preliminar.pdf\">Resultado Preliminar<\/a><\/p><p><a href=\"https:\/\/www.ufsm.br\/app\/uploads\/sites\/346\/2026\/04\/Resultado-Final-Luciana-Sanchotene.pdf\">Resultado Final<\/a><\/p><\/td><\/tr><tr><td style=\"width: 5.36797%\">063531<\/td><td style=\"width: 29.3795%\">Educa\u00e7\u00e3o ambiental, cient\u00edfica e tecnol\u00f3gica: uma iniciativa para estimular a cultura nas escolas da regi\u00e3o central do Rio Grande do Sul<\/td><td style=\"width: 1.443%;text-align: center\">Lidiane Buligon<\/td><td style=\"width: 1.443%;text-align: center\">01<\/td><td style=\"width: 9.5816%;text-align: center\">Gradua\u00e7\u00e3o 16h<\/td><td style=\"width: 34.4593%;text-align: center\">N\u00e3o especificado<\/td><td style=\"width: 10.5166%;text-align: center\"><a href=\"https:\/\/www.ufsm.br\/app\/uploads\/sites\/346\/2026\/04\/Projeto-063531-Lidiane-Buligon.pdf\">Edital<\/a><\/td><td style=\"width: 7.65769%;text-align: center\"><a href=\"https:\/\/www.ufsm.br\/app\/uploads\/sites\/346\/2026\/04\/063531-Lidiane-Buligon-Resultado-Preliminar.pdf\">Resultado Preliminar<\/a><\/td><\/tr><tr><td style=\"width: 5.36797%\">063515<\/td><td style=\"width: 29.3795%\">Fauna pleistoc\u00eanica de Ca\u00e7apava do Sul<\/td><td style=\"width: 1.443%;text-align: center\">\u00c1tila Augusto Stock Da Rosa<\/td><td style=\"width: 1.443%;text-align: center\">01<\/td><td style=\"width: 9.5816%;text-align: center\">Gradua\u00e7\u00e3o 16h<\/td><td style=\"width: 34.4593%;text-align: center\">N\u00e3o especificado<\/td><td style=\"width: 10.5166%;text-align: center\"><a href=\"https:\/\/www.ufsm.br\/app\/uploads\/sites\/346\/2026\/04\/projeto-063515-atila-da-rosa.pdf\">Edital<\/a><\/td><td style=\"width: 7.65769%;text-align: center\">\u00a0<\/td><\/tr><tr><td style=\"width: 5.36797%\">063529<\/td><td style=\"width: 29.3795%\">FOGUETEMODELISMO: Incentivando o aprendizado de Ci\u00eancias nas escolas de Santa Maria e regi\u00e3o (Tau Rocket Team)<\/td><td style=\"width: 1.443%;text-align: center\">Karine Faverzani Magnago<\/td><td style=\"width: 1.443%;text-align: center\">01<\/td><td style=\"width: 9.5816%;text-align: center\">Gradua\u00e7\u00e3o 16h<\/td><td style=\"width: 34.4593%;text-align: center\">N\u00e3o especificado<\/td><td style=\"width: 10.5166%;text-align: center\"><a href=\"https:\/\/www.ufsm.br\/app\/uploads\/sites\/346\/2026\/04\/Projeto-063529-Karine-Magnago.pdf\">Edital<\/a><\/td><td style=\"width: 7.65769%;text-align: center\"><p><a href=\"https:\/\/www.ufsm.br\/app\/uploads\/sites\/346\/2026\/04\/063529-Karine-Magnago-Resultado-Preliminar.pdf\">Resultado Preliminar<\/a><\/p><p><a href=\"https:\/\/www.ufsm.br\/app\/uploads\/sites\/346\/2026\/04\/063529-Karine-Magnago-Resultado-Final.pdf\">Resultado Final<\/a><\/p><\/td><\/tr><tr><td style=\"width: 5.36797%\">063575<\/td><td style=\"width: 29.3795%\">Forma\u00e7\u00e3o de professores e agenda 2030: construindo di\u00e1logo sobre os ods na educa\u00e7\u00e3o b\u00e1sica<\/td><td style=\"width: 1.443%;text-align: center\">Andr\u00e9a Forgiarini Cecchin<\/td><td style=\"width: 1.443%;text-align: center\">01<\/td><td style=\"width: 9.5816%;text-align: center\">Gradua\u00e7\u00e3o 16h<\/td><td style=\"width: 34.4593%;text-align: center\">N\u00e3o especificado<\/td><td style=\"width: 10.5166%;text-align: center\"><a href=\"https:\/\/www.ufsm.br\/app\/uploads\/sites\/346\/2026\/04\/063575-Andrea-Cecchin-Edital-Territorio-Imembuy-2026.pdf\">Edital<\/a><\/td><td style=\"width: 7.65769%;text-align: center\"><a href=\"https:\/\/www.ufsm.br\/app\/uploads\/sites\/346\/2026\/04\/Resultado-Final-Andrea-Cechin.pdf\">Resultado Final<\/a><\/td><\/tr><tr><td style=\"width: 5.36797%\">063625<\/td><td style=\"width: 29.3795%\">Universidade-Escola: uma parceria para despertar na comunidade conhecimento ambiental e produ\u00e7\u00e3o sustent\u00e1vel<\/td><td style=\"width: 1.443%;text-align: center\">Valderi Luiz Dressler<\/td><td style=\"width: 1.443%;text-align: center\">01<\/td><td style=\"width: 9.5816%;text-align: center\">Gradua\u00e7\u00e3o 16h<\/td><td style=\"width: 34.4593%;text-align: center\">N\u00e3o especificado<\/td><td style=\"width: 10.5166%;text-align: center\"><a href=\"https:\/\/www.ufsm.br\/app\/uploads\/sites\/346\/2026\/04\/063625-Valderi-Dressler-Edital-Territorio-Imembuy-2026.pdf\">Edital<\/a><\/td><td style=\"width: 7.65769%;text-align: center\"><a href=\"https:\/\/www.ufsm.br\/app\/uploads\/sites\/346\/2026\/04\/Resultado-Final-Valderi.pdf\">Resultado Final <\/a><\/td><\/tr><tr><td style=\"width: 5.36797%\">063813<\/td><td style=\"width: 29.3795%\">&#8220;Olha o passarinho!&#8221;: Despertando o interesse pela conserva\u00e7\u00e3o das aves<\/td><td style=\"width: 1.443%;text-align: center\">\u00c9verton Rodolfo Behr<\/td><td style=\"width: 1.443%;text-align: center\">01<\/td><td style=\"width: 9.5816%;text-align: center\">Gradua\u00e7\u00e3o 16h<\/td><td style=\"width: 34.4593%;text-align: center\">N\u00e3o especificado<\/td><td style=\"width: 10.5166%;text-align: center\"><a href=\"https:\/\/www.ufsm.br\/app\/uploads\/sites\/346\/2026\/04\/063813-Everton-Behr-Edital-Territorio-Imembuy-2026.pdf\">Edital<\/a><\/td><td style=\"width: 7.65769%;text-align: center\"><a href=\"https:\/\/www.ufsm.br\/app\/uploads\/sites\/346\/2026\/04\/063813-Everton-Behr-Resultado-Preliminar.pdf\">Resultado Preliminar<\/a><\/td><\/tr><tr><td style=\"width: 5.36797%\">063825<\/td><td style=\"width: 29.3795%\">Patrim\u00f4nio cultural de Ca\u00e7apava do Sul, RS: qualifica\u00e7\u00e3o, inova\u00e7\u00e3o e difus\u00e3o<\/td><td style=\"width: 1.443%;text-align: center\">S\u00f4nia Elisabete Constante<\/td><td style=\"width: 1.443%;text-align: center\">01<\/td><td style=\"width: 9.5816%;text-align: center\">Gradua\u00e7\u00e3o 16h<\/td><td style=\"width: 34.4593%;text-align: center\">N\u00e3o especificado<\/td><td style=\"width: 10.5166%;text-align: center\"><a href=\"https:\/\/www.ufsm.br\/app\/uploads\/sites\/346\/2026\/04\/063825-Sonia-Constante-Edital-Territorio-Imembuy-2026.pdf\">Edital<\/a><\/td><td style=\"width: 7.65769%;text-align: center\"><a href=\"https:\/\/www.ufsm.br\/app\/uploads\/sites\/346\/2026\/04\/Resultado-Final-Sonia-Constante.pdf\">Resultado Final <\/a><\/td><\/tr><tr><td style=\"width: 5.36797%\">064056<\/td><td style=\"width: 29.3795%\">Qualifica\u00e7\u00e3o e inova\u00e7\u00e3o no uso da l\u00e3 ovina<\/td><td style=\"width: 1.443%;text-align: center\">Simone De David Ant\u00f4nio<\/td><td style=\"width: 1.443%;text-align: center\">01<\/td><td style=\"width: 9.5816%;text-align: center\">Gradua\u00e7\u00e3o 16h<\/td><td style=\"width: 34.4593%;text-align: center\">N\u00e3o especificado<\/td><td style=\"width: 10.5166%;text-align: center\"><a href=\"https:\/\/www.ufsm.br\/app\/uploads\/sites\/346\/2026\/04\/064056-Simone-Antonio-Edital-Territorio-Imembuy-2026.pdf\">Edital<\/a><\/td><td style=\"width: 7.65769%;text-align: center\">\u00a0<\/td><\/tr><tr><td style=\"width: 5.36797%\">064797<\/td><td style=\"width: 29.3795%\">Viver o Segredo: programa de interpreta\u00e7\u00e3o da natureza e ci\u00eancia cidad\u00e3 no Parque Natural Municipal Pedra do Segredo<\/td><td style=\"width: 1.443%;text-align: center\">Suzane Bevilacqua Marcuzzo<\/td><td style=\"width: 1.443%;text-align: center\">02<\/td><td style=\"width: 9.5816%;text-align: center\">Gradua\u00e7\u00e3o 16h<\/td><td style=\"width: 34.4593%;text-align: center\">N\u00e3o especificado<\/td><td style=\"width: 10.5166%;text-align: center\"><a href=\"https:\/\/www.ufsm.br\/app\/uploads\/sites\/346\/2026\/04\/projeo-064797-Suzane.pdf\">Edital<\/a><\/td><td style=\"width: 7.65769%;text-align: center\">\u00a0<\/td><\/tr><tr><td style=\"width: 5.36797%\">064841<\/td><td style=\"width: 29.3795%\">Narrativas de um legado: hist\u00f3ria oral e arquivo pessoal de Alcides Saldanha<\/td><td style=\"width: 1.443%;text-align: center\">Augusto C\u00e9sar Luiz Britto<\/td><td style=\"width: 1.443%;text-align: center\">01<\/td><td style=\"width: 9.5816%;text-align: center\">Gradua\u00e7\u00e3o 16h<\/td><td style=\"width: 34.4593%;text-align: center\">Arquivologia ou Hist\u00f3ria<\/td><td style=\"width: 10.5166%;text-align: center\"><a href=\"https:\/\/www.ufsm.br\/app\/uploads\/sites\/346\/2026\/04\/064841-Augusto-Britto-Edital-Territorio-Imembuy-2026.pdf\">Edital<\/a><\/td><td style=\"width: 7.65769%;text-align: center\"><a href=\"https:\/\/www.ufsm.br\/app\/uploads\/sites\/346\/2026\/04\/Resultado-Final-Augusto-Britto-2.pdf\">Resultado Final<\/a><\/td><\/tr><tr><td style=\"width: 5.36797%\">065191<\/td><td style=\"width: 29.3795%\">EFEMERA \u2013 Ecossistema de Festivais e Eventos Metaculturais Emergentes para Remedia\u00e7\u00f5es Audiovisuais<\/td><td style=\"width: 1.443%;text-align: center\">Fernando Franco Codevilla<\/td><td style=\"width: 1.443%;text-align: center\">01<\/td><td style=\"width: 9.5816%;text-align: center\">Gradua\u00e7\u00e3o 16h<\/td><td style=\"width: 34.4593%;text-align: center\">N\u00e3o especificado<\/td><td style=\"width: 10.5166%;text-align: center\"><a href=\"https:\/\/www.ufsm.br\/app\/uploads\/sites\/346\/2026\/04\/065191-Fernando-Codevilla-Edital-Territorio-Imembuy-2026.pdf\">Edital<\/a><\/td><td style=\"width: 7.65769%;text-align: center\">\u00a0<\/td><\/tr><tr><td style=\"width: 5.36797%\">065287<\/td><td style=\"width: 29.3795%\">Laborat\u00f3rio de Inova\u00e7\u00e3o Social<\/td><td style=\"width: 1.443%;text-align: center\">D\u00e9bora Bobsin<\/td><td style=\"width: 1.443%;text-align: center\">01<\/td><td style=\"width: 9.5816%;text-align: center\">Gradua\u00e7\u00e3o 16h<\/td><td style=\"width: 34.4593%;text-align: center\">N\u00e3o especificado<\/td><td style=\"width: 10.5166%;text-align: center\"><a href=\"https:\/\/www.ufsm.br\/app\/uploads\/sites\/346\/2026\/04\/065257-Debora-Bobsin-Edital-Territorio-Imembuy-2026.pdf\">Edital<\/a><\/td><td style=\"width: 7.65769%;text-align: center\"><a href=\"https:\/\/www.ufsm.br\/app\/uploads\/sites\/346\/2026\/04\/065287-Debora-Bobsin-Resultado-Preliminar.pdf\">Resultado Preliminar<\/a><\/td><\/tr><tr><td style=\"width: 5.36797%\">065415<\/td><td style=\"width: 29.3795%\">Treinamento funcional como estrat\u00e9gia de promo\u00e7\u00e3o da sa\u00fade para a comunidade de Silveira Martins<\/td><td style=\"width: 1.443%;text-align: center\">Andr\u00e9 de Toledo Paines<\/td><td style=\"width: 1.443%;text-align: center\">01<\/td><td style=\"width: 9.5816%;text-align: center\">Gradua\u00e7\u00e3o 16h<\/td><td style=\"width: 34.4593%;text-align: center\">N\u00e3o especificado<\/td><td style=\"width: 10.5166%;text-align: center\"><a href=\"https:\/\/www.ufsm.br\/app\/uploads\/sites\/346\/2026\/04\/065415-Andre-Paines-Edital-Territorio-Imembuy-2026.pdf\">Edital<\/a><\/td><td style=\"width: 7.65769%;text-align: center\"><a href=\"https:\/\/www.ufsm.br\/app\/uploads\/sites\/346\/2026\/04\/Resultado-Preliminar-Andre-Paines.pdf\">Resultado Preliminar<\/a><\/td><\/tr><tr><td style=\"width: 5.36797%\">065573<\/td><td style=\"width: 29.3795%\">Rob\u00f3tica educacional e futebol de rob\u00f4s em escolas de Santa Maria e Regi\u00e3o<\/td><td style=\"width: 1.443%;text-align: center\">Anselmo Rafael Cukla<\/td><td style=\"width: 1.443%;text-align: center\">01<\/td><td style=\"width: 9.5816%;text-align: center\">Gradua\u00e7\u00e3o 16h<\/td><td style=\"width: 34.4593%;text-align: center\">N\u00e3o especificado<\/td><td style=\"width: 10.5166%;text-align: center\"><a href=\"https:\/\/www.ufsm.br\/app\/uploads\/sites\/346\/2026\/04\/Projeto-065573-anselmo.pdf\">Edital<\/a><\/td><td style=\"width: 7.65769%;text-align: center\"><a href=\"https:\/\/www.ufsm.br\/app\/uploads\/sites\/346\/2026\/04\/Resultado-Final-Anselmo-Cukla.pdf\">Resultado Final<\/a><\/td><\/tr><tr><td style=\"width: 5.36797%\">065977<\/td><td style=\"width: 29.3795%\">Governan\u00e7a e Inova\u00e7\u00e3o Territorial no Quarta Col\u00f4nia Geoparque Mundial da UNESCO<\/td><td style=\"width: 1.443%;text-align: center\">Adriano Severo Figueir\u00f3<\/td><td style=\"width: 1.443%;text-align: center\">02<\/td><td style=\"width: 9.5816%;text-align: center\">Gradua\u00e7\u00e3o 16h<\/td><td style=\"width: 34.4593%;text-align: center\">N\u00e3o especificado<\/td><td style=\"width: 10.5166%;text-align: center\"><a href=\"https:\/\/www.ufsm.br\/app\/uploads\/sites\/346\/2026\/04\/065977-Adriano-Figueiro-Edital-Territorio-Imembuy-2026.pdf\">Edital<\/a><\/td><td style=\"width: 7.65769%;text-align: center\"><a href=\"https:\/\/www.ufsm.br\/app\/uploads\/sites\/346\/2026\/04\/065977-Adriano-Figueiro-Resultado-Preliminar.pdf\">Resultado Preliminar<\/a><\/td><\/tr><tr><td style=\"width: 5.36797%\">065991<\/td><td style=\"width: 29.3795%\">Fam\u00edlias de pessoas com defici\u00eancia: a\u00e7\u00f5es de extens\u00e3o para a promo\u00e7\u00e3o de saberes e pr\u00e1ticas<\/td><td style=\"width: 1.443%;text-align: center\">Guacira de Azambuja<\/td><td style=\"width: 1.443%;text-align: center\">01<\/td><td style=\"width: 9.5816%;text-align: center\">Gradua\u00e7\u00e3o 16h<\/td><td style=\"width: 34.4593%;text-align: center\">N\u00e3o especificado<\/td><td style=\"width: 10.5166%;text-align: center\"><a href=\"https:\/\/www.ufsm.br\/app\/uploads\/sites\/346\/2026\/04\/065991-Guacira-Azambuja-Edital-Territorio-Imembuy-2026.pdf\">Edital<\/a><\/td><td style=\"width: 7.65769%;text-align: center\">\u00a0<\/td><\/tr><\/tbody><\/table>\t\t\t\t\t\t<\/div>\n\t\t\t\t<\/div>\n\t\t\t\t\t<\/div>\n\t\t<\/div>\n\t\t\t\t\t<\/div>\n\t\t<\/section>\n\t\t\t\t<\/div>\n\t\t","protected":false},"excerpt":{"rendered":"<p>Projeto T\u00edtulo Coordenador(a) N\u00ba de Bolsa(s) Modalidade de Bolsa(s) Curso(s) Edital Resultado(s) 046586 Est\u00fadio de Cria\u00e7\u00e3o: Ensino e pr\u00e1tica de linguagens audiovisuais em sala de aula Thom\u00e1s Dalcol Townsend 02 Gradua\u00e7\u00e3o 16h N\u00e3o especificado Edital \u00a0 053674 Adote uma les\u00e3o: um projeto interdisciplinar de aten\u00e7\u00e3o em sa\u00fade Neida Luiza Kaspary Pellenz 01 Gradua\u00e7\u00e3o 16h N\u00e3o [&hellip;]<\/p>\n","protected":false},"author":2813,"featured_media":0,"comment_status":"closed","ping_status":"closed","sticky":false,"template":"","format":"standard","meta":{"footnotes":""},"categories":[1],"tags":[],"class_list":["post-15114","post","type-post","status-publish","format-standard","hentry","category-sem-categoria"],"acf":[],"_links":{"self":[{"href":"https:\/\/www.ufsm.br\/pro-reitorias\/pre\/wp-json\/wp\/v2\/posts\/15114","targetHints":{"allow":["GET"]}}],"collection":[{"href":"https:\/\/www.ufsm.br\/pro-reitorias\/pre\/wp-json\/wp\/v2\/posts"}],"about":[{"href":"https:\/\/www.ufsm.br\/pro-reitorias\/pre\/wp-json\/wp\/v2\/types\/post"}],"author":[{"embeddable":true,"href":"https:\/\/www.ufsm.br\/pro-reitorias\/pre\/wp-json\/wp\/v2\/users\/2813"}],"replies":[{"embeddable":true,"href":"https:\/\/www.ufsm.br\/pro-reitorias\/pre\/wp-json\/wp\/v2\/comments?post=15114"}],"version-history":[{"count":0,"href":"https:\/\/www.ufsm.br\/pro-reitorias\/pre\/wp-json\/wp\/v2\/posts\/15114\/revisions"}],"wp:attachment":[{"href":"https:\/\/www.ufsm.br\/pro-reitorias\/pre\/wp-json\/wp\/v2\/media?parent=15114"}],"wp:term":[{"taxonomy":"category","embeddable":true,"href":"https:\/\/www.ufsm.br\/pro-reitorias\/pre\/wp-json\/wp\/v2\/categories?post=15114"},{"taxonomy":"post_tag","embeddable":true,"href":"https:\/\/www.ufsm.br\/pro-reitorias\/pre\/wp-json\/wp\/v2\/tags?post=15114"}],"curies":[{"name":"wp","href":"https:\/\/api.w.org\/{rel}","templated":true}]}}