{"id":15130,"date":"2026-03-13T10:47:37","date_gmt":"2026-03-13T13:47:37","guid":{"rendered":"https:\/\/www.ufsm.br\/pro-reitorias\/pre\/?p=15130"},"modified":"2026-03-20T11:43:45","modified_gmt":"2026-03-20T14:43:45","slug":"seminario-do-geoparque-quarta-colonia-debate-turismo-cultura-e-meio-ambiente-na-regiao","status":"publish","type":"post","link":"https:\/\/www.ufsm.br\/pro-reitorias\/pre\/2026\/03\/13\/seminario-do-geoparque-quarta-colonia-debate-turismo-cultura-e-meio-ambiente-na-regiao","title":{"rendered":"Semin\u00e1rio do Geoparque Quarta Col\u00f4nia debate turismo, cultura e meio ambiente na regi\u00e3o"},"content":{"rendered":"\t\t<div data-elementor-type=\"wp-post\" data-elementor-id=\"15130\" class=\"elementor elementor-15130\">\n\t\t\t\t\t\t<section class=\"elementor-section elementor-top-section elementor-element elementor-element-5d87bf41 elementor-section-boxed elementor-section-height-default elementor-section-height-default\" data-id=\"5d87bf41\" data-element_type=\"section\">\n\t\t\t\t\t\t<div class=\"elementor-container elementor-column-gap-default\">\n\t\t\t\t\t<div class=\"elementor-column elementor-col-100 elementor-top-column elementor-element elementor-element-63461bf3\" data-id=\"63461bf3\" data-element_type=\"column\">\n\t\t\t<div class=\"elementor-widget-wrap elementor-element-populated\">\n\t\t\t\t\t\t<div class=\"elementor-element elementor-element-70d4966e elementor-widget elementor-widget-text-editor\" data-id=\"70d4966e\" data-element_type=\"widget\" data-widget_type=\"text-editor.default\">\n\t\t\t\t<div class=\"elementor-widget-container\">\n\t\t\t\t\t\t\t<p><!-- wp:paragraph --><\/p>\n<p>No dia 24 de fevereiro de 2026, aconteceu o Semin\u00e1rio da Quarta Col\u00f4nia&nbsp; Geoparque Mundial da Organiza\u00e7\u00e3o das Na\u00e7\u00f5es Unidas para a Educa\u00e7\u00e3o, a Ci\u00eancia e a Cultura (UNESCO). O evento aconteceu no Munic\u00edpio de Ivor\u00e1 e reuniu representa\u00e7\u00f5es dos nove munic\u00edpios da regi\u00e3o com a finalidade de compartilhar conhecimento acerca do territ\u00f3rio e fortalecer as comiss\u00f5es para promover a\u00e7\u00f5es de turismo, cultura, educa\u00e7\u00e3o, comunica\u00e7\u00e3o e meio-ambiente no territ\u00f3rio.<\/p>\n<p><!-- \/wp:paragraph --><!-- wp:paragraph --><\/p>\n<p>Estiveram presentes no evento representando a Universidade Federal de Santa Maria (UFSM) a Pr\u00f3-Reitoria de Extens\u00e3o, o coordenador da Coordenadoria de Desenvolvimento Regional (CODER), Leandro Nunes Gabbi, a turism\u00f3loga na Subdivis\u00e3o de Geoparques, Bibiana Schiavini, a docente Suzane Marcuzzo e membros do Comit\u00ea Cient\u00edfico do Geoparque Quarta Col\u00f4nia que representam a UFSM, Adriano Figueir\u00f3, Maria Medianeira Padoin e Jorge Cruz.<\/p>\n<p><!-- \/wp:paragraph --><!-- wp:paragraph --><\/p>\n<p>De manh\u00e3, aconteceram palestras com Rodrigo Temp Muller, paleont\u00f3logo do Centro de Apoio \u00e0 Pesquisa Paleontol\u00f3gica (CAPPA) da UFSM, Vanessa Corales e Suellen Saccol, representantes do Parque Estadual da Quarta Col\u00f4nia, e Tanice Kormann, representante do Corredor Ecol\u00f3gico da Quarta Col\u00f4nia.<\/p>\n<p><span id=\"docs-internal-guid-e0644439-7fff-6992-e5da-bdaf13602032\"><span style=\"font-size: 12pt;font-family: Arial, sans-serif;vertical-align: baseline\">Na parte da tarde, os participantes se dividiram em tr\u00eas comiss\u00f5es para compartilhar experi\u00eancias e planejar a\u00e7\u00f5es que fomentem o desenvolvimento regional no territ\u00f3rio<\/span><span style=\"font-size: 12pt;font-family: Roboto, sans-serif;vertical-align: baseline\">.<\/span><\/span><\/p>\n<p><!-- \/wp:paragraph --><!-- wp:image {\"id\":15131,\"sizeSlug\":\"large\",\"linkDestination\":\"none\",\"align\":\"center\"} --><\/p>\n<figure class=\"wp-block-image aligncenter size-large\"><img fetchpriority=\"high\" decoding=\"async\" width=\"1024\" height=\"473\" class=\"wp-image-15131\" src=\"https:\/\/www.ufsm.br\/app\/uploads\/sites\/346\/2026\/03\/WhatsApp-Image-2026-03-06-at-15.14.25-1024x473.jpeg\" alt=\"\" srcset=\"https:\/\/www.ufsm.br\/app\/uploads\/sites\/346\/2026\/03\/WhatsApp-Image-2026-03-06-at-15.14.25-1024x473.jpeg 1024w, https:\/\/www.ufsm.br\/app\/uploads\/sites\/346\/2026\/03\/WhatsApp-Image-2026-03-06-at-15.14.25-300x139.jpeg 300w, https:\/\/www.ufsm.br\/app\/uploads\/sites\/346\/2026\/03\/WhatsApp-Image-2026-03-06-at-15.14.25-768x355.jpeg 768w, https:\/\/www.ufsm.br\/app\/uploads\/sites\/346\/2026\/03\/WhatsApp-Image-2026-03-06-at-15.14.25-1536x709.jpeg 1536w, https:\/\/www.ufsm.br\/app\/uploads\/sites\/346\/2026\/03\/WhatsApp-Image-2026-03-06-at-15.14.25.jpeg 1600w\" sizes=\"(max-width: 1024px) 100vw, 1024px\" \/><\/figure>\n<p><!-- \/wp:image --><!-- wp:paragraph --><\/p>\n<p><em>Texto: Bibiana Schiavini, turism\u00f3loga da Subdivis\u00e3o de Geoparques (PRE\/UFSM)&nbsp;<\/em><\/p>\n<p><!-- \/wp:paragraph --><!-- wp:paragraph --><\/p>\n<p><em>Revis\u00e3o: Catharina Viegas, revisora de textos da Subdivis\u00e3o de Divulga\u00e7\u00e3o e Editora\u00e7\u00e3o (PRE\/UFSM).<\/em><\/p>\n<p><!-- \/wp:paragraph --><!-- wp:paragraph --><\/p>\n<p><em>Foto: Assessoria de comunica\u00e7\u00e3o do Geoparque Quarta Col\u00f4nia.<\/em><\/p>\n<p><!-- \/wp:paragraph --><\/p>\t\t\t\t\t\t<\/div>\n\t\t\t\t<\/div>\n\t\t\t\t\t<\/div>\n\t\t<\/div>\n\t\t\t\t\t<\/div>\n\t\t<\/section>\n\t\t\t\t<section class=\"elementor-section elementor-top-section elementor-element elementor-element-b909bc8 elementor-section-boxed elementor-section-height-default elementor-section-height-default\" data-id=\"b909bc8\" data-element_type=\"section\">\n\t\t\t\t\t\t<div class=\"elementor-container elementor-column-gap-default\">\n\t\t\t\t\t<div class=\"elementor-column elementor-col-50 elementor-top-column elementor-element elementor-element-9bdb685\" data-id=\"9bdb685\" data-element_type=\"column\">\n\t\t\t<div class=\"elementor-widget-wrap elementor-element-populated\">\n\t\t\t\t\t\t<div class=\"elementor-element elementor-element-729dff0 elementor-widget elementor-widget-image\" data-id=\"729dff0\" data-element_type=\"widget\" data-widget_type=\"image.default\">\n\t\t\t\t<div class=\"elementor-widget-container\">\n\t\t\t\t\t\t\t\t\t\t\t\t\t<img decoding=\"async\" width=\"1024\" height=\"1024\" src=\"https:\/\/www.ufsm.br\/app\/uploads\/sites\/346\/2020\/09\/ODS_4-1024x1024.jpg\" class=\"attachment-large size-large wp-image-4373\" alt=\"\" srcset=\"https:\/\/www.ufsm.br\/app\/uploads\/sites\/346\/2020\/09\/ODS_4-1024x1024.jpg 1024w, https:\/\/www.ufsm.br\/app\/uploads\/sites\/346\/2020\/09\/ODS_4-300x300.jpg 300w, https:\/\/www.ufsm.br\/app\/uploads\/sites\/346\/2020\/09\/ODS_4-150x150.jpg 150w, https:\/\/www.ufsm.br\/app\/uploads\/sites\/346\/2020\/09\/ODS_4-768x768.jpg 768w, https:\/\/www.ufsm.br\/app\/uploads\/sites\/346\/2020\/09\/ODS_4-1536x1536.jpg 1536w, https:\/\/www.ufsm.br\/app\/uploads\/sites\/346\/2020\/09\/ODS_4.jpg 1920w\" sizes=\"(max-width: 1024px) 100vw, 1024px\" \/>\t\t\t\t\t\t\t\t\t\t\t\t\t<\/div>\n\t\t\t\t<\/div>\n\t\t\t\t\t<\/div>\n\t\t<\/div>\n\t\t\t\t<div class=\"elementor-column elementor-col-50 elementor-top-column elementor-element elementor-element-589103b\" data-id=\"589103b\" data-element_type=\"column\">\n\t\t\t<div class=\"elementor-widget-wrap elementor-element-populated\">\n\t\t\t\t\t\t<div class=\"elementor-element elementor-element-e8d4a5f elementor-widget elementor-widget-image\" data-id=\"e8d4a5f\" data-element_type=\"widget\" data-widget_type=\"image.default\">\n\t\t\t\t<div class=\"elementor-widget-container\">\n\t\t\t\t\t\t\t\t\t\t\t\t\t<img decoding=\"async\" width=\"1024\" height=\"1024\" src=\"https:\/\/www.ufsm.br\/app\/uploads\/sites\/346\/2020\/09\/ODS_17-1024x1024.jpg\" class=\"attachment-large size-large wp-image-4386\" alt=\"\" srcset=\"https:\/\/www.ufsm.br\/app\/uploads\/sites\/346\/2020\/09\/ODS_17-1024x1024.jpg 1024w, https:\/\/www.ufsm.br\/app\/uploads\/sites\/346\/2020\/09\/ODS_17-300x300.jpg 300w, https:\/\/www.ufsm.br\/app\/uploads\/sites\/346\/2020\/09\/ODS_17-150x150.jpg 150w, https:\/\/www.ufsm.br\/app\/uploads\/sites\/346\/2020\/09\/ODS_17-768x768.jpg 768w, https:\/\/www.ufsm.br\/app\/uploads\/sites\/346\/2020\/09\/ODS_17-1536x1536.jpg 1536w, https:\/\/www.ufsm.br\/app\/uploads\/sites\/346\/2020\/09\/ODS_17.jpg 1920w\" sizes=\"(max-width: 1024px) 100vw, 1024px\" \/>\t\t\t\t\t\t\t\t\t\t\t\t\t<\/div>\n\t\t\t\t<\/div>\n\t\t\t\t\t<\/div>\n\t\t<\/div>\n\t\t\t\t\t<\/div>\n\t\t<\/section>\n\t\t\t\t<\/div>\n\t\t","protected":false},"excerpt":{"rendered":"<p>Com participa\u00e7\u00e3o de representantes municipais e da UFSM, o Semin\u00e1rio da Quarta Col\u00f4nia Geoparque Mundial da UNESCO promoveu debates e planejamento de a\u00e7\u00f5es para o territ\u00f3rio.<\/p>\n","protected":false},"author":9186,"featured_media":15132,"comment_status":"closed","ping_status":"closed","sticky":false,"template":"","format":"standard","meta":{"footnotes":""},"categories":[203,254,276,694,617],"tags":[290,364,342],"class_list":["post-15130","post","type-post","status-publish","format-standard","has-post-thumbnail","hentry","category-eventos","category-geoparques","category-noticias","category-progredir-geoparque-cacapava","category-progredir-geoparque-quarta-colonia","tag-geoparque-quarta-colonia","tag-ods-04","tag-ods-17"],"acf":[],"_links":{"self":[{"href":"https:\/\/www.ufsm.br\/pro-reitorias\/pre\/wp-json\/wp\/v2\/posts\/15130","targetHints":{"allow":["GET"]}}],"collection":[{"href":"https:\/\/www.ufsm.br\/pro-reitorias\/pre\/wp-json\/wp\/v2\/posts"}],"about":[{"href":"https:\/\/www.ufsm.br\/pro-reitorias\/pre\/wp-json\/wp\/v2\/types\/post"}],"author":[{"embeddable":true,"href":"https:\/\/www.ufsm.br\/pro-reitorias\/pre\/wp-json\/wp\/v2\/users\/9186"}],"replies":[{"embeddable":true,"href":"https:\/\/www.ufsm.br\/pro-reitorias\/pre\/wp-json\/wp\/v2\/comments?post=15130"}],"version-history":[{"count":0,"href":"https:\/\/www.ufsm.br\/pro-reitorias\/pre\/wp-json\/wp\/v2\/posts\/15130\/revisions"}],"wp:featuredmedia":[{"embeddable":true,"href":"https:\/\/www.ufsm.br\/pro-reitorias\/pre\/wp-json\/wp\/v2\/media\/15132"}],"wp:attachment":[{"href":"https:\/\/www.ufsm.br\/pro-reitorias\/pre\/wp-json\/wp\/v2\/media?parent=15130"}],"wp:term":[{"taxonomy":"category","embeddable":true,"href":"https:\/\/www.ufsm.br\/pro-reitorias\/pre\/wp-json\/wp\/v2\/categories?post=15130"},{"taxonomy":"post_tag","embeddable":true,"href":"https:\/\/www.ufsm.br\/pro-reitorias\/pre\/wp-json\/wp\/v2\/tags?post=15130"}],"curies":[{"name":"wp","href":"https:\/\/api.w.org\/{rel}","templated":true}]}}