{"id":15137,"date":"2026-03-13T14:37:49","date_gmt":"2026-03-13T17:37:49","guid":{"rendered":"https:\/\/www.ufsm.br\/pro-reitorias\/pre\/?p=15137"},"modified":"2026-03-13T14:40:48","modified_gmt":"2026-03-13T17:40:48","slug":"feira-dos-geoparques-movimenta-o-shopping-praca-nova","status":"publish","type":"post","link":"https:\/\/www.ufsm.br\/pro-reitorias\/pre\/2026\/03\/13\/feira-dos-geoparques-movimenta-o-shopping-praca-nova","title":{"rendered":"Feira dos Geoparques movimenta o Shopping Pra\u00e7a Nova"},"content":{"rendered":"\t\t<div data-elementor-type=\"wp-post\" data-elementor-id=\"15137\" class=\"elementor elementor-15137\">\n\t\t\t\t\t\t<section class=\"elementor-section elementor-top-section elementor-element elementor-element-20ed2eb0 elementor-section-boxed elementor-section-height-default elementor-section-height-default\" data-id=\"20ed2eb0\" data-element_type=\"section\">\n\t\t\t\t\t\t<div class=\"elementor-container elementor-column-gap-default\">\n\t\t\t\t\t<div class=\"elementor-column elementor-col-100 elementor-top-column elementor-element elementor-element-5817ec19\" data-id=\"5817ec19\" data-element_type=\"column\">\n\t\t\t<div class=\"elementor-widget-wrap elementor-element-populated\">\n\t\t\t\t\t\t<div class=\"elementor-element elementor-element-15d84a5a elementor-widget elementor-widget-text-editor\" data-id=\"15d84a5a\" data-element_type=\"widget\" data-widget_type=\"text-editor.default\">\n\t\t\t\t<div class=\"elementor-widget-container\">\n\t\t\t\t\t\t\t<!-- wp:paragraph -->\n<p>Nos dias 28 de fevereiro e 1\u00ba de mar\u00e7o, Santa Maria sediou a Feira dos Geoparques com a tem\u00e1tica <em>Turismo<\/em>, um evento realizado no Shopping Pra\u00e7a Nova.\u00a0<\/p>\n<!-- \/wp:paragraph -->\n\n<!-- wp:paragraph -->\n<p>Durante os dois dias de programa\u00e7\u00e3o, o p\u00fablico que prestigiou a Feira teve a oportunidade de conhecer iniciativas ligadas aos territ\u00f3rios dos Geoparques de Ca\u00e7apava, da Quarta Col\u00f4nia e do projeto Ra\u00edzes de Pedra. Participaram empreendimentos que atuam em diferentes segmentos do Turismo, como gastronomia, meios de hospedagem, espa\u00e7os culturais e ag\u00eancias de turismo receptivo.<\/p>\n<!-- \/wp:paragraph -->\n\n<!-- wp:paragraph -->\n<p>No total, 20 empreendimentos estiveram presentes no evento, representando iniciativas desenvolvidas em 18 munic\u00edpios que integram os tr\u00eas territ\u00f3rios.<\/p>\n<!-- \/wp:paragraph -->\n\n<!-- wp:paragraph -->\n<p>A realiza\u00e7\u00e3o da Feira resulta de uma parceria entre os territ\u00f3rios envolvidos, a Subdivis\u00e3o de Geoparques da UFSM e o Shopping Pra\u00e7a Nova. Essa iniciativa busca alavancar o desenvolvimento tur\u00edstico e regional atrav\u00e9s da estrat\u00e9gia dos Geoparques, que articula geoconserva\u00e7\u00e3o, geoturismo e gera\u00e7\u00e3o de renda.\u00a0<\/p>\n<!-- \/wp:paragraph -->\n\n<!-- wp:paragraph -->\n<p>Para 2026, foi planejado um calend\u00e1rio anual com atividades destinadas \u00e0 divulga\u00e7\u00e3o de empreendedores que atuam nos territ\u00f3rios. A pr\u00f3xima Feira dos Geoparques, com a tem\u00e1tica da P\u00e1scoa, ser\u00e1 realizada no Shopping Pra\u00e7a Nova durante os dias 28 e 29 de mar\u00e7o. O p\u00fablico est\u00e1 convidado a participar e conhecer de perto as experi\u00eancias tur\u00edsticas que integram os territ\u00f3rios dos Geoparques da regi\u00e3o.<\/p>\n<!-- \/wp:paragraph -->\n\n<!-- wp:columns -->\n<div class=\"wp-block-columns\"><!-- wp:column -->\n<div class=\"wp-block-column\"><!-- wp:image {\"id\":15138,\"sizeSlug\":\"large\",\"linkDestination\":\"none\"} -->\n<figure class=\"wp-block-image size-large\"><img fetchpriority=\"high\" decoding=\"async\" width=\"768\" height=\"1024\" src=\"https:\/\/www.ufsm.br\/app\/uploads\/sites\/346\/2026\/03\/WhatsApp-Image-2026-03-01-at-17.18.07-768x1024.jpeg\" alt=\"\" class=\"wp-image-15138\" srcset=\"https:\/\/www.ufsm.br\/app\/uploads\/sites\/346\/2026\/03\/WhatsApp-Image-2026-03-01-at-17.18.07-768x1024.jpeg 768w, https:\/\/www.ufsm.br\/app\/uploads\/sites\/346\/2026\/03\/WhatsApp-Image-2026-03-01-at-17.18.07-225x300.jpeg 225w, https:\/\/www.ufsm.br\/app\/uploads\/sites\/346\/2026\/03\/WhatsApp-Image-2026-03-01-at-17.18.07-1152x1536.jpeg 1152w, https:\/\/www.ufsm.br\/app\/uploads\/sites\/346\/2026\/03\/WhatsApp-Image-2026-03-01-at-17.18.07.jpeg 1200w\" sizes=\"(max-width: 768px) 100vw, 768px\" \/><\/figure>\n<!-- \/wp:image --><\/div>\n<!-- \/wp:column -->\n\n<!-- wp:column -->\n<div class=\"wp-block-column\"><!-- wp:image {\"id\":15139,\"sizeSlug\":\"large\",\"linkDestination\":\"none\"} -->\n<figure class=\"wp-block-image size-large\"><img decoding=\"async\" width=\"768\" height=\"1024\" src=\"https:\/\/www.ufsm.br\/app\/uploads\/sites\/346\/2026\/03\/WhatsApp-Image-2026-03-01-at-17.18.13-768x1024.jpeg\" alt=\"\" class=\"wp-image-15139\" srcset=\"https:\/\/www.ufsm.br\/app\/uploads\/sites\/346\/2026\/03\/WhatsApp-Image-2026-03-01-at-17.18.13-768x1024.jpeg 768w, https:\/\/www.ufsm.br\/app\/uploads\/sites\/346\/2026\/03\/WhatsApp-Image-2026-03-01-at-17.18.13-225x300.jpeg 225w, https:\/\/www.ufsm.br\/app\/uploads\/sites\/346\/2026\/03\/WhatsApp-Image-2026-03-01-at-17.18.13-1152x1536.jpeg 1152w, https:\/\/www.ufsm.br\/app\/uploads\/sites\/346\/2026\/03\/WhatsApp-Image-2026-03-01-at-17.18.13.jpeg 1200w\" sizes=\"(max-width: 768px) 100vw, 768px\" \/><\/figure>\n<!-- \/wp:image --><\/div>\n<!-- \/wp:column -->\n\n<!-- wp:column -->\n<div class=\"wp-block-column\"><!-- wp:image {\"id\":15140,\"sizeSlug\":\"large\",\"linkDestination\":\"none\"} -->\n<figure class=\"wp-block-image size-large\"><img decoding=\"async\" width=\"768\" height=\"1024\" src=\"https:\/\/www.ufsm.br\/app\/uploads\/sites\/346\/2026\/03\/WhatsApp-Image-2026-03-01-at-17.18.11-1-768x1024.jpeg\" alt=\"\" class=\"wp-image-15140\" srcset=\"https:\/\/www.ufsm.br\/app\/uploads\/sites\/346\/2026\/03\/WhatsApp-Image-2026-03-01-at-17.18.11-1-768x1024.jpeg 768w, https:\/\/www.ufsm.br\/app\/uploads\/sites\/346\/2026\/03\/WhatsApp-Image-2026-03-01-at-17.18.11-1-225x300.jpeg 225w, https:\/\/www.ufsm.br\/app\/uploads\/sites\/346\/2026\/03\/WhatsApp-Image-2026-03-01-at-17.18.11-1-1152x1536.jpeg 1152w, https:\/\/www.ufsm.br\/app\/uploads\/sites\/346\/2026\/03\/WhatsApp-Image-2026-03-01-at-17.18.11-1.jpeg 1200w\" sizes=\"(max-width: 768px) 100vw, 768px\" \/><\/figure>\n<!-- \/wp:image --><\/div>\n<!-- \/wp:column --><\/div>\n<!-- \/wp:columns -->\n\n<!-- wp:image {\"id\":15141,\"sizeSlug\":\"large\",\"linkDestination\":\"none\",\"align\":\"center\"} -->\n<figure class=\"wp-block-image aligncenter size-large\"><img loading=\"lazy\" decoding=\"async\" width=\"1024\" height=\"768\" src=\"https:\/\/www.ufsm.br\/app\/uploads\/sites\/346\/2026\/03\/WhatsApp-Image-2026-03-01-at-16.38.27-1024x768.jpeg\" alt=\"\" class=\"wp-image-15141\" srcset=\"https:\/\/www.ufsm.br\/app\/uploads\/sites\/346\/2026\/03\/WhatsApp-Image-2026-03-01-at-16.38.27-1024x768.jpeg 1024w, https:\/\/www.ufsm.br\/app\/uploads\/sites\/346\/2026\/03\/WhatsApp-Image-2026-03-01-at-16.38.27-300x225.jpeg 300w, https:\/\/www.ufsm.br\/app\/uploads\/sites\/346\/2026\/03\/WhatsApp-Image-2026-03-01-at-16.38.27-768x576.jpeg 768w, https:\/\/www.ufsm.br\/app\/uploads\/sites\/346\/2026\/03\/WhatsApp-Image-2026-03-01-at-16.38.27.jpeg 1280w\" sizes=\"(max-width: 1024px) 100vw, 1024px\" \/><\/figure>\n<!-- \/wp:image -->\n\n<!-- wp:paragraph -->\n<p><em>Texto: Bibiana Schiavini, turism\u00f3loga da Subdivis\u00e3o de Geoparques (PRE\/UFSM)<\/em><\/p>\n<!-- \/wp:paragraph -->\n\n<!-- wp:paragraph -->\n<p><em>Revis\u00e3o: Esther Faria, bolsista de Letras &#8211; Portugu\u00eas da Subdivis\u00e3o de Divulga\u00e7\u00e3o e Editora\u00e7\u00e3o (PRE\/UFSM)<\/em><\/p>\n<!-- \/wp:paragraph -->\n\n<!-- wp:paragraph -->\n<p><em>Fotos: Equipe de Marketing do Shopping Pra\u00e7a Nova<\/em><\/p>\n<!-- \/wp:paragraph -->\t\t\t\t\t\t<\/div>\n\t\t\t\t<\/div>\n\t\t\t\t\t<\/div>\n\t\t<\/div>\n\t\t\t\t\t<\/div>\n\t\t<\/section>\n\t\t\t\t<section class=\"elementor-section elementor-top-section elementor-element elementor-element-0a89e4d elementor-section-boxed elementor-section-height-default elementor-section-height-default\" data-id=\"0a89e4d\" data-element_type=\"section\">\n\t\t\t\t\t\t<div class=\"elementor-container elementor-column-gap-default\">\n\t\t\t\t\t<div class=\"elementor-column elementor-col-50 elementor-top-column elementor-element elementor-element-c4cf281\" data-id=\"c4cf281\" data-element_type=\"column\">\n\t\t\t<div class=\"elementor-widget-wrap elementor-element-populated\">\n\t\t\t\t\t\t<div class=\"elementor-element elementor-element-5fc9143 elementor-widget elementor-widget-image\" data-id=\"5fc9143\" data-element_type=\"widget\" data-widget_type=\"image.default\">\n\t\t\t\t<div class=\"elementor-widget-container\">\n\t\t\t\t\t\t\t\t\t\t\t\t\t<img loading=\"lazy\" decoding=\"async\" width=\"1024\" height=\"1024\" src=\"https:\/\/www.ufsm.br\/app\/uploads\/sites\/346\/2020\/09\/ODS_4-1024x1024.jpg\" class=\"attachment-large size-large wp-image-4373\" alt=\"\" srcset=\"https:\/\/www.ufsm.br\/app\/uploads\/sites\/346\/2020\/09\/ODS_4-1024x1024.jpg 1024w, https:\/\/www.ufsm.br\/app\/uploads\/sites\/346\/2020\/09\/ODS_4-300x300.jpg 300w, https:\/\/www.ufsm.br\/app\/uploads\/sites\/346\/2020\/09\/ODS_4-150x150.jpg 150w, https:\/\/www.ufsm.br\/app\/uploads\/sites\/346\/2020\/09\/ODS_4-768x768.jpg 768w, https:\/\/www.ufsm.br\/app\/uploads\/sites\/346\/2020\/09\/ODS_4-1536x1536.jpg 1536w, https:\/\/www.ufsm.br\/app\/uploads\/sites\/346\/2020\/09\/ODS_4.jpg 1920w\" sizes=\"(max-width: 1024px) 100vw, 1024px\" \/>\t\t\t\t\t\t\t\t\t\t\t\t\t<\/div>\n\t\t\t\t<\/div>\n\t\t\t\t\t<\/div>\n\t\t<\/div>\n\t\t\t\t<div class=\"elementor-column elementor-col-50 elementor-top-column elementor-element elementor-element-1bf338d\" data-id=\"1bf338d\" data-element_type=\"column\">\n\t\t\t<div class=\"elementor-widget-wrap elementor-element-populated\">\n\t\t\t\t\t\t<div class=\"elementor-element elementor-element-79f57a3 elementor-widget elementor-widget-image\" data-id=\"79f57a3\" data-element_type=\"widget\" data-widget_type=\"image.default\">\n\t\t\t\t<div class=\"elementor-widget-container\">\n\t\t\t\t\t\t\t\t\t\t\t\t\t<img loading=\"lazy\" decoding=\"async\" width=\"1024\" height=\"1024\" src=\"https:\/\/www.ufsm.br\/app\/uploads\/sites\/346\/2020\/09\/ODS_17-1024x1024.jpg\" class=\"attachment-large size-large wp-image-4386\" alt=\"\" srcset=\"https:\/\/www.ufsm.br\/app\/uploads\/sites\/346\/2020\/09\/ODS_17-1024x1024.jpg 1024w, https:\/\/www.ufsm.br\/app\/uploads\/sites\/346\/2020\/09\/ODS_17-300x300.jpg 300w, https:\/\/www.ufsm.br\/app\/uploads\/sites\/346\/2020\/09\/ODS_17-150x150.jpg 150w, https:\/\/www.ufsm.br\/app\/uploads\/sites\/346\/2020\/09\/ODS_17-768x768.jpg 768w, https:\/\/www.ufsm.br\/app\/uploads\/sites\/346\/2020\/09\/ODS_17-1536x1536.jpg 1536w, https:\/\/www.ufsm.br\/app\/uploads\/sites\/346\/2020\/09\/ODS_17.jpg 1920w\" sizes=\"(max-width: 1024px) 100vw, 1024px\" \/>\t\t\t\t\t\t\t\t\t\t\t\t\t<\/div>\n\t\t\t\t<\/div>\n\t\t\t\t\t<\/div>\n\t\t<\/div>\n\t\t\t\t\t<\/div>\n\t\t<\/section>\n\t\t\t\t<\/div>\n\t\t","protected":false},"excerpt":{"rendered":"<p>O Shopping Pra\u00e7a Nova, em Santa Maria, recebeu a Feira dos Geoparques, evento que promove a\u00e7\u00f5es de empreendedores do Turismo nos territ\u00f3rios de Ca\u00e7apava, da Quarta Col\u00f4nia e do projeto Ra\u00edzes de Pedra.<\/p>\n","protected":false},"author":9186,"featured_media":15142,"comment_status":"closed","ping_status":"closed","sticky":false,"template":"","format":"standard","meta":{"footnotes":""},"categories":[722,640,254,276],"tags":[290,364,342],"class_list":["post-15137","post","type-post","status-publish","format-standard","has-post-thumbnail","hentry","category-distrito-criativo","category-extensao","category-geoparques","category-noticias","tag-geoparque-quarta-colonia","tag-ods-04","tag-ods-17"],"acf":[],"_links":{"self":[{"href":"https:\/\/www.ufsm.br\/pro-reitorias\/pre\/wp-json\/wp\/v2\/posts\/15137","targetHints":{"allow":["GET"]}}],"collection":[{"href":"https:\/\/www.ufsm.br\/pro-reitorias\/pre\/wp-json\/wp\/v2\/posts"}],"about":[{"href":"https:\/\/www.ufsm.br\/pro-reitorias\/pre\/wp-json\/wp\/v2\/types\/post"}],"author":[{"embeddable":true,"href":"https:\/\/www.ufsm.br\/pro-reitorias\/pre\/wp-json\/wp\/v2\/users\/9186"}],"replies":[{"embeddable":true,"href":"https:\/\/www.ufsm.br\/pro-reitorias\/pre\/wp-json\/wp\/v2\/comments?post=15137"}],"version-history":[{"count":0,"href":"https:\/\/www.ufsm.br\/pro-reitorias\/pre\/wp-json\/wp\/v2\/posts\/15137\/revisions"}],"wp:featuredmedia":[{"embeddable":true,"href":"https:\/\/www.ufsm.br\/pro-reitorias\/pre\/wp-json\/wp\/v2\/media\/15142"}],"wp:attachment":[{"href":"https:\/\/www.ufsm.br\/pro-reitorias\/pre\/wp-json\/wp\/v2\/media?parent=15137"}],"wp:term":[{"taxonomy":"category","embeddable":true,"href":"https:\/\/www.ufsm.br\/pro-reitorias\/pre\/wp-json\/wp\/v2\/categories?post=15137"},{"taxonomy":"post_tag","embeddable":true,"href":"https:\/\/www.ufsm.br\/pro-reitorias\/pre\/wp-json\/wp\/v2\/tags?post=15137"}],"curies":[{"name":"wp","href":"https:\/\/api.w.org\/{rel}","templated":true}]}}