{"id":15275,"date":"2026-03-27T10:31:25","date_gmt":"2026-03-27T13:31:25","guid":{"rendered":"https:\/\/www.ufsm.br\/pro-reitorias\/pre\/?p=15275"},"modified":"2026-03-27T10:32:14","modified_gmt":"2026-03-27T13:32:14","slug":"ufsm-promove-painel-sobre-juventudes-rurais-e-sucessao-familiar-no-rs","status":"publish","type":"post","link":"https:\/\/www.ufsm.br\/pro-reitorias\/pre\/2026\/03\/27\/ufsm-promove-painel-sobre-juventudes-rurais-e-sucessao-familiar-no-rs","title":{"rendered":"UFSM promove painel sobre juventudes rurais e sucess\u00e3o familiar no RS"},"content":{"rendered":"\t\t<div data-elementor-type=\"wp-post\" data-elementor-id=\"15275\" class=\"elementor elementor-15275\">\n\t\t\t\t\t\t<section class=\"elementor-section elementor-top-section elementor-element elementor-element-6ab2ecb5 elementor-section-boxed elementor-section-height-default elementor-section-height-default\" data-id=\"6ab2ecb5\" data-element_type=\"section\">\n\t\t\t\t\t\t<div class=\"elementor-container elementor-column-gap-default\">\n\t\t\t\t\t<div class=\"elementor-column elementor-col-100 elementor-top-column elementor-element elementor-element-1decafaa\" data-id=\"1decafaa\" data-element_type=\"column\">\n\t\t\t<div class=\"elementor-widget-wrap elementor-element-populated\">\n\t\t\t\t\t\t<div class=\"elementor-element elementor-element-244343e4 elementor-widget elementor-widget-text-editor\" data-id=\"244343e4\" data-element_type=\"widget\" data-widget_type=\"text-editor.default\">\n\t\t\t\t<div class=\"elementor-widget-container\">\n\t\t\t\t\t\t\t<!-- wp:paragraph -->\n<p>A Universidade Federal de Santa Maria realizar\u00e1, no dia 1\u00ba de abril de 2026, o painel \u201cQuem vai ficar no campo?\u201d, evento que marca o lan\u00e7amento do Projeto de Extens\u00e3o e Pesquisa <em>Juventudes Rurais no Territ\u00f3rio Central do RS: sucess\u00e3o familiar, inclus\u00e3o produtiva e participa\u00e7\u00e3o social<\/em>. A atividade ocorre das 14h \u00e0s 17h, no Audit\u00f3rio do NESAF (Pr\u00e9dio 44 F, sala 306), no campus sede.<\/p>\n<!-- \/wp:paragraph -->\n\n<!-- wp:paragraph -->\n<p>A iniciativa \u00e9 fruto de uma parceria entre UFSM, Universidade Federal da Fronteira Sul (UFFS), Federa\u00e7\u00e3o dos Trabalhadores na Agricultura no Rio Grande do Sul (FETAG-RS) e Instituto de Forma\u00e7\u00e3o Sindical Irm\u00e3o Miguel (IFSIM), com aprova\u00e7\u00e3o no edital CNPq\/FNDCT\/SGPR\/MDS n\u00ba 17\/2025.<\/p>\n<!-- \/wp:paragraph -->\n\n<!-- wp:paragraph -->\n<p>O evento tem como foco discutir os desafios enfrentados pelas juventudes rurais, especialmente no que diz respeito ao \u00eaxodo do campo, \u00e0 sucess\u00e3o familiar na agricultura e \u00e0 amplia\u00e7\u00e3o de pol\u00edticas p\u00fablicas voltadas \u00e0 perman\u00eancia dos jovens no meio rural.<\/p>\n<!-- \/wp:paragraph -->\n\n<!-- wp:heading -->\n<h2 class=\"wp-block-heading\">Programa\u00e7\u00e3o<\/h2>\n<!-- \/wp:heading -->\n\n<!-- wp:paragraph -->\n<p>A programa\u00e7\u00e3o inicia \u00e0s 14h com a mesa de abertura. Em seguida, \u00e0s 14h30, ocorre o primeiro painel, intitulado \u201cJuventudes e \u00caxodo Rural \u2013 Dilemas e Desafios\u201d, com media\u00e7\u00e3o do professor Jos\u00e9 Marcos Froehlich (UFSM). Participam como painelistas Camila Rode, coordenadora de Juventude da FETAG-RS, Daiane Loreto de Vargas (PPGExR\/UFSM) e Aline Roque (IFFar).<\/p>\n<!-- \/wp:paragraph -->\n\n<!-- wp:paragraph -->\n<p>Ap\u00f3s um intervalo, \u00e0s 15h45, o evento segue com o segundo painel, \u00e0s 16h, abordando \u201cPol\u00edticas P\u00fablicas e Sucess\u00e3o na Agricultura Familiar\u201d. A media\u00e7\u00e3o ser\u00e1 do professor Joel Marin (UFSM), com participa\u00e7\u00e3o de Valdecir Jos\u00e9 Zonin (UFFS), Anderson Denardin Cardoso (Emater) e Cl\u00e1udia Bernardini (Emater).<\/p>\n<!-- \/wp:paragraph -->\n\n<!-- wp:paragraph -->\n<p>O projeto busca fomentar o debate e a constru\u00e7\u00e3o de estrat\u00e9gias que incentivem a perman\u00eancia de jovens no campo, promovendo inclus\u00e3o produtiva e fortalecendo a participa\u00e7\u00e3o social nas comunidades rurais.<\/p>\n<!-- \/wp:paragraph -->\n\n<!-- wp:heading -->\n<h2 class=\"wp-block-heading\">Contato<\/h2>\n<!-- \/wp:heading -->\n\n<!-- wp:paragraph -->\n<p>Mais informa\u00e7\u00f5es podem ser obtidas pelo e-mail da comiss\u00e3o organizadora: <a href=\"mailto:juventudesruraisrs@gmail.com\">juventudesruraisrs@gmail.com<\/a> ou via instagram <a href=\"https:\/\/www.instagram.com\/juventudesruraisrs?igsh=MWF2ZjBseHI3ZW84cQ%3D%3D\">@juventudesruraisrs<\/a>.<\/p>\n<!-- \/wp:paragraph -->\n\n<!-- wp:file {\"id\":15276,\"href\":\"https:\/\/www.ufsm.br\/app\/uploads\/sites\/346\/2026\/03\/PAINEL-TEMATICO-divulga.pdf\",\"displayPreview\":true} -->\n<div class=\"wp-block-file\"><object class=\"wp-block-file__embed\" data=\"https:\/\/www.ufsm.br\/app\/uploads\/sites\/346\/2026\/03\/PAINEL-TEMATICO-divulga.pdf\" type=\"application\/pdf\" style=\"width:100%;height:600px\" aria-label=\"PAINEL TEMATICO divulga\"><\/object><a id=\"wp-block-file--media-08ed5e85-a262-4b6f-9088-98dd1bee61f1\" href=\"https:\/\/www.ufsm.br\/app\/uploads\/sites\/346\/2026\/03\/PAINEL-TEMATICO-divulga.pdf\">PAINEL TEMATICO divulga<\/a><a href=\"https:\/\/www.ufsm.br\/app\/uploads\/sites\/346\/2026\/03\/PAINEL-TEMATICO-divulga.pdf\" class=\"wp-block-file__button wp-element-button\" download aria-describedby=\"wp-block-file--media-08ed5e85-a262-4b6f-9088-98dd1bee61f1\">Baixar<\/a><\/div>\n<!-- \/wp:file -->\n\n<!-- wp:paragraph -->\n<p><em>Texto: Laura Severo, bolsista de jornalismo da Subdivis\u00e3o de Divulga\u00e7\u00e3o e Editora\u00e7\u00e3o (PRE\/UFSM).<\/em><\/p>\n<!-- \/wp:paragraph -->\n\n<!-- wp:paragraph -->\n<p><em>Revis\u00e3o: Esther Faria, bolsista de Letras &#8211; Portugu\u00eas da Subdivis\u00e3o de Divulga\u00e7\u00e3o e Editora\u00e7\u00e3o (PRE\/UFSM)<\/em>.<\/p>\n<!-- \/wp:paragraph -->\t\t\t\t\t\t<\/div>\n\t\t\t\t<\/div>\n\t\t\t\t\t<\/div>\n\t\t<\/div>\n\t\t\t\t\t<\/div>\n\t\t<\/section>\n\t\t\t\t<section class=\"elementor-section elementor-top-section elementor-element elementor-element-1be0a9a elementor-section-boxed elementor-section-height-default elementor-section-height-default\" data-id=\"1be0a9a\" data-element_type=\"section\">\n\t\t\t\t\t\t<div class=\"elementor-container elementor-column-gap-default\">\n\t\t\t\t\t<div class=\"elementor-column elementor-col-50 elementor-top-column elementor-element elementor-element-912fd58\" data-id=\"912fd58\" data-element_type=\"column\">\n\t\t\t<div class=\"elementor-widget-wrap elementor-element-populated\">\n\t\t\t\t\t\t<div class=\"elementor-element elementor-element-e4a403f elementor-widget elementor-widget-image\" data-id=\"e4a403f\" data-element_type=\"widget\" data-widget_type=\"image.default\">\n\t\t\t\t<div class=\"elementor-widget-container\">\n\t\t\t\t\t\t\t\t\t\t\t\t\t<img fetchpriority=\"high\" decoding=\"async\" width=\"1024\" height=\"1024\" src=\"https:\/\/www.ufsm.br\/app\/uploads\/sites\/346\/2020\/09\/ODS_4-1024x1024.jpg\" class=\"attachment-large size-large wp-image-4373\" alt=\"\" srcset=\"https:\/\/www.ufsm.br\/app\/uploads\/sites\/346\/2020\/09\/ODS_4-1024x1024.jpg 1024w, https:\/\/www.ufsm.br\/app\/uploads\/sites\/346\/2020\/09\/ODS_4-300x300.jpg 300w, https:\/\/www.ufsm.br\/app\/uploads\/sites\/346\/2020\/09\/ODS_4-150x150.jpg 150w, https:\/\/www.ufsm.br\/app\/uploads\/sites\/346\/2020\/09\/ODS_4-768x768.jpg 768w, https:\/\/www.ufsm.br\/app\/uploads\/sites\/346\/2020\/09\/ODS_4-1536x1536.jpg 1536w, https:\/\/www.ufsm.br\/app\/uploads\/sites\/346\/2020\/09\/ODS_4.jpg 1920w\" sizes=\"(max-width: 1024px) 100vw, 1024px\" \/>\t\t\t\t\t\t\t\t\t\t\t\t\t<\/div>\n\t\t\t\t<\/div>\n\t\t\t\t\t<\/div>\n\t\t<\/div>\n\t\t\t\t<div class=\"elementor-column elementor-col-50 elementor-top-column elementor-element elementor-element-d646f8c\" data-id=\"d646f8c\" data-element_type=\"column\">\n\t\t\t<div class=\"elementor-widget-wrap elementor-element-populated\">\n\t\t\t\t\t\t<div class=\"elementor-element elementor-element-7b79418 elementor-widget elementor-widget-image\" data-id=\"7b79418\" data-element_type=\"widget\" data-widget_type=\"image.default\">\n\t\t\t\t<div class=\"elementor-widget-container\">\n\t\t\t\t\t\t\t\t\t\t\t\t\t<img decoding=\"async\" width=\"1024\" height=\"1024\" src=\"https:\/\/www.ufsm.br\/app\/uploads\/sites\/346\/2020\/09\/ODS_17-1024x1024.jpg\" class=\"attachment-large size-large wp-image-4386\" alt=\"\" srcset=\"https:\/\/www.ufsm.br\/app\/uploads\/sites\/346\/2020\/09\/ODS_17-1024x1024.jpg 1024w, https:\/\/www.ufsm.br\/app\/uploads\/sites\/346\/2020\/09\/ODS_17-300x300.jpg 300w, https:\/\/www.ufsm.br\/app\/uploads\/sites\/346\/2020\/09\/ODS_17-150x150.jpg 150w, https:\/\/www.ufsm.br\/app\/uploads\/sites\/346\/2020\/09\/ODS_17-768x768.jpg 768w, https:\/\/www.ufsm.br\/app\/uploads\/sites\/346\/2020\/09\/ODS_17-1536x1536.jpg 1536w, https:\/\/www.ufsm.br\/app\/uploads\/sites\/346\/2020\/09\/ODS_17.jpg 1920w\" sizes=\"(max-width: 1024px) 100vw, 1024px\" \/>\t\t\t\t\t\t\t\t\t\t\t\t\t<\/div>\n\t\t\t\t<\/div>\n\t\t\t\t\t<\/div>\n\t\t<\/div>\n\t\t\t\t\t<\/div>\n\t\t<\/section>\n\t\t\t\t<\/div>\n\t\t","protected":false},"excerpt":{"rendered":"<p>Desafios e oportunidades para jovens no meio rural estar\u00e3o em pauta em painel promovido pela UFSM no in\u00edcio de abril.<\/p>\n","protected":false},"author":9186,"featured_media":15277,"comment_status":"closed","ping_status":"closed","sticky":false,"template":"","format":"standard","meta":{"footnotes":""},"categories":[1047,832,492,203,276,1046,490],"tags":[88,364,342],"class_list":["post-15275","post","type-post","status-publish","format-standard","has-post-thumbnail","hentry","category-apresentando-projetos-de-extensao","category-dialogos-extensionistas","category-divulgacao","category-eventos","category-noticias","category-projetos","category-sociedade","tag-extensao","tag-ods-04","tag-ods-17"],"acf":[],"_links":{"self":[{"href":"https:\/\/www.ufsm.br\/pro-reitorias\/pre\/wp-json\/wp\/v2\/posts\/15275","targetHints":{"allow":["GET"]}}],"collection":[{"href":"https:\/\/www.ufsm.br\/pro-reitorias\/pre\/wp-json\/wp\/v2\/posts"}],"about":[{"href":"https:\/\/www.ufsm.br\/pro-reitorias\/pre\/wp-json\/wp\/v2\/types\/post"}],"author":[{"embeddable":true,"href":"https:\/\/www.ufsm.br\/pro-reitorias\/pre\/wp-json\/wp\/v2\/users\/9186"}],"replies":[{"embeddable":true,"href":"https:\/\/www.ufsm.br\/pro-reitorias\/pre\/wp-json\/wp\/v2\/comments?post=15275"}],"version-history":[{"count":0,"href":"https:\/\/www.ufsm.br\/pro-reitorias\/pre\/wp-json\/wp\/v2\/posts\/15275\/revisions"}],"wp:featuredmedia":[{"embeddable":true,"href":"https:\/\/www.ufsm.br\/pro-reitorias\/pre\/wp-json\/wp\/v2\/media\/15277"}],"wp:attachment":[{"href":"https:\/\/www.ufsm.br\/pro-reitorias\/pre\/wp-json\/wp\/v2\/media?parent=15275"}],"wp:term":[{"taxonomy":"category","embeddable":true,"href":"https:\/\/www.ufsm.br\/pro-reitorias\/pre\/wp-json\/wp\/v2\/categories?post=15275"},{"taxonomy":"post_tag","embeddable":true,"href":"https:\/\/www.ufsm.br\/pro-reitorias\/pre\/wp-json\/wp\/v2\/tags?post=15275"}],"curies":[{"name":"wp","href":"https:\/\/api.w.org\/{rel}","templated":true}]}}