{"id":15295,"date":"2026-03-27T15:18:58","date_gmt":"2026-03-27T18:18:58","guid":{"rendered":"https:\/\/www.ufsm.br\/pro-reitorias\/pre\/?p=15295"},"modified":"2026-03-27T15:31:27","modified_gmt":"2026-03-27T18:31:27","slug":"viva-o-campus-edicao-especial-dia-das-mulheres-mobiliza-a-comunidade-e-celebra-o-protagonismo-feminino-na-ufsm","status":"publish","type":"post","link":"https:\/\/www.ufsm.br\/pro-reitorias\/pre\/2026\/03\/27\/viva-o-campus-edicao-especial-dia-das-mulheres-mobiliza-a-comunidade-e-celebra-o-protagonismo-feminino-na-ufsm","title":{"rendered":"Viva o Campus, edi\u00e7\u00e3o especial Dia das Mulheres, mobiliza a comunidade e celebra o protagonismo feminino na UFSM"},"content":{"rendered":"\t\t<div data-elementor-type=\"wp-post\" data-elementor-id=\"15295\" class=\"elementor elementor-15295\">\n\t\t\t\t\t\t<section class=\"elementor-section elementor-top-section elementor-element elementor-element-433fef63 elementor-section-boxed elementor-section-height-default elementor-section-height-default\" data-id=\"433fef63\" data-element_type=\"section\">\n\t\t\t\t\t\t<div class=\"elementor-container elementor-column-gap-default\">\n\t\t\t\t\t<div class=\"elementor-column elementor-col-100 elementor-top-column elementor-element elementor-element-42ee62bc\" data-id=\"42ee62bc\" data-element_type=\"column\">\n\t\t\t<div class=\"elementor-widget-wrap elementor-element-populated\">\n\t\t\t\t\t\t<div class=\"elementor-element elementor-element-135c02f7 elementor-widget elementor-widget-text-editor\" data-id=\"135c02f7\" data-element_type=\"widget\" data-widget_type=\"text-editor.default\">\n\t\t\t\t<div class=\"elementor-widget-container\">\n\t\t\t\t\t\t\t<!-- wp:paragraph -->\n<p>A Universidade Federal de Santa Maria realizou, no dia 8 de mar\u00e7o, uma edi\u00e7\u00e3o especial do Viva o Campus, em homenagem ao Dia Internacional das Mulheres. A a\u00e7\u00e3o, promovida pela Coordenadoria de Cultura e Arte e pelo Observat\u00f3rio de Direitos Humanos, ambos ligados \u00e0 Pr\u00f3-Reitoria de Extens\u00e3o (PRE), integrou a programa\u00e7\u00e3o tem\u00e1tica do m\u00eas de mar\u00e7o e reuniu a comunidade em uma tarde de atividades culturais, educativas e de valoriza\u00e7\u00e3o das mulheres.<\/p>\n<!-- \/wp:paragraph --><!-- wp:paragraph -->\n<p>Com programa\u00e7\u00e3o gratuita e aberta ao p\u00fablico, o evento ocorreu das 15h \u00e0s 19h no campus da UFSM, consolidando-se como um espa\u00e7o de conviv\u00eancia, aprendizado e express\u00e3o art\u00edstica.<\/p>\n<!-- \/wp:paragraph --><!-- wp:columns -->\n<div class=\"wp-block-columns\"><!-- wp:column -->\n<div class=\"wp-block-column\"><!-- wp:image {\"id\":15296,\"sizeSlug\":\"large\",\"linkDestination\":\"none\"} -->\n<figure class=\"wp-block-image size-large\"><img fetchpriority=\"high\" decoding=\"async\" width=\"1024\" height=\"769\" class=\"wp-image-15296\" src=\"https:\/\/www.ufsm.br\/app\/uploads\/sites\/346\/2026\/03\/IMG_5664-1024x769.jpg\" alt=\"\" srcset=\"https:\/\/www.ufsm.br\/app\/uploads\/sites\/346\/2026\/03\/IMG_5664-1024x769.jpg 1024w, https:\/\/www.ufsm.br\/app\/uploads\/sites\/346\/2026\/03\/IMG_5664-300x225.jpg 300w, https:\/\/www.ufsm.br\/app\/uploads\/sites\/346\/2026\/03\/IMG_5664-768x577.jpg 768w, https:\/\/www.ufsm.br\/app\/uploads\/sites\/346\/2026\/03\/IMG_5664-1536x1153.jpg 1536w, https:\/\/www.ufsm.br\/app\/uploads\/sites\/346\/2026\/03\/IMG_5664-2048x1538.jpg 2048w\" sizes=\"(max-width: 1024px) 100vw, 1024px\" \/><\/figure>\n<!-- \/wp:image --><\/div>\n<!-- \/wp:column --><!-- wp:column -->\n<div class=\"wp-block-column\"><!-- wp:image {\"id\":15297,\"sizeSlug\":\"large\",\"linkDestination\":\"none\"} -->\n<figure class=\"wp-block-image size-large\"><img decoding=\"async\" width=\"1024\" height=\"769\" class=\"wp-image-15297\" src=\"https:\/\/www.ufsm.br\/app\/uploads\/sites\/346\/2026\/03\/IMG_5599-1024x769.jpg\" alt=\"\" srcset=\"https:\/\/www.ufsm.br\/app\/uploads\/sites\/346\/2026\/03\/IMG_5599-1024x769.jpg 1024w, https:\/\/www.ufsm.br\/app\/uploads\/sites\/346\/2026\/03\/IMG_5599-300x225.jpg 300w, https:\/\/www.ufsm.br\/app\/uploads\/sites\/346\/2026\/03\/IMG_5599-768x577.jpg 768w, https:\/\/www.ufsm.br\/app\/uploads\/sites\/346\/2026\/03\/IMG_5599-1536x1153.jpg 1536w, https:\/\/www.ufsm.br\/app\/uploads\/sites\/346\/2026\/03\/IMG_5599-2048x1538.jpg 2048w\" sizes=\"(max-width: 1024px) 100vw, 1024px\" \/><\/figure>\n<!-- \/wp:image --><\/div>\n<!-- \/wp:column --><!-- wp:column -->\n<div class=\"wp-block-column\"><!-- wp:gallery {\"linkTo\":\"none\"} -->\n<figure class=\"wp-block-gallery has-nested-images columns-default is-cropped\"><!-- wp:image {\"id\":15298,\"sizeSlug\":\"large\",\"linkDestination\":\"none\"} -->\n<figure class=\"wp-block-image size-large\"><img decoding=\"async\" width=\"1024\" height=\"769\" class=\"wp-image-15298\" src=\"https:\/\/www.ufsm.br\/app\/uploads\/sites\/346\/2026\/03\/IMG_5615-1024x769.jpg\" alt=\"\" srcset=\"https:\/\/www.ufsm.br\/app\/uploads\/sites\/346\/2026\/03\/IMG_5615-1024x769.jpg 1024w, https:\/\/www.ufsm.br\/app\/uploads\/sites\/346\/2026\/03\/IMG_5615-300x225.jpg 300w, https:\/\/www.ufsm.br\/app\/uploads\/sites\/346\/2026\/03\/IMG_5615-768x577.jpg 768w, https:\/\/www.ufsm.br\/app\/uploads\/sites\/346\/2026\/03\/IMG_5615-1536x1153.jpg 1536w, https:\/\/www.ufsm.br\/app\/uploads\/sites\/346\/2026\/03\/IMG_5615-2048x1538.jpg 2048w\" sizes=\"(max-width: 1024px) 100vw, 1024px\" \/><\/figure>\n<!-- \/wp:image --><\/figure>\n<!-- \/wp:gallery --><\/div>\n<!-- \/wp:column --><\/div>\n<!-- \/wp:columns --><!-- wp:heading -->\n<h2 class=\"wp-block-heading\"><strong>Programa\u00e7\u00e3o diversificada e participa\u00e7\u00e3o comunit\u00e1ria<\/strong><\/h2>\n<!-- \/wp:heading --><!-- wp:paragraph -->\n<p>A edi\u00e7\u00e3o contou com uma ampla gama de atividades voltadas \u00e0 promo\u00e7\u00e3o da cultura, do bem-estar e da reflex\u00e3o social. Oficinas pr\u00e1ticas e interativas estiveram entre os principais atrativos, abordando temas como defesa pessoal, leitura cr\u00edtica, esportes campeiros para mulheres e pr\u00e1ticas de sa\u00fade.<\/p>\n<!-- \/wp:paragraph --><!-- wp:paragraph -->\n<p>Tamb\u00e9m foram oferecidas oficinas espec\u00edficas voltadas ao cuidado com o corpo feminino, como exerc\u00edcios para gestantes e atividades para fortalecimento do assoalho p\u00e9lvico, promovidas pela Liga Acad\u00eamica de Sa\u00fade da Mulher (LIASM). As a\u00e7\u00f5es refor\u00e7aram a import\u00e2ncia da sa\u00fade integral e do autocuidado.<\/p>\n<!-- \/wp:paragraph --><!-- wp:paragraph -->\n<p>Outro destaque foi a Feira da Incubadora Social, que reuniu mulheres empreendedoras, incentivando a economia solid\u00e1ria e dando visibilidade a iniciativas locais lideradas por mulheres.<\/p>\n<!-- \/wp:paragraph --><!-- wp:columns -->\n<div class=\"wp-block-columns\"><!-- wp:column -->\n<div class=\"wp-block-column\"><!-- wp:image {\"id\":15299,\"sizeSlug\":\"large\",\"linkDestination\":\"none\"} -->\n<figure class=\"wp-block-image size-large\"><img loading=\"lazy\" decoding=\"async\" width=\"1024\" height=\"769\" class=\"wp-image-15299\" src=\"https:\/\/www.ufsm.br\/app\/uploads\/sites\/346\/2026\/03\/IMG_5679-1024x769.jpg\" alt=\"\" srcset=\"https:\/\/www.ufsm.br\/app\/uploads\/sites\/346\/2026\/03\/IMG_5679-1024x769.jpg 1024w, https:\/\/www.ufsm.br\/app\/uploads\/sites\/346\/2026\/03\/IMG_5679-300x225.jpg 300w, https:\/\/www.ufsm.br\/app\/uploads\/sites\/346\/2026\/03\/IMG_5679-768x577.jpg 768w, https:\/\/www.ufsm.br\/app\/uploads\/sites\/346\/2026\/03\/IMG_5679-1536x1153.jpg 1536w, https:\/\/www.ufsm.br\/app\/uploads\/sites\/346\/2026\/03\/IMG_5679-2048x1538.jpg 2048w\" sizes=\"(max-width: 1024px) 100vw, 1024px\" \/><\/figure>\n<!-- \/wp:image --><\/div>\n<!-- \/wp:column --><!-- wp:column -->\n<div class=\"wp-block-column\"><!-- wp:image {\"id\":15300,\"sizeSlug\":\"large\",\"linkDestination\":\"none\"} -->\n<figure class=\"wp-block-image size-large\"><img loading=\"lazy\" decoding=\"async\" width=\"1024\" height=\"769\" class=\"wp-image-15300\" src=\"https:\/\/www.ufsm.br\/app\/uploads\/sites\/346\/2026\/03\/IMG_5677-1024x769.jpg\" alt=\"\" srcset=\"https:\/\/www.ufsm.br\/app\/uploads\/sites\/346\/2026\/03\/IMG_5677-1024x769.jpg 1024w, https:\/\/www.ufsm.br\/app\/uploads\/sites\/346\/2026\/03\/IMG_5677-300x225.jpg 300w, https:\/\/www.ufsm.br\/app\/uploads\/sites\/346\/2026\/03\/IMG_5677-768x577.jpg 768w, https:\/\/www.ufsm.br\/app\/uploads\/sites\/346\/2026\/03\/IMG_5677-1536x1153.jpg 1536w, https:\/\/www.ufsm.br\/app\/uploads\/sites\/346\/2026\/03\/IMG_5677-2048x1538.jpg 2048w\" sizes=\"(max-width: 1024px) 100vw, 1024px\" \/><\/figure>\n<!-- \/wp:image --><\/div>\n<!-- \/wp:column --><!-- wp:column -->\n<div class=\"wp-block-column\"><!-- wp:image {\"id\":15301,\"sizeSlug\":\"large\",\"linkDestination\":\"none\"} -->\n<figure class=\"wp-block-image size-large\"><img loading=\"lazy\" decoding=\"async\" width=\"1024\" height=\"769\" class=\"wp-image-15301\" src=\"https:\/\/www.ufsm.br\/app\/uploads\/sites\/346\/2026\/03\/IMG_5675-1024x769.jpg\" alt=\"\" srcset=\"https:\/\/www.ufsm.br\/app\/uploads\/sites\/346\/2026\/03\/IMG_5675-1024x769.jpg 1024w, https:\/\/www.ufsm.br\/app\/uploads\/sites\/346\/2026\/03\/IMG_5675-300x225.jpg 300w, https:\/\/www.ufsm.br\/app\/uploads\/sites\/346\/2026\/03\/IMG_5675-768x577.jpg 768w, https:\/\/www.ufsm.br\/app\/uploads\/sites\/346\/2026\/03\/IMG_5675-1536x1153.jpg 1536w, https:\/\/www.ufsm.br\/app\/uploads\/sites\/346\/2026\/03\/IMG_5675-2048x1538.jpg 2048w\" sizes=\"(max-width: 1024px) 100vw, 1024px\" \/><\/figure>\n<!-- \/wp:image --><\/div>\n<!-- \/wp:column --><\/div>\n<!-- \/wp:columns --><!-- wp:columns -->\n<div class=\"wp-block-columns\"><!-- wp:column -->\n<div class=\"wp-block-column\"><!-- wp:image {\"id\":15302,\"sizeSlug\":\"large\",\"linkDestination\":\"none\"} -->\n<figure class=\"wp-block-image size-large\"><img loading=\"lazy\" decoding=\"async\" width=\"1024\" height=\"769\" class=\"wp-image-15302\" src=\"https:\/\/www.ufsm.br\/app\/uploads\/sites\/346\/2026\/03\/IMG_5686-1024x769.jpg\" alt=\"\" srcset=\"https:\/\/www.ufsm.br\/app\/uploads\/sites\/346\/2026\/03\/IMG_5686-1024x769.jpg 1024w, https:\/\/www.ufsm.br\/app\/uploads\/sites\/346\/2026\/03\/IMG_5686-300x225.jpg 300w, https:\/\/www.ufsm.br\/app\/uploads\/sites\/346\/2026\/03\/IMG_5686-768x577.jpg 768w, https:\/\/www.ufsm.br\/app\/uploads\/sites\/346\/2026\/03\/IMG_5686-1536x1153.jpg 1536w, https:\/\/www.ufsm.br\/app\/uploads\/sites\/346\/2026\/03\/IMG_5686-2048x1538.jpg 2048w\" sizes=\"(max-width: 1024px) 100vw, 1024px\" \/><\/figure>\n<!-- \/wp:image --><\/div>\n<!-- \/wp:column --><!-- wp:column -->\n<div class=\"wp-block-column\"><!-- wp:image {\"id\":15303,\"sizeSlug\":\"large\",\"linkDestination\":\"none\"} -->\n<figure class=\"wp-block-image size-large\"><img loading=\"lazy\" decoding=\"async\" width=\"1024\" height=\"769\" class=\"wp-image-15303\" src=\"https:\/\/www.ufsm.br\/app\/uploads\/sites\/346\/2026\/03\/IMG_5688-1024x769.jpg\" alt=\"\" srcset=\"https:\/\/www.ufsm.br\/app\/uploads\/sites\/346\/2026\/03\/IMG_5688-1024x769.jpg 1024w, https:\/\/www.ufsm.br\/app\/uploads\/sites\/346\/2026\/03\/IMG_5688-300x225.jpg 300w, https:\/\/www.ufsm.br\/app\/uploads\/sites\/346\/2026\/03\/IMG_5688-768x577.jpg 768w, https:\/\/www.ufsm.br\/app\/uploads\/sites\/346\/2026\/03\/IMG_5688-1536x1153.jpg 1536w, https:\/\/www.ufsm.br\/app\/uploads\/sites\/346\/2026\/03\/IMG_5688-2048x1538.jpg 2048w\" sizes=\"(max-width: 1024px) 100vw, 1024px\" \/><\/figure>\n<!-- \/wp:image --><\/div>\n<!-- \/wp:column --><!-- wp:column -->\n<div class=\"wp-block-column\"><!-- wp:image {\"id\":15304,\"sizeSlug\":\"large\",\"linkDestination\":\"none\"} -->\n<figure class=\"wp-block-image size-large\"><img loading=\"lazy\" decoding=\"async\" width=\"1024\" height=\"769\" class=\"wp-image-15304\" src=\"https:\/\/www.ufsm.br\/app\/uploads\/sites\/346\/2026\/03\/IMG_5692-1024x769.jpg\" alt=\"\" srcset=\"https:\/\/www.ufsm.br\/app\/uploads\/sites\/346\/2026\/03\/IMG_5692-1024x769.jpg 1024w, https:\/\/www.ufsm.br\/app\/uploads\/sites\/346\/2026\/03\/IMG_5692-300x225.jpg 300w, https:\/\/www.ufsm.br\/app\/uploads\/sites\/346\/2026\/03\/IMG_5692-768x577.jpg 768w, https:\/\/www.ufsm.br\/app\/uploads\/sites\/346\/2026\/03\/IMG_5692-1536x1153.jpg 1536w, https:\/\/www.ufsm.br\/app\/uploads\/sites\/346\/2026\/03\/IMG_5692-2048x1538.jpg 2048w\" sizes=\"(max-width: 1024px) 100vw, 1024px\" \/><\/figure>\n<!-- \/wp:image --><\/div>\n<!-- \/wp:column --><\/div>\n<!-- \/wp:columns --><!-- wp:heading -->\n<h2 class=\"wp-block-heading\"><strong>Arte e cultura protagonizadas por mulheres<\/strong><\/h2>\n<!-- \/wp:heading --><!-- wp:paragraph -->\n<p>A programa\u00e7\u00e3o art\u00edstica trouxe diversidade de estilos e evidenciou o talento feminino na m\u00fasica. O p\u00fablico acompanhou apresenta\u00e7\u00f5es que passaram pelo rock, m\u00fasica tradicional ga\u00facha, m\u00fasica popular brasileira e m\u00fasica eletr\u00f4nica.<\/p>\n<!-- \/wp:paragraph --><!-- wp:paragraph -->\n<p>Estiveram presentes grupos e artistas locais, como AG Rock, DTG Noel Guarany 13\u00aa Regi\u00e3o, al\u00e9m das cantoras Luiza Morais e Zara Steinbrenner. As performances refor\u00e7aram a proposta do evento de valorizar mulheres artistas e ampliar seus espa\u00e7os de visibilidade no cen\u00e1rio cultural.<\/p>\n<!-- \/wp:paragraph --><!-- wp:columns -->\n<div class=\"wp-block-columns\"><!-- wp:column -->\n<div class=\"wp-block-column\"><!-- wp:image {\"id\":15305,\"sizeSlug\":\"large\",\"linkDestination\":\"none\"} -->\n<figure class=\"wp-block-image size-large\"><img loading=\"lazy\" decoding=\"async\" width=\"1024\" height=\"769\" class=\"wp-image-15305\" src=\"https:\/\/www.ufsm.br\/app\/uploads\/sites\/346\/2026\/03\/IMG_5597-1024x769.jpg\" alt=\"\" srcset=\"https:\/\/www.ufsm.br\/app\/uploads\/sites\/346\/2026\/03\/IMG_5597-1024x769.jpg 1024w, https:\/\/www.ufsm.br\/app\/uploads\/sites\/346\/2026\/03\/IMG_5597-300x225.jpg 300w, https:\/\/www.ufsm.br\/app\/uploads\/sites\/346\/2026\/03\/IMG_5597-768x577.jpg 768w, https:\/\/www.ufsm.br\/app\/uploads\/sites\/346\/2026\/03\/IMG_5597-1536x1153.jpg 1536w, https:\/\/www.ufsm.br\/app\/uploads\/sites\/346\/2026\/03\/IMG_5597-2048x1538.jpg 2048w\" sizes=\"(max-width: 1024px) 100vw, 1024px\" \/><\/figure>\n<!-- \/wp:image --><\/div>\n<!-- \/wp:column --><!-- wp:column -->\n<div class=\"wp-block-column\"><!-- wp:image {\"id\":15306,\"sizeSlug\":\"large\",\"linkDestination\":\"none\"} -->\n<figure class=\"wp-block-image size-large\"><img loading=\"lazy\" decoding=\"async\" width=\"1024\" height=\"769\" class=\"wp-image-15306\" src=\"https:\/\/www.ufsm.br\/app\/uploads\/sites\/346\/2026\/03\/IMG_5660-1024x769.jpg\" alt=\"\" srcset=\"https:\/\/www.ufsm.br\/app\/uploads\/sites\/346\/2026\/03\/IMG_5660-1024x769.jpg 1024w, https:\/\/www.ufsm.br\/app\/uploads\/sites\/346\/2026\/03\/IMG_5660-300x225.jpg 300w, https:\/\/www.ufsm.br\/app\/uploads\/sites\/346\/2026\/03\/IMG_5660-768x577.jpg 768w, https:\/\/www.ufsm.br\/app\/uploads\/sites\/346\/2026\/03\/IMG_5660-1536x1153.jpg 1536w, https:\/\/www.ufsm.br\/app\/uploads\/sites\/346\/2026\/03\/IMG_5660-2048x1538.jpg 2048w\" sizes=\"(max-width: 1024px) 100vw, 1024px\" \/><\/figure>\n<!-- \/wp:image --><\/div>\n<!-- \/wp:column --><\/div>\n<!-- \/wp:columns --><!-- wp:columns -->\n<div class=\"wp-block-columns\"><!-- wp:column -->\n<div class=\"wp-block-column\"><!-- wp:image {\"id\":15307,\"sizeSlug\":\"large\",\"linkDestination\":\"none\"} -->\n<figure class=\"wp-block-image size-large\"><img loading=\"lazy\" decoding=\"async\" width=\"1024\" height=\"769\" class=\"wp-image-15307\" src=\"https:\/\/www.ufsm.br\/app\/uploads\/sites\/346\/2026\/03\/IMG_5655-1024x769.jpg\" alt=\"\" srcset=\"https:\/\/www.ufsm.br\/app\/uploads\/sites\/346\/2026\/03\/IMG_5655-1024x769.jpg 1024w, https:\/\/www.ufsm.br\/app\/uploads\/sites\/346\/2026\/03\/IMG_5655-300x225.jpg 300w, https:\/\/www.ufsm.br\/app\/uploads\/sites\/346\/2026\/03\/IMG_5655-768x577.jpg 768w, https:\/\/www.ufsm.br\/app\/uploads\/sites\/346\/2026\/03\/IMG_5655-1536x1153.jpg 1536w, https:\/\/www.ufsm.br\/app\/uploads\/sites\/346\/2026\/03\/IMG_5655-2048x1538.jpg 2048w\" sizes=\"(max-width: 1024px) 100vw, 1024px\" \/><\/figure>\n<!-- \/wp:image --><\/div>\n<!-- \/wp:column --><!-- wp:column -->\n<div class=\"wp-block-column\"><!-- wp:image {\"id\":15308,\"sizeSlug\":\"large\",\"linkDestination\":\"none\"} -->\n<figure class=\"wp-block-image size-large\"><img loading=\"lazy\" decoding=\"async\" width=\"1024\" height=\"769\" class=\"wp-image-15308\" src=\"https:\/\/www.ufsm.br\/app\/uploads\/sites\/346\/2026\/03\/IMG_5666-1024x769.jpg\" alt=\"\" srcset=\"https:\/\/www.ufsm.br\/app\/uploads\/sites\/346\/2026\/03\/IMG_5666-1024x769.jpg 1024w, https:\/\/www.ufsm.br\/app\/uploads\/sites\/346\/2026\/03\/IMG_5666-300x225.jpg 300w, https:\/\/www.ufsm.br\/app\/uploads\/sites\/346\/2026\/03\/IMG_5666-768x577.jpg 768w, https:\/\/www.ufsm.br\/app\/uploads\/sites\/346\/2026\/03\/IMG_5666-1536x1153.jpg 1536w, https:\/\/www.ufsm.br\/app\/uploads\/sites\/346\/2026\/03\/IMG_5666-2048x1538.jpg 2048w\" sizes=\"(max-width: 1024px) 100vw, 1024px\" \/><\/figure>\n<!-- \/wp:image --><\/div>\n<!-- \/wp:column --><\/div>\n<!-- \/wp:columns --><!-- wp:heading -->\n<h2 class=\"wp-block-heading\"><strong>Parcerias ampliam o alcance das atividades<\/strong><\/h2>\n<!-- \/wp:heading --><!-- wp:paragraph -->\n<p>O evento contou com a participa\u00e7\u00e3o de diversos parceiros institucionais e projetos da universidade, o que contribuiu para enriquecer a programa\u00e7\u00e3o e ampliar o alcance das a\u00e7\u00f5es.<\/p>\n<!-- \/wp:paragraph --><!-- wp:paragraph -->\n<p>Entre os parceiros, destacam-se a Polifeira do Agricultor, o Jardim Bot\u00e2nico, o Acervo Art\u00edstico, o Projeto Arte Al\u00e9m do Of\u00edcio e a Mostra Morfo. As atividades inclu\u00edram exposi\u00e7\u00f5es, oficinas, visitas guiadas e pr\u00e1ticas ao ar livre.<\/p>\n<!-- \/wp:paragraph --><!-- wp:paragraph -->\n<p>No Jardim Bot\u00e2nico, o p\u00fablico participou de uma programa\u00e7\u00e3o especial que incluiu yoga ao ar livre, palestra sobre mulheres pioneiras na astronomia e observa\u00e7\u00e3o de constela\u00e7\u00f5es, promovendo a integra\u00e7\u00e3o entre ci\u00eancia, natureza e reflex\u00e3o sobre o papel feminino na produ\u00e7\u00e3o do conhecimento.<\/p>\n<!-- \/wp:paragraph --><!-- wp:columns -->\n<div class=\"wp-block-columns\"><!-- wp:column -->\n<div class=\"wp-block-column\"><!-- wp:image {\"id\":15311,\"sizeSlug\":\"large\",\"linkDestination\":\"none\"} -->\n<figure class=\"wp-block-image size-large\"><img loading=\"lazy\" decoding=\"async\" width=\"2560\" height=\"1440\" class=\"wp-image-15311\" src=\"https:\/\/www.ufsm.br\/app\/uploads\/sites\/346\/2026\/03\/IMG_4535-edited.jpg\" alt=\"\" srcset=\"https:\/\/www.ufsm.br\/app\/uploads\/sites\/346\/2026\/03\/IMG_4535-edited.jpg 2560w, https:\/\/www.ufsm.br\/app\/uploads\/sites\/346\/2026\/03\/IMG_4535-edited-300x169.jpg 300w, https:\/\/www.ufsm.br\/app\/uploads\/sites\/346\/2026\/03\/IMG_4535-edited-1024x576.jpg 1024w, https:\/\/www.ufsm.br\/app\/uploads\/sites\/346\/2026\/03\/IMG_4535-edited-768x432.jpg 768w, https:\/\/www.ufsm.br\/app\/uploads\/sites\/346\/2026\/03\/IMG_4535-edited-1536x864.jpg 1536w, https:\/\/www.ufsm.br\/app\/uploads\/sites\/346\/2026\/03\/IMG_4535-edited-2048x1152.jpg 2048w\" sizes=\"(max-width: 2560px) 100vw, 2560px\" \/><\/figure>\n<!-- \/wp:image --><\/div>\n<!-- \/wp:column --><!-- wp:column -->\n<div class=\"wp-block-column\"><!-- wp:image {\"id\":15309,\"sizeSlug\":\"large\",\"linkDestination\":\"none\"} -->\n<figure class=\"wp-block-image size-large\"><img loading=\"lazy\" decoding=\"async\" width=\"1024\" height=\"473\" class=\"wp-image-15309\" src=\"https:\/\/www.ufsm.br\/app\/uploads\/sites\/346\/2026\/03\/20260308_184109-1024x473.jpg\" alt=\"\" srcset=\"https:\/\/www.ufsm.br\/app\/uploads\/sites\/346\/2026\/03\/20260308_184109-1024x473.jpg 1024w, https:\/\/www.ufsm.br\/app\/uploads\/sites\/346\/2026\/03\/20260308_184109-300x139.jpg 300w, https:\/\/www.ufsm.br\/app\/uploads\/sites\/346\/2026\/03\/20260308_184109-768x355.jpg 768w, https:\/\/www.ufsm.br\/app\/uploads\/sites\/346\/2026\/03\/20260308_184109-1536x710.jpg 1536w, https:\/\/www.ufsm.br\/app\/uploads\/sites\/346\/2026\/03\/20260308_184109-2048x946.jpg 2048w\" sizes=\"(max-width: 1024px) 100vw, 1024px\" \/><\/figure>\n<!-- \/wp:image --><\/div>\n<!-- \/wp:column --><\/div>\n<!-- \/wp:columns --><!-- wp:heading -->\n<h2 class=\"wp-block-heading\"><strong>Espa\u00e7os de di\u00e1logo e reflex\u00e3o sobre direitos humanos<\/strong><\/h2>\n<!-- \/wp:heading --><!-- wp:paragraph -->\n<p>A Casa Ver\u00f4nica teve papel central na programa\u00e7\u00e3o, oferecendo atividades voltadas ao debate e \u00e0 conscientiza\u00e7\u00e3o. Em parceria com coletivos e projetos como o Coletivo Editorial Ta\u00fa e o Programa de Extens\u00e3o em G\u00eanero, Interseccionalidade e Direitos Humanos (GIDH), foram realizadas oficinas de leitura, rodas de conversa e discuss\u00f5es sobre temas contempor\u00e2neos.<\/p>\n<!-- \/wp:paragraph --><!-- wp:paragraph -->\n<p>Destacam-se as atividades que envolveram roda de hist\u00f3rias sobre mulheres inspiradoras e oficinas de escrita criativa e leitura cr\u00edtica, incentivando a express\u00e3o e o pensamento cr\u00edtico.<\/p>\n<!-- \/wp:paragraph --><!-- wp:image {\"id\":15313,\"sizeSlug\":\"large\",\"linkDestination\":\"none\",\"align\":\"center\"} -->\n<figure class=\"wp-block-image aligncenter size-large\"><img loading=\"lazy\" decoding=\"async\" width=\"1024\" height=\"769\" class=\"wp-image-15313\" src=\"https:\/\/www.ufsm.br\/app\/uploads\/sites\/346\/2026\/03\/IMG_5705-1-1024x769.jpg\" alt=\"\" srcset=\"https:\/\/www.ufsm.br\/app\/uploads\/sites\/346\/2026\/03\/IMG_5705-1-1024x769.jpg 1024w, https:\/\/www.ufsm.br\/app\/uploads\/sites\/346\/2026\/03\/IMG_5705-1-300x225.jpg 300w, https:\/\/www.ufsm.br\/app\/uploads\/sites\/346\/2026\/03\/IMG_5705-1-768x577.jpg 768w, https:\/\/www.ufsm.br\/app\/uploads\/sites\/346\/2026\/03\/IMG_5705-1-1536x1153.jpg 1536w, https:\/\/www.ufsm.br\/app\/uploads\/sites\/346\/2026\/03\/IMG_5705-1-2048x1538.jpg 2048w\" sizes=\"(max-width: 1024px) 100vw, 1024px\" \/><\/figure>\n<!-- \/wp:image --><!-- wp:heading -->\n<h2 class=\"wp-block-heading\"><strong>Tradi\u00e7\u00e3o e inova\u00e7\u00e3o no mesmo espa\u00e7o<\/strong><\/h2>\n<!-- \/wp:heading --><!-- wp:paragraph -->\n<p>Outro ponto marcante da programa\u00e7\u00e3o foi a valoriza\u00e7\u00e3o da cultura regional. O DTG Noel Guarany 13\u00aa Regi\u00e3o promoveu oficinas de esportes campeiros voltadas especialmente para mulheres, al\u00e9m de atividades como truco gaud\u00e9rio, peteca, vaca parada e jogos tradicionais como tejo, tava, argola e ferradura.<\/p>\n<!-- \/wp:paragraph --><!-- wp:paragraph -->\n<p>A iniciativa destacou a import\u00e2ncia da inclus\u00e3o feminina em pr\u00e1ticas tradicionalmente associadas ao universo masculino, promovendo igualdade e participa\u00e7\u00e3o.<\/p>\n<!-- \/wp:paragraph --><!-- wp:columns -->\n<div class=\"wp-block-columns\"><!-- wp:column -->\n<div class=\"wp-block-column\"><!-- wp:image {\"id\":15314,\"sizeSlug\":\"large\",\"linkDestination\":\"none\"} -->\n<figure class=\"wp-block-image size-large\"><img loading=\"lazy\" decoding=\"async\" width=\"1024\" height=\"769\" class=\"wp-image-15314\" src=\"https:\/\/www.ufsm.br\/app\/uploads\/sites\/346\/2026\/03\/IMG_5702-1024x769.jpg\" alt=\"\" srcset=\"https:\/\/www.ufsm.br\/app\/uploads\/sites\/346\/2026\/03\/IMG_5702-1024x769.jpg 1024w, https:\/\/www.ufsm.br\/app\/uploads\/sites\/346\/2026\/03\/IMG_5702-300x225.jpg 300w, https:\/\/www.ufsm.br\/app\/uploads\/sites\/346\/2026\/03\/IMG_5702-768x577.jpg 768w, https:\/\/www.ufsm.br\/app\/uploads\/sites\/346\/2026\/03\/IMG_5702-1536x1153.jpg 1536w, https:\/\/www.ufsm.br\/app\/uploads\/sites\/346\/2026\/03\/IMG_5702-2048x1538.jpg 2048w\" sizes=\"(max-width: 1024px) 100vw, 1024px\" \/><\/figure>\n<!-- \/wp:image --><\/div>\n<!-- \/wp:column --><!-- wp:column -->\n<div class=\"wp-block-column\"><!-- wp:image {\"id\":15315,\"sizeSlug\":\"large\",\"linkDestination\":\"none\"} -->\n<figure class=\"wp-block-image size-large\"><img loading=\"lazy\" decoding=\"async\" width=\"1024\" height=\"769\" class=\"wp-image-15315\" src=\"https:\/\/www.ufsm.br\/app\/uploads\/sites\/346\/2026\/03\/IMG_5610-1024x769.jpg\" alt=\"\" srcset=\"https:\/\/www.ufsm.br\/app\/uploads\/sites\/346\/2026\/03\/IMG_5610-1024x769.jpg 1024w, https:\/\/www.ufsm.br\/app\/uploads\/sites\/346\/2026\/03\/IMG_5610-300x225.jpg 300w, https:\/\/www.ufsm.br\/app\/uploads\/sites\/346\/2026\/03\/IMG_5610-768x577.jpg 768w, https:\/\/www.ufsm.br\/app\/uploads\/sites\/346\/2026\/03\/IMG_5610-1536x1153.jpg 1536w, https:\/\/www.ufsm.br\/app\/uploads\/sites\/346\/2026\/03\/IMG_5610-2048x1538.jpg 2048w\" sizes=\"(max-width: 1024px) 100vw, 1024px\" \/><\/figure>\n<!-- \/wp:image --><\/div>\n<!-- \/wp:column --><\/div>\n<!-- \/wp:columns --><!-- wp:heading -->\n<h2 class=\"wp-block-heading\"><strong>Viva o Campus: integra\u00e7\u00e3o entre universidade e sociedade<\/strong><\/h2>\n<!-- \/wp:heading --><!-- wp:paragraph -->\n<p>Criado em 2014, o Viva o Campus se consolidou como uma das principais a\u00e7\u00f5es de extens\u00e3o da UFSM, com o objetivo de aproximar a universidade da comunidade. A iniciativa busca incentivar a participa\u00e7\u00e3o cultural, art\u00edstica e cient\u00edfica, al\u00e9m de promover a conscientiza\u00e7\u00e3o sobre temas sociais e ambientais.<\/p>\n<!-- \/wp:paragraph --><!-- wp:paragraph -->\n<p>Nesta edi\u00e7\u00e3o especial, o evento reafirmou seu papel como espa\u00e7o de encontro, diversidade e reflex\u00e3o, destacando a relev\u00e2ncia do debate sobre o protagonismo feminino na sociedade contempor\u00e2nea.<\/p>\n<!-- \/wp:paragraph --><!-- wp:columns -->\n<div class=\"wp-block-columns\"><!-- wp:column -->\n<div class=\"wp-block-column\"><!-- wp:image {\"id\":15316,\"sizeSlug\":\"large\",\"linkDestination\":\"none\"} -->\n<figure class=\"wp-block-image size-large\"><img loading=\"lazy\" decoding=\"async\" width=\"1024\" height=\"769\" class=\"wp-image-15316\" src=\"https:\/\/www.ufsm.br\/app\/uploads\/sites\/346\/2026\/03\/IMG_5604-1024x769.jpg\" alt=\"\" srcset=\"https:\/\/www.ufsm.br\/app\/uploads\/sites\/346\/2026\/03\/IMG_5604-1024x769.jpg 1024w, https:\/\/www.ufsm.br\/app\/uploads\/sites\/346\/2026\/03\/IMG_5604-300x225.jpg 300w, https:\/\/www.ufsm.br\/app\/uploads\/sites\/346\/2026\/03\/IMG_5604-768x577.jpg 768w, https:\/\/www.ufsm.br\/app\/uploads\/sites\/346\/2026\/03\/IMG_5604-1536x1153.jpg 1536w, https:\/\/www.ufsm.br\/app\/uploads\/sites\/346\/2026\/03\/IMG_5604-2048x1538.jpg 2048w\" sizes=\"(max-width: 1024px) 100vw, 1024px\" \/><\/figure>\n<!-- \/wp:image --><\/div>\n<!-- \/wp:column --><!-- wp:column -->\n<div class=\"wp-block-column\"><!-- wp:image {\"id\":15317,\"sizeSlug\":\"large\",\"linkDestination\":\"none\"} -->\n<figure class=\"wp-block-image size-large\"><img loading=\"lazy\" decoding=\"async\" width=\"1024\" height=\"769\" class=\"wp-image-15317\" src=\"https:\/\/www.ufsm.br\/app\/uploads\/sites\/346\/2026\/03\/IMG_5635-1024x769.jpg\" alt=\"\" srcset=\"https:\/\/www.ufsm.br\/app\/uploads\/sites\/346\/2026\/03\/IMG_5635-1024x769.jpg 1024w, https:\/\/www.ufsm.br\/app\/uploads\/sites\/346\/2026\/03\/IMG_5635-300x225.jpg 300w, https:\/\/www.ufsm.br\/app\/uploads\/sites\/346\/2026\/03\/IMG_5635-768x577.jpg 768w, https:\/\/www.ufsm.br\/app\/uploads\/sites\/346\/2026\/03\/IMG_5635-1536x1153.jpg 1536w, https:\/\/www.ufsm.br\/app\/uploads\/sites\/346\/2026\/03\/IMG_5635-2048x1538.jpg 2048w\" sizes=\"(max-width: 1024px) 100vw, 1024px\" \/><\/figure>\n<!-- \/wp:image --><\/div>\n<!-- \/wp:column --><!-- wp:column -->\n<div class=\"wp-block-column\"><!-- wp:image {\"id\":15318,\"sizeSlug\":\"large\",\"linkDestination\":\"none\"} -->\n<figure class=\"wp-block-image size-large\"><img loading=\"lazy\" decoding=\"async\" width=\"1024\" height=\"769\" class=\"wp-image-15318\" src=\"https:\/\/www.ufsm.br\/app\/uploads\/sites\/346\/2026\/03\/IMG_5617-1024x769.jpg\" alt=\"\" srcset=\"https:\/\/www.ufsm.br\/app\/uploads\/sites\/346\/2026\/03\/IMG_5617-1024x769.jpg 1024w, https:\/\/www.ufsm.br\/app\/uploads\/sites\/346\/2026\/03\/IMG_5617-300x225.jpg 300w, https:\/\/www.ufsm.br\/app\/uploads\/sites\/346\/2026\/03\/IMG_5617-768x577.jpg 768w, https:\/\/www.ufsm.br\/app\/uploads\/sites\/346\/2026\/03\/IMG_5617-1536x1153.jpg 1536w, https:\/\/www.ufsm.br\/app\/uploads\/sites\/346\/2026\/03\/IMG_5617-2048x1538.jpg 2048w\" sizes=\"(max-width: 1024px) 100vw, 1024px\" \/><\/figure>\n<!-- \/wp:image --><\/div>\n<!-- \/wp:column --><\/div>\n<!-- \/wp:columns --><!-- wp:paragraph -->\n<p><em>Texto: Laura Severo, bolsista de jornalismo da Subdivis\u00e3o de Divulga\u00e7\u00e3o e Editora\u00e7\u00e3o (PRE\/UFSM).<\/em><br \/><em>Revis\u00e3o: Esther Faria, bolsista de Letras &#8211; Portugu\u00eas da Subdivis\u00e3o de Divulga\u00e7\u00e3o e Editora\u00e7\u00e3o (PRE\/UFSM)<\/em>.<br \/><em>Fotos: Coordenadoria de Cultura e Arte<strong>\u00a0<\/strong>(PRE\/UFSM)<\/em>.<\/p>\n<!-- \/wp:paragraph -->\t\t\t\t\t\t<\/div>\n\t\t\t\t<\/div>\n\t\t\t\t\t<\/div>\n\t\t<\/div>\n\t\t\t\t\t<\/div>\n\t\t<\/section>\n\t\t\t\t<section class=\"elementor-section elementor-top-section elementor-element elementor-element-57ea2e8 elementor-section-boxed elementor-section-height-default elementor-section-height-default\" data-id=\"57ea2e8\" data-element_type=\"section\">\n\t\t\t\t\t\t<div class=\"elementor-container elementor-column-gap-default\">\n\t\t\t\t\t<div class=\"elementor-column elementor-col-50 elementor-top-column elementor-element elementor-element-de8aefd\" data-id=\"de8aefd\" data-element_type=\"column\">\n\t\t\t<div class=\"elementor-widget-wrap elementor-element-populated\">\n\t\t\t\t\t\t<div class=\"elementor-element elementor-element-c5df00b elementor-widget elementor-widget-image\" data-id=\"c5df00b\" data-element_type=\"widget\" data-widget_type=\"image.default\">\n\t\t\t\t<div class=\"elementor-widget-container\">\n\t\t\t\t\t\t\t\t\t\t\t\t\t<img loading=\"lazy\" decoding=\"async\" width=\"1024\" height=\"1024\" src=\"https:\/\/www.ufsm.br\/app\/uploads\/sites\/346\/2020\/09\/ODS_4-1024x1024.jpg\" class=\"attachment-large size-large wp-image-4373\" alt=\"\" srcset=\"https:\/\/www.ufsm.br\/app\/uploads\/sites\/346\/2020\/09\/ODS_4-1024x1024.jpg 1024w, https:\/\/www.ufsm.br\/app\/uploads\/sites\/346\/2020\/09\/ODS_4-300x300.jpg 300w, https:\/\/www.ufsm.br\/app\/uploads\/sites\/346\/2020\/09\/ODS_4-150x150.jpg 150w, https:\/\/www.ufsm.br\/app\/uploads\/sites\/346\/2020\/09\/ODS_4-768x768.jpg 768w, https:\/\/www.ufsm.br\/app\/uploads\/sites\/346\/2020\/09\/ODS_4-1536x1536.jpg 1536w, https:\/\/www.ufsm.br\/app\/uploads\/sites\/346\/2020\/09\/ODS_4.jpg 1920w\" sizes=\"(max-width: 1024px) 100vw, 1024px\" \/>\t\t\t\t\t\t\t\t\t\t\t\t\t<\/div>\n\t\t\t\t<\/div>\n\t\t\t\t\t<\/div>\n\t\t<\/div>\n\t\t\t\t<div class=\"elementor-column elementor-col-50 elementor-top-column elementor-element elementor-element-af4d543\" data-id=\"af4d543\" data-element_type=\"column\">\n\t\t\t<div class=\"elementor-widget-wrap elementor-element-populated\">\n\t\t\t\t\t\t<div class=\"elementor-element elementor-element-baaa9ae elementor-widget elementor-widget-image\" data-id=\"baaa9ae\" data-element_type=\"widget\" data-widget_type=\"image.default\">\n\t\t\t\t<div class=\"elementor-widget-container\">\n\t\t\t\t\t\t\t\t\t\t\t\t\t<img loading=\"lazy\" decoding=\"async\" width=\"1024\" height=\"1024\" src=\"https:\/\/www.ufsm.br\/app\/uploads\/sites\/346\/2020\/09\/ODS_17-1024x1024.jpg\" class=\"attachment-large size-large wp-image-4386\" alt=\"\" srcset=\"https:\/\/www.ufsm.br\/app\/uploads\/sites\/346\/2020\/09\/ODS_17-1024x1024.jpg 1024w, https:\/\/www.ufsm.br\/app\/uploads\/sites\/346\/2020\/09\/ODS_17-300x300.jpg 300w, https:\/\/www.ufsm.br\/app\/uploads\/sites\/346\/2020\/09\/ODS_17-150x150.jpg 150w, https:\/\/www.ufsm.br\/app\/uploads\/sites\/346\/2020\/09\/ODS_17-768x768.jpg 768w, https:\/\/www.ufsm.br\/app\/uploads\/sites\/346\/2020\/09\/ODS_17-1536x1536.jpg 1536w, https:\/\/www.ufsm.br\/app\/uploads\/sites\/346\/2020\/09\/ODS_17.jpg 1920w\" sizes=\"(max-width: 1024px) 100vw, 1024px\" \/>\t\t\t\t\t\t\t\t\t\t\t\t\t<\/div>\n\t\t\t\t<\/div>\n\t\t\t\t\t<\/div>\n\t\t<\/div>\n\t\t\t\t\t<\/div>\n\t\t<\/section>\n\t\t\t\t<\/div>\n\t\t","protected":false},"excerpt":{"rendered":"<p>Programa\u00e7\u00e3o gratuita com oficinas, m\u00fasica e debates marca a edi\u00e7\u00e3o especial do Viva o Campus, que celebra o Dia das Mulheres.<\/p>\n","protected":false},"author":9186,"featured_media":15320,"comment_status":"closed","ping_status":"closed","sticky":false,"template":"","format":"standard","meta":{"footnotes":""},"categories":[701,288,10,832,495,492,203,640,659,468,494,872,276,293,310,497,829,1046,278,490,828],"tags":[289,88,364,342],"class_list":["post-15295","post","type-post","status-publish","format-standard","has-post-thumbnail","hentry","category-casa-veronica","category-cultura-e-arte","category-destaques","category-dialogos-extensionistas","category-dh","category-divulgacao","category-eventos","category-extensao","category-extensao-nas-redes","category-incubadora-social","category-inovacao","category-jardim-botanico","category-noticias","category-observatorio-de-direitos-humanos","category-planetario","category-planetario-2","category-polifeira-do-agricultor","category-projetos","category-saude-be","category-sociedade","category-viva-o-campus","tag-cultura-e-arte","tag-extensao","tag-ods-04","tag-ods-17"],"acf":[],"_links":{"self":[{"href":"https:\/\/www.ufsm.br\/pro-reitorias\/pre\/wp-json\/wp\/v2\/posts\/15295","targetHints":{"allow":["GET"]}}],"collection":[{"href":"https:\/\/www.ufsm.br\/pro-reitorias\/pre\/wp-json\/wp\/v2\/posts"}],"about":[{"href":"https:\/\/www.ufsm.br\/pro-reitorias\/pre\/wp-json\/wp\/v2\/types\/post"}],"author":[{"embeddable":true,"href":"https:\/\/www.ufsm.br\/pro-reitorias\/pre\/wp-json\/wp\/v2\/users\/9186"}],"replies":[{"embeddable":true,"href":"https:\/\/www.ufsm.br\/pro-reitorias\/pre\/wp-json\/wp\/v2\/comments?post=15295"}],"version-history":[{"count":0,"href":"https:\/\/www.ufsm.br\/pro-reitorias\/pre\/wp-json\/wp\/v2\/posts\/15295\/revisions"}],"wp:featuredmedia":[{"embeddable":true,"href":"https:\/\/www.ufsm.br\/pro-reitorias\/pre\/wp-json\/wp\/v2\/media\/15320"}],"wp:attachment":[{"href":"https:\/\/www.ufsm.br\/pro-reitorias\/pre\/wp-json\/wp\/v2\/media?parent=15295"}],"wp:term":[{"taxonomy":"category","embeddable":true,"href":"https:\/\/www.ufsm.br\/pro-reitorias\/pre\/wp-json\/wp\/v2\/categories?post=15295"},{"taxonomy":"post_tag","embeddable":true,"href":"https:\/\/www.ufsm.br\/pro-reitorias\/pre\/wp-json\/wp\/v2\/tags?post=15295"}],"curies":[{"name":"wp","href":"https:\/\/api.w.org\/{rel}","templated":true}]}}