{"id":17635,"date":"2026-09-02T14:23:16","date_gmt":"2026-09-02T17:23:16","guid":{"rendered":"https:\/\/www.ufsm.br\/pro-reitorias\/pre\/?p=17635"},"modified":"2026-09-02T14:24:31","modified_gmt":"2026-09-02T17:24:31","slug":"sao-sepe-abre-inscricoes-para-a-24a-caminhada-internacional-na-natureza-na-regiao-central-do-rs","status":"publish","type":"post","link":"https:\/\/www.ufsm.br\/pro-reitorias\/pre\/2026\/09\/02\/sao-sepe-abre-inscricoes-para-a-24a-caminhada-internacional-na-natureza-na-regiao-central-do-rs","title":{"rendered":"S\u00e3o Sep\u00e9 abre inscri\u00e7\u00f5es para a 24\u00aa Caminhada Internacional na Natureza na Regi\u00e3o Central do RS"},"content":{"rendered":"\t\t<div data-elementor-type=\"wp-post\" data-elementor-id=\"17635\" class=\"elementor elementor-17635\">\n\t\t\t\t\t\t<section class=\"elementor-section elementor-top-section elementor-element elementor-element-29852fb6 elementor-section-boxed elementor-section-height-default elementor-section-height-default\" data-id=\"29852fb6\" data-element_type=\"section\">\n\t\t\t\t\t\t<div class=\"elementor-container elementor-column-gap-default\">\n\t\t\t\t\t<div class=\"elementor-column elementor-col-100 elementor-top-column elementor-element elementor-element-12bd08dc\" data-id=\"12bd08dc\" data-element_type=\"column\">\n\t\t\t<div class=\"elementor-widget-wrap elementor-element-populated\">\n\t\t\t\t\t\t<div class=\"elementor-element elementor-element-526a0128 elementor-widget elementor-widget-text-editor\" data-id=\"526a0128\" data-element_type=\"widget\" data-widget_type=\"text-editor.default\">\n\t\t\t\t<div class=\"elementor-widget-container\">\n\t\t\t\t\t\t\t<!-- wp:paragraph -->\n<p>Est\u00e3o abertas, desde o dia 27 de agosto, as inscri\u00e7\u00f5es para a 24\u00aa Caminhada Internacional na Natureza, etapa de S\u00e3o Sep\u00e9 (RS) do circuito regional de 2026, intitulado &#8220;Caminhos de Sep\u00e9: Rota Italiana&#8221;. O evento ocorre no dia 13 de setembro, das 8h \u00e0s 12h, com concentra\u00e7\u00e3o na localidade de Mata Grande. As inscri\u00e7\u00f5es nesta edi\u00e7\u00e3o s\u00e3o gratuitas e podem ser feitas at\u00e9 o dia 10 de setembro (\u00e0s 23h59) pelo aplicativo Ecobooking, sendo limitadas a 250 participantes.<\/p>\n<!-- \/wp:paragraph -->\n\n<!-- wp:paragraph -->\n<p>\u00c9 a primeira vez que S\u00e3o Sep\u00e9 sedia o projeto, que integra o Programa do Geoparque de Assist\u00eancia T\u00e9cnica e Extens\u00e3o Rural (Progeater) da UFSM, em parceria com a Emater\/RS-Ascar e a Prefeitura Municipal. A sede coube ao munic\u00edpio por meio de edital p\u00fablico, que selecionou oito entre 19 munic\u00edpios candidatos para receber o circuito ao longo de 2026.<\/p>\n<!-- \/wp:paragraph -->\n\n<!-- wp:heading -->\n<h2 class=\"wp-block-heading\"><strong>O encanto do interior: turismo de experi\u00eancia e paisagens de S\u00e3o Sep\u00e9<\/strong><\/h2>\n<!-- \/wp:heading -->\n\n<!-- wp:paragraph -->\n<p>O percurso de 8 km, classificado como de esfor\u00e7o moderado (n\u00edvel 2 de 5), conduz o caminhante por trilhas e estradas de piso irregular, num trajeto sinalizado e de severidade considerada baixa. N\u00e3o h\u00e1 idade m\u00ednima para participa\u00e7\u00e3o, o que amplia o alcance do evento a fam\u00edlias inteiras. A paisagem rural de S\u00e3o Sep\u00e9, com suas propriedades produtivas e paisagens preservadas, \u00e9 o cen\u00e1rio de uma modalidade de turismo que j\u00e1 n\u00e3o se resume ao lazer: fala-se cada vez mais em turismo regenerativo, em viv\u00eancia aut\u00eantica no campo e em reconex\u00e3o com a natureza como formas de valorizar a agricultura familiar e a cultura local.<\/p>\n<!-- \/wp:paragraph -->\n\n<!-- wp:paragraph -->\n<p>Refor\u00e7ando esse car\u00e1ter comunit\u00e1rio, vinte fam\u00edlias de agricultores estar\u00e3o presentes ao longo da trilha, uma presen\u00e7a que aproxima quem caminha da realidade de quem produz.<\/p>\n<!-- \/wp:paragraph -->\n\n<!-- wp:image {\"id\":17636,\"sizeSlug\":\"large\",\"linkDestination\":\"none\"} -->\n<figure class=\"wp-block-image size-large\"><img fetchpriority=\"high\" decoding=\"async\" width=\"1024\" height=\"576\" src=\"https:\/\/www.ufsm.br\/app\/uploads\/sites\/346\/2026\/09\/image-1024x576.jpeg\" alt=\"\" class=\"wp-image-17636\" srcset=\"https:\/\/www.ufsm.br\/app\/uploads\/sites\/346\/2026\/09\/image-1024x576.jpeg 1024w, https:\/\/www.ufsm.br\/app\/uploads\/sites\/346\/2026\/09\/image-300x169.jpeg 300w, https:\/\/www.ufsm.br\/app\/uploads\/sites\/346\/2026\/09\/image-768x432.jpeg 768w, https:\/\/www.ufsm.br\/app\/uploads\/sites\/346\/2026\/09\/image-1536x864.jpeg 1536w, https:\/\/www.ufsm.br\/app\/uploads\/sites\/346\/2026\/09\/image.jpeg 1600w\" sizes=\"(max-width: 1024px) 100vw, 1024px\" \/><\/figure>\n<!-- \/wp:image -->\n\n<!-- wp:heading -->\n<h2 class=\"wp-block-heading\"><strong>Como participar<\/strong><\/h2>\n<!-- \/wp:heading -->\n\n<!-- wp:list -->\n<ul class=\"wp-block-list\"><!-- wp:list-item -->\n<li><strong>Data e hor\u00e1rio:<\/strong> 13 de setembro de 2026, das 8h \u00e0s 12h (concentra\u00e7\u00e3o a partir das 7h30).<\/li>\n<!-- \/wp:list-item -->\n\n<!-- wp:list-item -->\n<li><strong>Local de concentra\u00e7\u00e3o e largada:<\/strong> Mata Grande, S\u00e3o Sep\u00e9 (RS).<\/li>\n<!-- \/wp:list-item -->\n\n<!-- wp:list-item -->\n<li><strong>Percurso e n\u00edvel de dificuldade:<\/strong> 8 km, esfor\u00e7o moderado (2\/5), trilhas e estradas de piso irregular, com sinaliza\u00e7\u00e3o ao longo do trajeto.<\/li>\n<!-- \/wp:list-item -->\n\n<!-- wp:list-item -->\n<li><strong>Inscri\u00e7\u00f5es:<\/strong> gratuitas nesta edi\u00e7\u00e3o, limitadas a 250 participantes, abertas at\u00e9 10 de setembro \u00e0s 23h59, pelo<a href=\"https:\/\/www.ecobooking.com.br\/site3\/claude_destinoEventoSimples.php?Xeven=fima0zacjpnkpsnwvydz\"> aplicativo Ecobooking<\/a> (dispon\u00edvel para Android e iOS) ou pela p\u00e1gina oficial do evento. Acesse: <a href=\"https:\/\/www.ecobooking.com.br\/site3\/claude_destinoEventoSimples.php?Xeven=fima0zacjpnkpsnwvydz\">https:\/\/www.ecobooking.com.br\/site3\/claude_destinoEventoSimples.php?Xeven=fima0zacjpnkpsnwvydz<\/a>\u00a0<\/li>\n<!-- \/wp:list-item -->\n\n<!-- wp:list-item -->\n<li><strong>Estrutura e alimenta\u00e7\u00e3o:<\/strong> caf\u00e9 da manh\u00e3 (R$15,00, mediante ades\u00e3o) \u00e0s 7h30 e almo\u00e7o colonial (R$45,00, mediante ades\u00e3o) na chegada, prevista para \u00e0s 11h30. Dois pontos de apoio, carro de apoio e ambul\u00e2ncia dispon\u00edveis durante todo o percurso. Banheiros dispon\u00edveis no local.<\/li>\n<!-- \/wp:list-item -->\n\n<!-- wp:list-item -->\n<li><strong>Contatos e informa\u00e7\u00f5es:<\/strong> organiza\u00e7\u00e3o a cargo de Murilo Gon\u00e7alves Becker, pelo telefone (55) 92001-4583 ou pelo e-mail caminhosdesepe@gmail.com.<\/li>\n<!-- \/wp:list-item --><\/ul>\n<!-- \/wp:list -->\n\n<!-- wp:image {\"id\":17637,\"sizeSlug\":\"large\",\"linkDestination\":\"none\",\"align\":\"center\"} -->\n<figure class=\"wp-block-image aligncenter size-large\"><img decoding=\"async\" width=\"1024\" height=\"576\" src=\"https:\/\/www.ufsm.br\/app\/uploads\/sites\/346\/2026\/09\/image-1-1024x576.jpeg\" alt=\"\" class=\"wp-image-17637\" srcset=\"https:\/\/www.ufsm.br\/app\/uploads\/sites\/346\/2026\/09\/image-1-1024x576.jpeg 1024w, https:\/\/www.ufsm.br\/app\/uploads\/sites\/346\/2026\/09\/image-1-300x169.jpeg 300w, https:\/\/www.ufsm.br\/app\/uploads\/sites\/346\/2026\/09\/image-1-768x432.jpeg 768w, https:\/\/www.ufsm.br\/app\/uploads\/sites\/346\/2026\/09\/image-1-1536x864.jpeg 1536w, https:\/\/www.ufsm.br\/app\/uploads\/sites\/346\/2026\/09\/image-1.jpeg 1600w\" sizes=\"(max-width: 1024px) 100vw, 1024px\" \/><\/figure>\n<!-- \/wp:image -->\n\n<!-- wp:heading -->\n<h2 class=\"wp-block-heading\"><strong>Recomenda\u00e7\u00f5es ao caminhante<\/strong><\/h2>\n<!-- \/wp:heading -->\n\n<!-- wp:paragraph -->\n<p>Cal\u00e7ado fechado e confort\u00e1vel, protetor solar e garrafa de \u00e1gua pr\u00f3pria (item obrigat\u00f3rio) s\u00e3o recomenda\u00e7\u00f5es b\u00e1sicas para quem vai encarar o percurso. N\u00e3o h\u00e1 exig\u00eancia de comprovante vacinal para participar. A organiza\u00e7\u00e3o refor\u00e7a o respeito ao meio ambiente ao longo de toda a trilha e alerta que, em caso de chuva forte, o evento poder\u00e1 ser cancelado.<\/p>\n<!-- \/wp:paragraph -->\n\n<!-- wp:image {\"id\":17638,\"sizeSlug\":\"large\",\"linkDestination\":\"none\"} -->\n<figure class=\"wp-block-image size-large\"><img decoding=\"async\" width=\"1024\" height=\"576\" src=\"https:\/\/www.ufsm.br\/app\/uploads\/sites\/346\/2026\/09\/image-2-1024x576.jpeg\" alt=\"\" class=\"wp-image-17638\" srcset=\"https:\/\/www.ufsm.br\/app\/uploads\/sites\/346\/2026\/09\/image-2-1024x576.jpeg 1024w, https:\/\/www.ufsm.br\/app\/uploads\/sites\/346\/2026\/09\/image-2-300x169.jpeg 300w, https:\/\/www.ufsm.br\/app\/uploads\/sites\/346\/2026\/09\/image-2-768x432.jpeg 768w, https:\/\/www.ufsm.br\/app\/uploads\/sites\/346\/2026\/09\/image-2-1536x864.jpeg 1536w, https:\/\/www.ufsm.br\/app\/uploads\/sites\/346\/2026\/09\/image-2.jpeg 1600w\" sizes=\"(max-width: 1024px) 100vw, 1024px\" \/><\/figure>\n<!-- \/wp:image -->\n\n<!-- wp:heading -->\n<h2 class=\"wp-block-heading\"><strong>Quem organiza a caminhada em S\u00e3o Sep\u00e9<\/strong><\/h2>\n<!-- \/wp:heading -->\n\n<!-- wp:paragraph -->\n<p>A caminhada re\u00fane quatro frentes com pap\u00e9is bem definidos. A Emater\/RS-Ascar cuida da parte t\u00e9cnica: define o trajeto, testa o percurso e organiza a feira de produtos locais. A Prefeitura Municipal garante a estrutura no dia do evento, como ambul\u00e2ncia, sinaliza\u00e7\u00e3o e credenciamento dos caminhantes. A comunidade local prepara o caf\u00e9 e o almo\u00e7o colonial para a recep\u00e7\u00e3o dos visitantes. J\u00e1 a UFSM, por meio da Pr\u00f3-Reitoria de Extens\u00e3o e do PROGEATER, coordena a comunica\u00e7\u00e3o oficial do projeto e organiza as inscri\u00e7\u00f5es, sustentando um calend\u00e1rio regional de uma caminhada por m\u00eas entre abril e novembro.<\/p>\n<!-- \/wp:paragraph -->\n\n<!-- wp:paragraph -->\n<p>Essa articula\u00e7\u00e3o transforma o trabalho de extens\u00e3o rural, historicamente ligado \u00e0 assist\u00eancia t\u00e9cnica e \u00e0 produ\u00e7\u00e3o, em algo mais amplo: estruturar roteiros e qualificar a acolhida no meio rural, hoje uma fonte relevante de renda n\u00e3o agr\u00edcola para as fam\u00edlias do interior ga\u00facho.<\/p>\n<!-- \/wp:paragraph -->\n\n<!-- wp:image {\"id\":17640,\"sizeSlug\":\"large\",\"linkDestination\":\"none\",\"align\":\"center\"} -->\n<figure class=\"wp-block-image aligncenter size-large\"><img loading=\"lazy\" decoding=\"async\" width=\"1024\" height=\"576\" src=\"https:\/\/www.ufsm.br\/app\/uploads\/sites\/346\/2026\/09\/image-4-1024x576.jpeg\" alt=\"\" class=\"wp-image-17640\" srcset=\"https:\/\/www.ufsm.br\/app\/uploads\/sites\/346\/2026\/09\/image-4-1024x576.jpeg 1024w, https:\/\/www.ufsm.br\/app\/uploads\/sites\/346\/2026\/09\/image-4-300x169.jpeg 300w, https:\/\/www.ufsm.br\/app\/uploads\/sites\/346\/2026\/09\/image-4-768x432.jpeg 768w, https:\/\/www.ufsm.br\/app\/uploads\/sites\/346\/2026\/09\/image-4-1536x864.jpeg 1536w, https:\/\/www.ufsm.br\/app\/uploads\/sites\/346\/2026\/09\/image-4.jpeg 1600w\" sizes=\"(max-width: 1024px) 100vw, 1024px\" \/><\/figure>\n<!-- \/wp:image -->\n\n<!-- wp:heading -->\n<h2 class=\"wp-block-heading\"><strong>Uma caminhada alinhada \u00e0 Agenda 2030<\/strong><\/h2>\n<!-- \/wp:heading -->\n\n<!-- wp:paragraph -->\n<p>O evento tamb\u00e9m dialoga com os Objetivos de Desenvolvimento Sustent\u00e1vel da ONU. A caminhada movimenta a economia local por meio da venda de produtos coloniais e artesanato (ODS 8), aproxima consumidor e produtor com o caf\u00e9 e o almo\u00e7o servidos por fam\u00edlias da regi\u00e3o (ODS 12) e, ao ganhar espa\u00e7o acad\u00eamico (o projeto virou tema de uma quest\u00e3o do Vestibular da UFSM em 2026), refor\u00e7a sua voca\u00e7\u00e3o educativa (ODS 4).<\/p>\n<!-- \/wp:paragraph -->\n\n<!-- wp:heading -->\n<h2 class=\"wp-block-heading\"><strong>Marco da 24\u00aa edi\u00e7\u00e3o<\/strong><\/h2>\n<!-- \/wp:heading -->\n\n<!-- wp:paragraph -->\n<p>Chegar \u00e0 24\u00aa edi\u00e7\u00e3o da Caminhada Internacional na Natureza \u00e9 um indicador da maturidade de um projeto que nasceu em 2023 e hoje mobiliza milhares de participantes na Regi\u00e3o Central do Rio Grande do Sul. Para S\u00e3o Sep\u00e9, o marco \u00e9 duplo: al\u00e9m de integrar essa trajet\u00f3ria consolidada, o munic\u00edpio estreia como sede de uma a\u00e7\u00e3o que j\u00e1 foi apresentada em semin\u00e1rio internacional como refer\u00eancia de pol\u00edtica p\u00fablica de desenvolvimento territorial. Cada participante que completa o trajeto recebe um carimbo numerado, registro que, somado ao selo digital colecion\u00e1vel do aplicativo Ecobooking, d\u00e1 \u00e0 caminhada um car\u00e1ter tamb\u00e9m de mem\u00f3ria afetiva e de fideliza\u00e7\u00e3o a um circuito que se pretende cont\u00ednuo.<\/p>\n<!-- \/wp:paragraph -->\n\n<!-- wp:image {\"id\":17642,\"sizeSlug\":\"large\",\"linkDestination\":\"none\",\"align\":\"center\"} -->\n<figure class=\"wp-block-image aligncenter size-large\"><img loading=\"lazy\" decoding=\"async\" width=\"1024\" height=\"576\" src=\"https:\/\/www.ufsm.br\/app\/uploads\/sites\/346\/2026\/09\/image-1-1024x576.jpg\" alt=\"\" class=\"wp-image-17642\" srcset=\"https:\/\/www.ufsm.br\/app\/uploads\/sites\/346\/2026\/09\/image-1-1024x576.jpg 1024w, https:\/\/www.ufsm.br\/app\/uploads\/sites\/346\/2026\/09\/image-1-300x169.jpg 300w, https:\/\/www.ufsm.br\/app\/uploads\/sites\/346\/2026\/09\/image-1-768x432.jpg 768w, https:\/\/www.ufsm.br\/app\/uploads\/sites\/346\/2026\/09\/image-1-1536x864.jpg 1536w, https:\/\/www.ufsm.br\/app\/uploads\/sites\/346\/2026\/09\/image-1.jpg 1672w\" sizes=\"(max-width: 1024px) 100vw, 1024px\" \/><\/figure>\n<!-- \/wp:image -->\n\n<!-- wp:paragraph -->\n<p><em>Revis\u00e3o: Esther Costa Faria, bolsista de Letras &#8211; Portugu\u00eas da Subdivis\u00e3o de Divulga\u00e7\u00e3o e Editora\u00e7\u00e3o (PRE\/UFSM).\u00a0<\/em><\/p>\n<!-- \/wp:paragraph -->\t\t\t\t\t\t<\/div>\n\t\t\t\t<\/div>\n\t\t\t\t\t<\/div>\n\t\t<\/div>\n\t\t\t\t\t<\/div>\n\t\t<\/section>\n\t\t\t\t<section class=\"elementor-section elementor-top-section elementor-element elementor-element-2cf3c87 elementor-section-boxed elementor-section-height-default elementor-section-height-default\" data-id=\"2cf3c87\" data-element_type=\"section\">\n\t\t\t\t\t\t<div class=\"elementor-container elementor-column-gap-default\">\n\t\t\t\t\t<div class=\"elementor-column elementor-col-50 elementor-top-column elementor-element elementor-element-ee1005d\" data-id=\"ee1005d\" data-element_type=\"column\">\n\t\t\t<div class=\"elementor-widget-wrap elementor-element-populated\">\n\t\t\t\t\t\t<div class=\"elementor-element elementor-element-9028ac9 elementor-widget elementor-widget-image\" data-id=\"9028ac9\" data-element_type=\"widget\" data-widget_type=\"image.default\">\n\t\t\t\t<div class=\"elementor-widget-container\">\n\t\t\t\t\t\t\t\t\t\t\t\t\t<img loading=\"lazy\" decoding=\"async\" width=\"1024\" height=\"1024\" src=\"https:\/\/www.ufsm.br\/app\/uploads\/sites\/346\/2020\/09\/ODS_4-1024x1024.jpg\" class=\"attachment-large size-large wp-image-4373\" alt=\"\" srcset=\"https:\/\/www.ufsm.br\/app\/uploads\/sites\/346\/2020\/09\/ODS_4-1024x1024.jpg 1024w, https:\/\/www.ufsm.br\/app\/uploads\/sites\/346\/2020\/09\/ODS_4-300x300.jpg 300w, https:\/\/www.ufsm.br\/app\/uploads\/sites\/346\/2020\/09\/ODS_4-150x150.jpg 150w, https:\/\/www.ufsm.br\/app\/uploads\/sites\/346\/2020\/09\/ODS_4-768x768.jpg 768w, https:\/\/www.ufsm.br\/app\/uploads\/sites\/346\/2020\/09\/ODS_4-1536x1536.jpg 1536w, https:\/\/www.ufsm.br\/app\/uploads\/sites\/346\/2020\/09\/ODS_4.jpg 1920w\" sizes=\"(max-width: 1024px) 100vw, 1024px\" \/>\t\t\t\t\t\t\t\t\t\t\t\t\t<\/div>\n\t\t\t\t<\/div>\n\t\t\t\t\t<\/div>\n\t\t<\/div>\n\t\t\t\t<div class=\"elementor-column elementor-col-50 elementor-top-column elementor-element elementor-element-a190668\" data-id=\"a190668\" data-element_type=\"column\">\n\t\t\t<div class=\"elementor-widget-wrap elementor-element-populated\">\n\t\t\t\t\t\t<div class=\"elementor-element elementor-element-6e7d914 elementor-widget elementor-widget-image\" data-id=\"6e7d914\" data-element_type=\"widget\" data-widget_type=\"image.default\">\n\t\t\t\t<div class=\"elementor-widget-container\">\n\t\t\t\t\t\t\t\t\t\t\t\t\t<img loading=\"lazy\" decoding=\"async\" width=\"1024\" height=\"1024\" src=\"https:\/\/www.ufsm.br\/app\/uploads\/sites\/346\/2020\/09\/ODS_17-1024x1024.jpg\" class=\"attachment-large size-large wp-image-4386\" alt=\"\" srcset=\"https:\/\/www.ufsm.br\/app\/uploads\/sites\/346\/2020\/09\/ODS_17-1024x1024.jpg 1024w, https:\/\/www.ufsm.br\/app\/uploads\/sites\/346\/2020\/09\/ODS_17-300x300.jpg 300w, https:\/\/www.ufsm.br\/app\/uploads\/sites\/346\/2020\/09\/ODS_17-150x150.jpg 150w, https:\/\/www.ufsm.br\/app\/uploads\/sites\/346\/2020\/09\/ODS_17-768x768.jpg 768w, https:\/\/www.ufsm.br\/app\/uploads\/sites\/346\/2020\/09\/ODS_17-1536x1536.jpg 1536w, https:\/\/www.ufsm.br\/app\/uploads\/sites\/346\/2020\/09\/ODS_17.jpg 1920w\" sizes=\"(max-width: 1024px) 100vw, 1024px\" \/>\t\t\t\t\t\t\t\t\t\t\t\t\t<\/div>\n\t\t\t\t<\/div>\n\t\t\t\t\t<\/div>\n\t\t<\/div>\n\t\t\t\t\t<\/div>\n\t\t<\/section>\n\t\t\t\t<\/div>\n\t\t","protected":false},"excerpt":{"rendered":"<p>Evento gratuito re\u00fane caminhantes, agricultores, familiares e institui\u00e7\u00f5es parceiras em percurso de 8 km pela Rota Italiana na Localidade da Mata Grande, consolidando o turismo rural como estrat\u00e9gia de desenvolvimento territorial na Regi\u00e3o Central do Rio Grande do Sul<\/p>\n","protected":false},"author":9186,"featured_media":17643,"comment_status":"closed","ping_status":"closed","sticky":false,"template":"","format":"standard","meta":{"footnotes":""},"categories":[1135,832,640,276,490],"tags":[88,364,342],"class_list":["post-17635","post","type-post","status-publish","format-standard","has-post-thumbnail","hentry","category-caminhada-internacional-na-natureza","category-dialogos-extensionistas","category-extensao","category-noticias","category-sociedade","tag-extensao","tag-ods-04","tag-ods-17"],"acf":[],"_links":{"self":[{"href":"https:\/\/www.ufsm.br\/pro-reitorias\/pre\/wp-json\/wp\/v2\/posts\/17635","targetHints":{"allow":["GET"]}}],"collection":[{"href":"https:\/\/www.ufsm.br\/pro-reitorias\/pre\/wp-json\/wp\/v2\/posts"}],"about":[{"href":"https:\/\/www.ufsm.br\/pro-reitorias\/pre\/wp-json\/wp\/v2\/types\/post"}],"author":[{"embeddable":true,"href":"https:\/\/www.ufsm.br\/pro-reitorias\/pre\/wp-json\/wp\/v2\/users\/9186"}],"replies":[{"embeddable":true,"href":"https:\/\/www.ufsm.br\/pro-reitorias\/pre\/wp-json\/wp\/v2\/comments?post=17635"}],"version-history":[{"count":0,"href":"https:\/\/www.ufsm.br\/pro-reitorias\/pre\/wp-json\/wp\/v2\/posts\/17635\/revisions"}],"wp:featuredmedia":[{"embeddable":true,"href":"https:\/\/www.ufsm.br\/pro-reitorias\/pre\/wp-json\/wp\/v2\/media\/17643"}],"wp:attachment":[{"href":"https:\/\/www.ufsm.br\/pro-reitorias\/pre\/wp-json\/wp\/v2\/media?parent=17635"}],"wp:term":[{"taxonomy":"category","embeddable":true,"href":"https:\/\/www.ufsm.br\/pro-reitorias\/pre\/wp-json\/wp\/v2\/categories?post=17635"},{"taxonomy":"post_tag","embeddable":true,"href":"https:\/\/www.ufsm.br\/pro-reitorias\/pre\/wp-json\/wp\/v2\/tags?post=17635"}],"curies":[{"name":"wp","href":"https:\/\/api.w.org\/{rel}","templated":true}]}}