{"id":17645,"date":"2026-09-02T15:05:52","date_gmt":"2026-09-02T18:05:52","guid":{"rendered":"https:\/\/www.ufsm.br\/pro-reitorias\/pre\/?p=17645"},"modified":"2026-09-02T15:07:28","modified_gmt":"2026-09-02T18:07:28","slug":"parceria-entre-ufsm-e-sesc-amplia-acesso-a-cultura-em-santa-maria","status":"publish","type":"post","link":"https:\/\/www.ufsm.br\/pro-reitorias\/pre\/2026\/09\/02\/parceria-entre-ufsm-e-sesc-amplia-acesso-a-cultura-em-santa-maria","title":{"rendered":"Parceria entre UFSM e Sesc amplia acesso \u00e0 cultura em Santa Maria"},"content":{"rendered":"\t\t<div data-elementor-type=\"wp-post\" data-elementor-id=\"17645\" class=\"elementor elementor-17645\">\n\t\t\t\t\t\t<section class=\"elementor-section elementor-top-section elementor-element elementor-element-2bd4b062 elementor-section-boxed elementor-section-height-default elementor-section-height-default\" data-id=\"2bd4b062\" data-element_type=\"section\">\n\t\t\t\t\t\t<div class=\"elementor-container elementor-column-gap-default\">\n\t\t\t\t\t<div class=\"elementor-column elementor-col-100 elementor-top-column elementor-element elementor-element-825152a\" data-id=\"825152a\" data-element_type=\"column\">\n\t\t\t<div class=\"elementor-widget-wrap elementor-element-populated\">\n\t\t\t\t\t\t<div class=\"elementor-element elementor-element-5bd3ca22 elementor-widget elementor-widget-text-editor\" data-id=\"5bd3ca22\" data-element_type=\"widget\" data-widget_type=\"text-editor.default\">\n\t\t\t\t<div class=\"elementor-widget-container\">\n\t\t\t\t\t\t\t<!-- wp:paragraph -->\n<p>A Universidade Federal de Santa Maria (UFSM) e o Sesc Santa Maria est\u00e3o fortalecendo a parceria para ampliar a oferta de a\u00e7\u00f5es culturais e art\u00edsticas na cidade e na regi\u00e3o. Por meio da Coordenadoria de Cultura e Arte (CCA) da Pr\u00f3-Reitoria de Extens\u00e3o (PRE), a Universidade est\u00e1 em processo de formaliza\u00e7\u00e3o de um Acordo de Coopera\u00e7\u00e3o T\u00e9cnica (ACT) com o Sesc Santa Maria, que prev\u00ea a realiza\u00e7\u00e3o de uma programa\u00e7\u00e3o cultural diversificada nos espa\u00e7os da UFSM.<\/p>\n<!-- \/wp:paragraph --><!-- wp:paragraph -->\n<p>A parceria busca aproximar a comunidade de diferentes linguagens art\u00edsticas, com atividades gratuitas ou a pre\u00e7os acess\u00edveis destinadas a estudantes da rede p\u00fablica, comunidades em situa\u00e7\u00e3o de vulnerabilidade social e ao p\u00fablico em geral. A iniciativa est\u00e1 alinhada \u00e0 Pol\u00edtica Cultural de Extens\u00e3o da UFSM, estabelecida pela Resolu\u00e7\u00e3o UFSM n\u00ba 043\/2021, e prev\u00ea a\u00e7\u00f5es ao longo dos pr\u00f3ximos cinco anos.<\/p>\n<!-- \/wp:paragraph --><!-- wp:paragraph -->\n<p>As primeiras atividades da parceria j\u00e1 movimentaram os espa\u00e7os culturais da Universidade em agosto, com programa\u00e7\u00e3o voltada \u00e0s artes c\u00eanicas e \u00e0 literatura.<\/p>\n<!-- \/wp:paragraph --><!-- wp:heading -->\n<h2 class=\"wp-block-heading\"><strong>Teatro a Mil levou \u201cA Menina On\u00e7a\u201d a estudantes da rede municipal<\/strong><\/h2>\n<!-- \/wp:heading --><!-- wp:image {\"id\":17649,\"width\":\"221px\",\"height\":\"auto\",\"aspectRatio\":\"0.799813996744943\",\"sizeSlug\":\"large\",\"linkDestination\":\"none\",\"align\":\"left\"} -->\n<figure class=\"wp-block-image alignleft size-large is-resized\"><img fetchpriority=\"high\" decoding=\"async\" width=\"819\" height=\"1024\" class=\"wp-image-17649\" style=\"aspect-ratio: 0.799813996744943;width: 221px;height: auto\" src=\"https:\/\/www.ufsm.br\/app\/uploads\/sites\/346\/2026\/09\/CARD-ESPETACULO_page-0001-819x1024.jpg\" alt=\"\" srcset=\"https:\/\/www.ufsm.br\/app\/uploads\/sites\/346\/2026\/09\/CARD-ESPETACULO_page-0001-819x1024.jpg 819w, https:\/\/www.ufsm.br\/app\/uploads\/sites\/346\/2026\/09\/CARD-ESPETACULO_page-0001-240x300.jpg 240w, https:\/\/www.ufsm.br\/app\/uploads\/sites\/346\/2026\/09\/CARD-ESPETACULO_page-0001-768x960.jpg 768w, https:\/\/www.ufsm.br\/app\/uploads\/sites\/346\/2026\/09\/CARD-ESPETACULO_page-0001-1229x1536.jpg 1229w, https:\/\/www.ufsm.br\/app\/uploads\/sites\/346\/2026\/09\/CARD-ESPETACULO_page-0001-1638x2048.jpg 1638w, https:\/\/www.ufsm.br\/app\/uploads\/sites\/346\/2026\/09\/CARD-ESPETACULO_page-0001.jpg 1688w\" sizes=\"(max-width: 819px) 100vw, 819px\" \/><\/figure>\n<!-- \/wp:image --><!-- wp:paragraph -->\n<p>Nos dias 24 e 25 de agosto, o Teatro Caixa Preta, do Centro de Artes e Letras (CAL) da UFSM, recebeu cerca de 600 estudantes de escolas da Rede Municipal de Ensino para tr\u00eas sess\u00f5es gratuitas do espet\u00e1culo <em>A Menina On\u00e7a<\/em>, da produtora Mosaico Cultural. Inspirado no relato ver\u00eddico de uma menina que, ainda muito jovem, perde a fam\u00edlia e precisa trabalhar no campo, o espet\u00e1culo utiliza diferentes linguagens art\u00edsticas, como teatro, bonecos, m\u00fasica, capoeira e elementos da cultura popular latino-americana.<\/p>\n<!-- \/wp:paragraph --><!-- wp:paragraph -->\n<p>Al\u00e9m das apresenta\u00e7\u00f5es, os estudantes participaram da oficina Mosaico de Bonecos, realizada no dia 24 de agosto. A programa\u00e7\u00e3o tamb\u00e9m contou, anteriormente, com uma a\u00e7\u00e3o formativa destinada a educadores. No dia 10 de agosto, a professora da Universidade Federal do Rio Grande do Sul (UFRGS) e pesquisadora da \u00e1rea Rossana Della Costa ministrou o encontro \u201cBora Bonecar! O teatro de formas animadas na forma\u00e7\u00e3o de professores e na experi\u00eancia art\u00edstica das inf\u00e2ncias\u201d.<\/p>\n<!-- \/wp:paragraph --><!-- wp:paragraph -->\n<p>As atividades integraram o projeto <em>Teatro a Mil<\/em>, do Sesc, realizado desde 2011 com o objetivo de ampliar o acesso de estudantes das redes p\u00fablicas \u00e0s artes c\u00eanicas e contribuir para a forma\u00e7\u00e3o de novos espectadores. A iniciativa promove a circula\u00e7\u00e3o de espet\u00e1culos de teatro e circo e tamb\u00e9m desenvolve a\u00e7\u00f5es formativas, aproximando cultura e educa\u00e7\u00e3o e estimulando experi\u00eancias relacionadas \u00e0 criatividade, \u00e0 sensibilidade, ao pensamento cr\u00edtico e \u00e0 cidadania.<\/p>\n<!-- \/wp:paragraph --><!-- wp:columns -->\n<div class=\"wp-block-columns\"><!-- wp:column -->\n<div class=\"wp-block-column\"><!-- wp:image {\"id\":17650,\"width\":\"345px\",\"height\":\"auto\",\"aspectRatio\":\"0.7998051157125456\",\"sizeSlug\":\"large\",\"linkDestination\":\"none\",\"align\":\"center\"} -->\n<figure class=\"wp-block-image aligncenter size-large is-resized\"><img decoding=\"async\" width=\"819\" height=\"1024\" class=\"wp-image-17650\" style=\"aspect-ratio: 0.7998051157125456;width: 345px;height: auto\" src=\"https:\/\/www.ufsm.br\/app\/uploads\/sites\/346\/2026\/09\/OFICINA-1-819x1024.jpeg\" alt=\"\" srcset=\"https:\/\/www.ufsm.br\/app\/uploads\/sites\/346\/2026\/09\/OFICINA-1-819x1024.jpeg 819w, https:\/\/www.ufsm.br\/app\/uploads\/sites\/346\/2026\/09\/OFICINA-1-240x300.jpeg 240w, https:\/\/www.ufsm.br\/app\/uploads\/sites\/346\/2026\/09\/OFICINA-1-768x960.jpeg 768w, https:\/\/www.ufsm.br\/app\/uploads\/sites\/346\/2026\/09\/OFICINA-1.jpeg 1080w\" sizes=\"(max-width: 819px) 100vw, 819px\" \/><\/figure>\n<!-- \/wp:image --><\/div>\n<!-- \/wp:column --><!-- wp:column -->\n<div class=\"wp-block-column\"><!-- wp:image {\"id\":17651,\"width\":\"347px\",\"height\":\"auto\",\"aspectRatio\":\"0.7998099924484178\",\"sizeSlug\":\"large\",\"linkDestination\":\"none\",\"align\":\"center\"} -->\n<figure class=\"wp-block-image aligncenter size-large is-resized\"><img decoding=\"async\" width=\"819\" height=\"1024\" class=\"wp-image-17651\" style=\"aspect-ratio: 0.7998099924484178;width: 347px;height: auto\" src=\"https:\/\/www.ufsm.br\/app\/uploads\/sites\/346\/2026\/09\/OFICINA-1-1-819x1024.jpeg\" alt=\"\" srcset=\"https:\/\/www.ufsm.br\/app\/uploads\/sites\/346\/2026\/09\/OFICINA-1-1-819x1024.jpeg 819w, https:\/\/www.ufsm.br\/app\/uploads\/sites\/346\/2026\/09\/OFICINA-1-1-240x300.jpeg 240w, https:\/\/www.ufsm.br\/app\/uploads\/sites\/346\/2026\/09\/OFICINA-1-1-768x960.jpeg 768w, https:\/\/www.ufsm.br\/app\/uploads\/sites\/346\/2026\/09\/OFICINA-1-1.jpeg 1080w\" sizes=\"(max-width: 819px) 100vw, 819px\" \/><\/figure>\n<!-- \/wp:image --><\/div>\n<!-- \/wp:column --><\/div>\n<!-- \/wp:columns --><!-- wp:heading -->\n<h2 class=\"wp-block-heading\"><strong>Lilian Rocha participou do Circuito Sesc Literatura<\/strong><\/h2>\n<!-- \/wp:heading --><!-- wp:image {\"id\":17652,\"width\":\"246px\",\"height\":\"auto\",\"aspectRatio\":\"0.7998263404347691\",\"sizeSlug\":\"large\",\"linkDestination\":\"none\",\"align\":\"left\"} -->\n<figure class=\"wp-block-image alignleft size-large is-resized\"><img loading=\"lazy\" decoding=\"async\" width=\"819\" height=\"1024\" class=\"wp-image-17652\" style=\"aspect-ratio: 0.799826 \/ 1;width: 222px;height: 278px\" src=\"https:\/\/www.ufsm.br\/app\/uploads\/sites\/346\/2026\/09\/Lilian-Circuito-Sesc-Literatura-27-08-2026-819x1024.jpeg\" alt=\"\" srcset=\"https:\/\/www.ufsm.br\/app\/uploads\/sites\/346\/2026\/09\/Lilian-Circuito-Sesc-Literatura-27-08-2026-819x1024.jpeg 819w, https:\/\/www.ufsm.br\/app\/uploads\/sites\/346\/2026\/09\/Lilian-Circuito-Sesc-Literatura-27-08-2026-240x300.jpeg 240w, https:\/\/www.ufsm.br\/app\/uploads\/sites\/346\/2026\/09\/Lilian-Circuito-Sesc-Literatura-27-08-2026-768x960.jpeg 768w, https:\/\/www.ufsm.br\/app\/uploads\/sites\/346\/2026\/09\/Lilian-Circuito-Sesc-Literatura-27-08-2026.jpeg 1080w\" sizes=\"(max-width: 819px) 100vw, 819px\" \/><\/figure>\n<!-- \/wp:image --><!-- wp:paragraph -->\n<p>A programa\u00e7\u00e3o de agosto tamb\u00e9m levou a escritora e artista ga\u00facha Lilian Rocha ao Teatro Caixa Preta. A atividade do Circuito Sesc Literatura foi realizada no dia 27 de agosto e reuniu o p\u00fablico a partir dos 14 anos para uma conversa sobre literatura e produ\u00e7\u00e3o cultural.<\/p>\n<!-- \/wp:paragraph --><!-- wp:paragraph -->\n<p>Natural de Porto Alegre, Lilian Rocha \u00e9 farmac\u00eautica, analista cl\u00ednica, escritora, musicista e facilitadora didata de Biodanza. Com produ\u00e7\u00e3o nas \u00e1reas de poesia, literatura infantil e romance, a autora tem trajet\u00f3ria marcada pela valoriza\u00e7\u00e3o da cultura afro-brasileira e pela participa\u00e7\u00e3o em projetos de incentivo \u00e0 leitura. Lilian integra academias de letras e institui\u00e7\u00f5es culturais no Brasil e no exterior e teve poemas publicados em antologias, revistas e blogs, al\u00e9m de outras publica\u00e7\u00f5es no Brasil e em Portugal. Tamb\u00e9m foi curadora da Feira do Livro de Porto Alegre nos anos de 2024 e 2025.\u00a0<\/p>\n<!-- \/wp:paragraph --><!-- wp:paragraph -->\n<p>Realizada gratuitamente no Teatro Caixa Preta, a atividade ampliou a programa\u00e7\u00e3o cultural da UFSM e proporcionou ao p\u00fablico santamariense o contato com uma das vozes da literatura contempor\u00e2nea ga\u00facha.<\/p>\n<!-- \/wp:paragraph --><!-- wp:spacer {\"height\":\"11px\"} -->\n<div class=\"wp-block-spacer\" style=\"height: 11px\" aria-hidden=\"true\">\u00a0<\/div>\n<!-- \/wp:spacer --><!-- wp:heading -->\n<h2 class=\"wp-block-heading\"><strong>Cachorro Abelardo no Centro de Conven\u00e7\u00f5es!<\/strong>\u00a0<\/h2>\n<!-- \/wp:heading --><!-- wp:image {\"id\":17653,\"width\":\"219px\",\"height\":\"auto\",\"aspectRatio\":\"0.8\",\"sizeSlug\":\"large\",\"linkDestination\":\"none\",\"align\":\"left\"} -->\n<figure class=\"wp-block-image alignleft size-large is-resized\"><img loading=\"lazy\" decoding=\"async\" width=\"819\" height=\"1024\" class=\"wp-image-17653\" style=\"aspect-ratio: 0.8;width: 219px;height: auto\" src=\"https:\/\/www.ufsm.br\/app\/uploads\/sites\/346\/2026\/09\/unnamed-1-819x1024.jpg\" alt=\"\" srcset=\"https:\/\/www.ufsm.br\/app\/uploads\/sites\/346\/2026\/09\/unnamed-1-819x1024.jpg 819w, https:\/\/www.ufsm.br\/app\/uploads\/sites\/346\/2026\/09\/unnamed-1-240x300.jpg 240w, https:\/\/www.ufsm.br\/app\/uploads\/sites\/346\/2026\/09\/unnamed-1-768x960.jpg 768w, https:\/\/www.ufsm.br\/app\/uploads\/sites\/346\/2026\/09\/unnamed-1.jpg 1080w\" sizes=\"(max-width: 819px) 100vw, 819px\" \/><\/figure>\n<!-- \/wp:image --><!-- wp:paragraph -->\n<p>No dia 10 de outubro, \u00e0s 15h, o p\u00fablico infantil poder\u00e1 acompanhar <em>Bom pra Cachorro \u2013 O Circo-Teatro do Abelardo<\/em>, da Caixa do Elefante Teatro de Bonecos. O espet\u00e1culo ser\u00e1 apresentado no Centro de Conven\u00e7\u00f5es da UFSM, localizado na Avenida Roraima, 1000, pr\u00e9dio 62A.<\/p>\n<!-- \/wp:paragraph --><!-- wp:paragraph -->\n<p>A montagem re\u00fane atores, bonecos, brinquedos e objetos em um espet\u00e1culo de variedades conduzido pelo cachorro Abelardo. A proposta combina teatro de bonecos e elementos circenses para criar uma experi\u00eancia voltada especialmente \u00e0s crian\u00e7as. A classifica\u00e7\u00e3o indicativa \u00e9 livre, com recomenda\u00e7\u00e3o para crian\u00e7as a partir de cinco anos.<\/p>\n<!-- \/wp:paragraph --><!-- wp:paragraph -->\n<p>Os ingressos t\u00eam valores a partir de R$ 20,00 e podem ser adquiridos pelo site do Sesc. Mais informa\u00e7\u00f5es podem ser obtidas pelo telefone (55) 98423-6338.<\/p>\n<!-- \/wp:paragraph --><!-- wp:spacer {\"height\":\"20px\"} -->\n<div class=\"wp-block-spacer\" style=\"height: 20px\" aria-hidden=\"true\">\u00a0<\/div>\n<!-- \/wp:spacer --><!-- wp:heading -->\n<h2 class=\"wp-block-heading\"><strong>Gilberto Monteiro, Gustavo Garoto e Sucinta Orquestra no palco do Centro de Conven\u00e7\u00f5es!<\/strong>\u00a0<\/h2>\n<!-- \/wp:heading --><!-- wp:paragraph -->\n<p>Na sequ\u00eancia da programa\u00e7\u00e3o, o Centro de Conven\u00e7\u00f5es da UFSM recebe, no dia 13 de outubro, \u00e0s 19h30, o espet\u00e1culo musical <em>Gilberto Monteiro em Amer\u00edndia Brasil<\/em>.<\/p>\n<!-- \/wp:paragraph --><!-- wp:paragraph -->\n<p>Um dos nomes de destaque da m\u00fasica instrumental ga\u00facha, o acordeonista Gilberto Monteiro chega a Santa Maria acompanhado do pianista e arranjador Gustavo Garoto, do violonista Guilherme Castilhos e da Sucinta Orquestra, quinteto de cordas formado por instrumentistas mulheres. A apresenta\u00e7\u00e3o marca a chegada do novo trabalho de Gilberto Monteiro ao p\u00fablico santamariense e re\u00fane diferentes sonoridades da m\u00fasica instrumental em uma forma\u00e7\u00e3o que combina acorde\u00e3o, piano, viol\u00e3o e cordas.<\/p>\n<!-- \/wp:paragraph --><!-- wp:paragraph -->\n<p>Os ingressos est\u00e3o dispon\u00edveis pelo <em>e-commerce<\/em> do Sesc, com valores diferenciados conforme a categoria:<\/p>\n<!-- \/wp:paragraph --><!-- wp:list -->\n<ul class=\"wp-block-list\"><!-- wp:list-item -->\n<li>Empres\u00e1rio: R$ 28,00;<\/li>\n<!-- \/wp:list-item --><!-- wp:list-item -->\n<li>P\u00fablico geral: R$ 60,00;<\/li>\n<!-- \/wp:list-item --><!-- wp:list-item -->\n<li>Meia-entrada: R$ 30,00;<\/li>\n<!-- \/wp:list-item --><!-- wp:list-item -->\n<li>Credencial Plena: R$ 25,00.<\/li>\n<!-- \/wp:list-item --><\/ul>\n<!-- \/wp:list --><!-- wp:paragraph -->\n<p><em>Revis\u00e3o: Catharina Viegas, revisora de textos da Subdivis\u00e3o de Divulga\u00e7\u00e3o e Editora\u00e7\u00e3o (PRE\/UFSM).<\/em><\/p>\n<!-- \/wp:paragraph -->\t\t\t\t\t\t<\/div>\n\t\t\t\t<\/div>\n\t\t\t\t\t<\/div>\n\t\t<\/div>\n\t\t\t\t\t<\/div>\n\t\t<\/section>\n\t\t\t\t<section class=\"elementor-section elementor-top-section elementor-element elementor-element-280b919 elementor-section-boxed elementor-section-height-default elementor-section-height-default\" data-id=\"280b919\" data-element_type=\"section\">\n\t\t\t\t\t\t<div class=\"elementor-container elementor-column-gap-default\">\n\t\t\t\t\t<div class=\"elementor-column elementor-col-50 elementor-top-column elementor-element elementor-element-a7ab14b\" data-id=\"a7ab14b\" data-element_type=\"column\">\n\t\t\t<div class=\"elementor-widget-wrap elementor-element-populated\">\n\t\t\t\t\t\t<div class=\"elementor-element elementor-element-41cb8a9 elementor-widget elementor-widget-image\" data-id=\"41cb8a9\" data-element_type=\"widget\" data-widget_type=\"image.default\">\n\t\t\t\t<div class=\"elementor-widget-container\">\n\t\t\t\t\t\t\t\t\t\t\t\t\t<img loading=\"lazy\" decoding=\"async\" width=\"1024\" height=\"1024\" src=\"https:\/\/www.ufsm.br\/app\/uploads\/sites\/346\/2020\/09\/ODS_4-1024x1024.jpg\" class=\"attachment-large size-large wp-image-4373\" alt=\"\" srcset=\"https:\/\/www.ufsm.br\/app\/uploads\/sites\/346\/2020\/09\/ODS_4-1024x1024.jpg 1024w, https:\/\/www.ufsm.br\/app\/uploads\/sites\/346\/2020\/09\/ODS_4-300x300.jpg 300w, https:\/\/www.ufsm.br\/app\/uploads\/sites\/346\/2020\/09\/ODS_4-150x150.jpg 150w, https:\/\/www.ufsm.br\/app\/uploads\/sites\/346\/2020\/09\/ODS_4-768x768.jpg 768w, https:\/\/www.ufsm.br\/app\/uploads\/sites\/346\/2020\/09\/ODS_4-1536x1536.jpg 1536w, https:\/\/www.ufsm.br\/app\/uploads\/sites\/346\/2020\/09\/ODS_4.jpg 1920w\" sizes=\"(max-width: 1024px) 100vw, 1024px\" \/>\t\t\t\t\t\t\t\t\t\t\t\t\t<\/div>\n\t\t\t\t<\/div>\n\t\t\t\t\t<\/div>\n\t\t<\/div>\n\t\t\t\t<div class=\"elementor-column elementor-col-50 elementor-top-column elementor-element elementor-element-b86600f\" data-id=\"b86600f\" data-element_type=\"column\">\n\t\t\t<div class=\"elementor-widget-wrap elementor-element-populated\">\n\t\t\t\t\t\t<div class=\"elementor-element elementor-element-d8c0f70 elementor-widget elementor-widget-image\" data-id=\"d8c0f70\" data-element_type=\"widget\" data-widget_type=\"image.default\">\n\t\t\t\t<div class=\"elementor-widget-container\">\n\t\t\t\t\t\t\t\t\t\t\t\t\t<img loading=\"lazy\" decoding=\"async\" width=\"1024\" height=\"1024\" src=\"https:\/\/www.ufsm.br\/app\/uploads\/sites\/346\/2020\/09\/ODS_17-1024x1024.jpg\" class=\"attachment-large size-large wp-image-4386\" alt=\"\" srcset=\"https:\/\/www.ufsm.br\/app\/uploads\/sites\/346\/2020\/09\/ODS_17-1024x1024.jpg 1024w, https:\/\/www.ufsm.br\/app\/uploads\/sites\/346\/2020\/09\/ODS_17-300x300.jpg 300w, https:\/\/www.ufsm.br\/app\/uploads\/sites\/346\/2020\/09\/ODS_17-150x150.jpg 150w, https:\/\/www.ufsm.br\/app\/uploads\/sites\/346\/2020\/09\/ODS_17-768x768.jpg 768w, https:\/\/www.ufsm.br\/app\/uploads\/sites\/346\/2020\/09\/ODS_17-1536x1536.jpg 1536w, https:\/\/www.ufsm.br\/app\/uploads\/sites\/346\/2020\/09\/ODS_17.jpg 1920w\" sizes=\"(max-width: 1024px) 100vw, 1024px\" \/>\t\t\t\t\t\t\t\t\t\t\t\t\t<\/div>\n\t\t\t\t<\/div>\n\t\t\t\t\t<\/div>\n\t\t<\/div>\n\t\t\t\t\t<\/div>\n\t\t<\/section>\n\t\t\t\t<\/div>\n\t\t","protected":false},"excerpt":{"rendered":"<p>A parceria entre a Universidade Federal de Santa Maria e o Sesc Santa Maria segue ampliando a oferta de programa\u00e7\u00e3o cultural na cidade. Em outubro, o Centro de Conven\u00e7\u00f5es da UFSM recebe dois espet\u00e1culos que contemplam diferentes p\u00fablicos <\/p>\n","protected":false},"author":9186,"featured_media":17654,"comment_status":"closed","ping_status":"closed","sticky":false,"template":"","format":"standard","meta":{"footnotes":""},"categories":[287,288,10,492,203,276,490],"tags":[285,289,364,342],"class_list":["post-17645","post","type-post","status-publish","format-standard","has-post-thumbnail","hentry","category-centro-de-convencoes","category-cultura-e-arte","category-destaques","category-divulgacao","category-eventos","category-noticias","category-sociedade","tag-centro-de-convencoes","tag-cultura-e-arte","tag-ods-04","tag-ods-17"],"acf":[],"_links":{"self":[{"href":"https:\/\/www.ufsm.br\/pro-reitorias\/pre\/wp-json\/wp\/v2\/posts\/17645","targetHints":{"allow":["GET"]}}],"collection":[{"href":"https:\/\/www.ufsm.br\/pro-reitorias\/pre\/wp-json\/wp\/v2\/posts"}],"about":[{"href":"https:\/\/www.ufsm.br\/pro-reitorias\/pre\/wp-json\/wp\/v2\/types\/post"}],"author":[{"embeddable":true,"href":"https:\/\/www.ufsm.br\/pro-reitorias\/pre\/wp-json\/wp\/v2\/users\/9186"}],"replies":[{"embeddable":true,"href":"https:\/\/www.ufsm.br\/pro-reitorias\/pre\/wp-json\/wp\/v2\/comments?post=17645"}],"version-history":[{"count":0,"href":"https:\/\/www.ufsm.br\/pro-reitorias\/pre\/wp-json\/wp\/v2\/posts\/17645\/revisions"}],"wp:featuredmedia":[{"embeddable":true,"href":"https:\/\/www.ufsm.br\/pro-reitorias\/pre\/wp-json\/wp\/v2\/media\/17654"}],"wp:attachment":[{"href":"https:\/\/www.ufsm.br\/pro-reitorias\/pre\/wp-json\/wp\/v2\/media?parent=17645"}],"wp:term":[{"taxonomy":"category","embeddable":true,"href":"https:\/\/www.ufsm.br\/pro-reitorias\/pre\/wp-json\/wp\/v2\/categories?post=17645"},{"taxonomy":"post_tag","embeddable":true,"href":"https:\/\/www.ufsm.br\/pro-reitorias\/pre\/wp-json\/wp\/v2\/tags?post=17645"}],"curies":[{"name":"wp","href":"https:\/\/api.w.org\/{rel}","templated":true}]}}