{"id":2083,"date":"2019-03-09T15:44:30","date_gmt":"2019-03-09T18:44:30","guid":{"rendered":"https:\/\/www.ufsm.br\/pro-reitorias\/pre\/?p=2083"},"modified":"2025-02-25T10:21:17","modified_gmt":"2025-02-25T13:21:17","slug":"programacao-8m","status":"publish","type":"post","link":"https:\/\/www.ufsm.br\/pro-reitorias\/pre\/2019\/03\/09\/programacao-8m","title":{"rendered":"Programa\u00e7\u00e3o 8M"},"content":{"rendered":"\t\t<div data-elementor-type=\"wp-post\" data-elementor-id=\"2083\" class=\"elementor elementor-2083\">\n\t\t\t\t\t\t<section class=\"elementor-section elementor-top-section elementor-element elementor-element-3cf73afa elementor-section-boxed elementor-section-height-default elementor-section-height-default\" data-id=\"3cf73afa\" data-element_type=\"section\">\n\t\t\t\t\t\t<div class=\"elementor-container elementor-column-gap-default\">\n\t\t\t\t\t<div class=\"elementor-column elementor-col-100 elementor-top-column elementor-element elementor-element-14b2bc5e\" data-id=\"14b2bc5e\" data-element_type=\"column\">\n\t\t\t<div class=\"elementor-widget-wrap elementor-element-populated\">\n\t\t\t\t\t\t<div class=\"elementor-element elementor-element-76ade357 elementor-widget elementor-widget-text-editor\" data-id=\"76ade357\" data-element_type=\"widget\" data-widget_type=\"text-editor.default\">\n\t\t\t\t<div class=\"elementor-widget-container\">\n\t\t\t\t\t\t\t<p><!-- wp:tadv\/classic-paragraph --><\/p>\n<p>A Universidade Federal de Santa Maria, atrav\u00e9s do Observat\u00f3rio de Direitos Humanos da Pr\u00f3-Reitoria de Extens\u00e3o; da Pr\u00f3-Reitoria de Gest\u00e3o de Pessoas; e da Ag\u00eancia de Inova\u00e7\u00e3o e Transfer\u00eancia de Tecnologia, preparou uma programa\u00e7\u00e3o especial para o m\u00eas de mar\u00e7o.<\/p>\n<p>Confira abaixo e participe!<\/p>\n<p><strong>Programa\u00e7\u00e3o 8M<\/strong><\/p>\n<p><span style=\"text-decoration: underline\"><a href=\"https:\/\/www.ufsm.br\/pro-reitorias\/pre\/eventos\/oficinadediscotecagem\/\"><span style=\"color: #993366\"><strong>Oficina de Discotecagem para mulheres<\/strong><\/span><\/a><\/span><br \/>Dia: 12\/03\/19<br \/>Hora: 14h<br \/>Local: Espa\u00e7o Multiuso\u00a0<\/p>\n<p><span style=\"text-decoration: underline\"><strong><a href=\"https:\/\/www.ufsm.br\/pro-reitorias\/pre\/eventos\/oficinaderima\/\"><span style=\"color: #993366;text-decoration: underline\">Oficina de Rima para mulheres<\/span><\/a><\/strong><\/span><br \/>Dia: 12\/03\/19<br \/>Hora: 15h<br \/>Local: Espa\u00e7o Multiuso\u00a0<\/p>\n<p><span style=\"text-decoration: underline\"><strong><a href=\"https:\/\/www.ufsm.br\/pro-reitorias\/pre\/eventos\/oficinadebeatbox\/\"><span style=\"color: #993366;text-decoration: underline\">Oficina de Beatbox para mulheres<\/span><\/a><\/strong><\/span><br \/>Dia: 12\/03\/19<br \/>Hora: 15h<br \/>Local: Espa\u00e7o Multiuso\u00a0<\/p>\n<p><strong><span style=\"color: #993366\">Roda de conversa Ambiente Laboral e Qualidade de Vida<br \/><\/span><\/strong>Dia: 14\/03<br \/>Hora: 9h30min<br \/>Local: Audit\u00f3rio da CQVS<\/p>\n<p><strong><span style=\"color: #993366\">Oficina de Mec\u00e2nica Automotiva para mulheres<\/span><\/strong><br \/>Dia: 19\/03\/19<br \/>Hora: 14h<br \/>Local: Sala 218 &#8211; Reitoria<\/p>\n<p><strong><span style=\"color: #993366\">Oficina de El\u00e9trica para mulheres<\/span><\/strong><br \/>Dia: 22\/03<br \/>Hora: 15h30min<br \/>Local: Laborat\u00f3rio de Instala\u00e7\u00f5es El\u00e9tricas &#8211; CTISM\u00a0<\/p>\n<p><span style=\"color: #993366\"><strong>Roda de conversa Sa\u00fade da Mulher<\/strong><br \/><\/span>Dia 27\/03<br \/>Hora: 9h<br \/>Local: Audit\u00f3rio da CQVS<\/p>\n<p><strong><span style=\"color: #993366\">Oficina de Defesa Pessoal para mulheres<\/span><\/strong><br \/>Dia: 27\/03\/19<br \/>Hora: 14h30min<br \/>Local: Espa\u00e7o Alternativo, pr\u00e9dio 48C<\/p>\n<p><strong><span style=\"color: #993366\">Bate-papo Mulheres Empreendedoras<br \/><\/span><\/strong>Dia: 28\/03<br \/>Hora: 10h<br \/>Local: Audit\u00f3rio do 74 C<\/p>\n<p><!-- \/wp:tadv\/classic-paragraph --><\/p>\t\t\t\t\t\t<\/div>\n\t\t\t\t<\/div>\n\t\t\t\t\t<\/div>\n\t\t<\/div>\n\t\t\t\t\t<\/div>\n\t\t<\/section>\n\t\t\t\t<\/div>\n\t\t","protected":false},"excerpt":{"rendered":"<p>A Universidade Federal de Santa Maria, atrav\u00e9s do Observat\u00f3rio de Direitos Humanos da Pr\u00f3-Reitoria de Extens\u00e3o; da Pr\u00f3-Reitoria de Gest\u00e3o de Pessoas; e da Ag\u00eancia de Inova\u00e7\u00e3o e Transfer\u00eancia de Tecnologia, preparou uma programa\u00e7\u00e3o especial para o m\u00eas de mar\u00e7o. Confira abaixo e participe! Programa\u00e7\u00e3o 8M Oficina de Discotecagem para mulheresDia: 12\/03\/19Hora: 14hLocal: Espa\u00e7o Multiuso\u00a0 [&hellip;]<\/p>\n","protected":false},"author":161,"featured_media":0,"comment_status":"closed","ping_status":"closed","sticky":false,"template":"","format":"standard","meta":{"footnotes":""},"categories":[10],"tags":[],"class_list":["post-2083","post","type-post","status-publish","format-standard","hentry","category-destaques"],"acf":[],"_links":{"self":[{"href":"https:\/\/www.ufsm.br\/pro-reitorias\/pre\/wp-json\/wp\/v2\/posts\/2083","targetHints":{"allow":["GET"]}}],"collection":[{"href":"https:\/\/www.ufsm.br\/pro-reitorias\/pre\/wp-json\/wp\/v2\/posts"}],"about":[{"href":"https:\/\/www.ufsm.br\/pro-reitorias\/pre\/wp-json\/wp\/v2\/types\/post"}],"author":[{"embeddable":true,"href":"https:\/\/www.ufsm.br\/pro-reitorias\/pre\/wp-json\/wp\/v2\/users\/161"}],"replies":[{"embeddable":true,"href":"https:\/\/www.ufsm.br\/pro-reitorias\/pre\/wp-json\/wp\/v2\/comments?post=2083"}],"version-history":[{"count":0,"href":"https:\/\/www.ufsm.br\/pro-reitorias\/pre\/wp-json\/wp\/v2\/posts\/2083\/revisions"}],"wp:attachment":[{"href":"https:\/\/www.ufsm.br\/pro-reitorias\/pre\/wp-json\/wp\/v2\/media?parent=2083"}],"wp:term":[{"taxonomy":"category","embeddable":true,"href":"https:\/\/www.ufsm.br\/pro-reitorias\/pre\/wp-json\/wp\/v2\/categories?post=2083"},{"taxonomy":"post_tag","embeddable":true,"href":"https:\/\/www.ufsm.br\/pro-reitorias\/pre\/wp-json\/wp\/v2\/tags?post=2083"}],"curies":[{"name":"wp","href":"https:\/\/api.w.org\/{rel}","templated":true}]}}