{"id":2771,"date":"2019-06-07T16:22:27","date_gmt":"2019-06-07T19:22:27","guid":{"rendered":"https:\/\/www.ufsm.br\/pro-reitorias\/pre\/?p=2771"},"modified":"2019-08-21T16:23:47","modified_gmt":"2019-08-21T19:23:47","slug":"projeto-de-extensao-das-artes-visuais-oferta-vagas-para-viagem-de-estudos-a-cascata-raddatz","status":"publish","type":"post","link":"https:\/\/www.ufsm.br\/pro-reitorias\/pre\/2019\/06\/07\/projeto-de-extensao-das-artes-visuais-oferta-vagas-para-viagem-de-estudos-a-cascata-raddatz","title":{"rendered":"Projeto de extens\u00e3o das Artes Visuais oferta vagas para viagem de estudos \u00e0 Cascata Raddatz"},"content":{"rendered":"\n<p>O projeto de extens\u00e3o Paisagem de Agudo, RS: procedimentos t\u00e9cnicos e fundamentos iconogr\u00e1ficos, coordenado pelo professor do Departamento de Artes Visuais Altamir Moreira e vinculado ao projeto Geoparque, promover\u00e1 duas atividades de extens\u00e3o: uma viagem para estudos de paisagem regional na Cascata Raddatz, interior de Agudo, e, posteriormente, uma exposi\u00e7\u00e3o de artes visuais no pr\u00f3prio munic\u00edpio.\u00a0<\/p>\n<p><img fetchpriority=\"high\" decoding=\"async\" class=\"alignleft size-medium wp-image-2773\" src=\"https:\/\/www.ufsm.br\/pro-reitorias\/pre\/wp-content\/uploads\/sites\/346\/2019\/06\/viagem_estudos-300x300.jpg\" alt=\"\" width=\"300\" height=\"300\" srcset=\"https:\/\/www.ufsm.br\/app\/uploads\/sites\/346\/2019\/06\/viagem_estudos-300x300.jpg 300w, https:\/\/www.ufsm.br\/app\/uploads\/sites\/346\/2019\/06\/viagem_estudos-150x150.jpg 150w, https:\/\/www.ufsm.br\/app\/uploads\/sites\/346\/2019\/06\/viagem_estudos-768x768.jpg 768w, https:\/\/www.ufsm.br\/app\/uploads\/sites\/346\/2019\/06\/viagem_estudos.jpg 850w\" sizes=\"(max-width: 300px) 100vw, 300px\" \/>A primeira atividade est\u00e1 prevista para ser realizada na tarde do dia 29 de junho, das 13h \u00e0s 17h, no entorno da Cascata Raddatz. Podem se inscrever, no <a href=\"https:\/\/docs.google.com\/forms\/d\/e\/1FAIpQLSfO7Bkoz-juYifN90WvithrgftiGvdOUqcbtzV744AM9_2V7Q\/viewform\">site<\/a>, professores de artes que residam em Agudo e alunos das escolas de ensino m\u00e9dio de Agudo. O transporte \u00e9 sob encargo de cada interessado. Os alunos de artes da UFSM, interessados em participar das atividades de ensino e tutoria, dever\u00e3o realizar inscri\u00e7\u00e3o diretamente com os professores respons\u00e1veis pelo projeto, Altamir Moreira e Talita Esquivel.<\/p>\n<p>Caso o participante\u00a0 seja menor de idade, \u00e9 preciso que pais ou respons\u00e1veis preencham a <a href=\"https:\/\/www.ufsm.br\/pro-reitorias\/pre\/wp-content\/uploads\/sites\/346\/2019\/06\/Autoriza\u00e7\u00e3o-1.docx\">Autoriza\u00e7\u00e3o 1<\/a>. Para publica\u00e7\u00e3o de imagens produzidas durante a atividade, \u00e9 necess\u00e1rio preencher a <a href=\"https:\/\/www.ufsm.br\/pro-reitorias\/pre\/wp-content\/uploads\/sites\/346\/2019\/06\/Autoriza\u00e7\u00e3o-2.docx\">Autoriza\u00e7\u00e3o 2<\/a> ou a <a href=\"https:\/\/www.ufsm.br\/pro-reitorias\/pre\/wp-content\/uploads\/sites\/346\/2019\/06\/Autoriza\u00e7\u00e3o-3.docx\">Autoriza\u00e7\u00e3o 3<\/a>. As autoriza\u00e7\u00f5es devem ser entregues impressas no dia da viagem.<\/p>\n<p>No dia da viagem, os participantes devem levar um caderno de desenho ou folhas de papel A4, prancheta escolar, l\u00e1pis (3B, 4B, 5B, 6B ou comum), borracha pl\u00e1stica, caneta esferogr\u00e1fica preta, canetas hidrogr\u00e1ficas coloridas, l\u00e1pis de cor aquarela em pastilhas ou tubo, pincel macio chato e com ponta, algod\u00e3o e copo pl\u00e1stico para \u00e1gua.<\/p>\n<p>Ap\u00f3s essa atividade, uma exposi\u00e7\u00e3o, prevista para os meses de novembro e dezembro deste ano, ser\u00e1 realizada com os trabalhos produzidos durante a visita.<\/p>\n<p>\u00a0<\/p>\n<p>Texto: Andr\u00e9a Ortis\/ Bolsista NDI PRE<\/p>\n","protected":false},"excerpt":{"rendered":"<p>O projeto de extens\u00e3o Paisagem de Agudo, RS: procedimentos t\u00e9cnicos e fundamentos iconogr\u00e1ficos, coordenado pelo professor do Departamento de Artes Visuais Altamir Moreira e vinculado ao projeto Geoparque, promover\u00e1 duas atividades de extens\u00e3o: uma viagem para estudos de paisagem regional na Cascata Raddatz, interior de Agudo, e, posteriormente, uma exposi\u00e7\u00e3o de artes visuais no pr\u00f3prio [&hellip;]<\/p>\n","protected":false},"author":203,"featured_media":0,"comment_status":"closed","ping_status":"closed","sticky":false,"template":"","format":"standard","meta":{"footnotes":""},"categories":[1],"tags":[],"class_list":["post-2771","post","type-post","status-publish","format-standard","hentry","category-sem-categoria"],"acf":[],"_links":{"self":[{"href":"https:\/\/www.ufsm.br\/pro-reitorias\/pre\/wp-json\/wp\/v2\/posts\/2771","targetHints":{"allow":["GET"]}}],"collection":[{"href":"https:\/\/www.ufsm.br\/pro-reitorias\/pre\/wp-json\/wp\/v2\/posts"}],"about":[{"href":"https:\/\/www.ufsm.br\/pro-reitorias\/pre\/wp-json\/wp\/v2\/types\/post"}],"author":[{"embeddable":true,"href":"https:\/\/www.ufsm.br\/pro-reitorias\/pre\/wp-json\/wp\/v2\/users\/203"}],"replies":[{"embeddable":true,"href":"https:\/\/www.ufsm.br\/pro-reitorias\/pre\/wp-json\/wp\/v2\/comments?post=2771"}],"version-history":[{"count":0,"href":"https:\/\/www.ufsm.br\/pro-reitorias\/pre\/wp-json\/wp\/v2\/posts\/2771\/revisions"}],"wp:attachment":[{"href":"https:\/\/www.ufsm.br\/pro-reitorias\/pre\/wp-json\/wp\/v2\/media?parent=2771"}],"wp:term":[{"taxonomy":"category","embeddable":true,"href":"https:\/\/www.ufsm.br\/pro-reitorias\/pre\/wp-json\/wp\/v2\/categories?post=2771"},{"taxonomy":"post_tag","embeddable":true,"href":"https:\/\/www.ufsm.br\/pro-reitorias\/pre\/wp-json\/wp\/v2\/tags?post=2771"}],"curies":[{"name":"wp","href":"https:\/\/api.w.org\/{rel}","templated":true}]}}