{"id":2784,"date":"2019-06-24T08:37:05","date_gmt":"2019-06-24T11:37:05","guid":{"rendered":"https:\/\/www.ufsm.br\/pro-reitorias\/pre\/?p=2784"},"modified":"2019-06-24T08:37:12","modified_gmt":"2019-06-24T11:37:12","slug":"projeto-geoparque-participa-de-encontro-com-secretarios-de-turismo-da-quarta-colonia","status":"publish","type":"post","link":"https:\/\/www.ufsm.br\/pro-reitorias\/pre\/2019\/06\/24\/projeto-geoparque-participa-de-encontro-com-secretarios-de-turismo-da-quarta-colonia","title":{"rendered":"Projeto Geoparque participa de encontro com Secret\u00e1rios de Turismo da Quarta Col\u00f4nia"},"content":{"rendered":"\n<p>Na quarta-feira (19) a coordena\u00e7\u00e3o do projeto Geoparque participou de uma reuni\u00e3o de trabalho com os Secret\u00e1rios de Turismo e Cultura dos nove munic\u00edpios da Quarta Col\u00f4nia promovida pelo Cons\u00f3rcio de Desenvolvimento Sustent\u00e1vel da Quarta Col\u00f4nia (Condesus).<\/p>\n<p>A coordenadora do projeto, Jaciele Sell, falou aos secret\u00e1rios sobre o Projeto Institucional Geoparque e sinalizou a disponibilidade da Pr\u00f3-Reitoria de Extens\u00e3o para auxiliar os munic\u00edpios nas demandas referentes ao seu desenvolvimento. Al\u00e9m disso, a reuni\u00e3o teve como objetivo a defini\u00e7\u00e3o de uma agenda de audi\u00eancias p\u00fablicas durante o m\u00eas de agosto em cada uma das localidades para apresenta\u00e7\u00e3o oficial do projeto ao poder p\u00fablico e \u00e0 popula\u00e7\u00e3o em geral.<\/p>\n<p><img fetchpriority=\"high\" decoding=\"async\" class=\"alignleft size-medium wp-image-2785\" src=\"https:\/\/www.ufsm.br\/pro-reitorias\/pre\/wp-content\/uploads\/sites\/346\/2019\/06\/WhatsApp-Image-2019-06-19-at-15.56.44-225x300.jpeg\" alt=\"\" width=\"225\" height=\"300\" srcset=\"https:\/\/www.ufsm.br\/app\/uploads\/sites\/346\/2019\/06\/WhatsApp-Image-2019-06-19-at-15.56.44-225x300.jpeg 225w, https:\/\/www.ufsm.br\/app\/uploads\/sites\/346\/2019\/06\/WhatsApp-Image-2019-06-19-at-15.56.44-768x1024.jpeg 768w, https:\/\/www.ufsm.br\/app\/uploads\/sites\/346\/2019\/06\/WhatsApp-Image-2019-06-19-at-15.56.44.jpeg 960w\" sizes=\"(max-width: 225px) 100vw, 225px\" \/>Tamb\u00e9m participou do encontro o turism\u00f3logo Rafael Ruviaro que destacou as riquezas naturais e culturais da Quarta Col\u00f4nia e ressaltou a import\u00e2ncia do envolvimento de toda a comunidade para o impulsionamento do potencial tur\u00edstico da regi\u00e3o. Ruviaro, junto do Condesus, trabalha na idealiza\u00e7\u00e3o do Circuito Colonial F\u00e9, Natureza e Artes, um roteiro tur\u00edstico que abrange os nove munic\u00edpios e promete dar ainda mais destaque aos atrativos do Geoparque Quarta Col\u00f4nia.<\/p>\n","protected":false},"excerpt":{"rendered":"<p>Na quarta-feira (19) a coordena\u00e7\u00e3o do projeto Geoparque participou de uma reuni\u00e3o de trabalho com os Secret\u00e1rios de Turismo e Cultura dos nove munic\u00edpios da Quarta Col\u00f4nia promovida pelo Cons\u00f3rcio de Desenvolvimento Sustent\u00e1vel da Quarta Col\u00f4nia (Condesus). A coordenadora do projeto, Jaciele Sell, falou aos secret\u00e1rios sobre o Projeto Institucional Geoparque e sinalizou a disponibilidade [&hellip;]<\/p>\n","protected":false},"author":161,"featured_media":0,"comment_status":"closed","ping_status":"closed","sticky":false,"template":"","format":"standard","meta":{"footnotes":""},"categories":[1],"tags":[],"class_list":["post-2784","post","type-post","status-publish","format-standard","hentry","category-sem-categoria"],"acf":[],"_links":{"self":[{"href":"https:\/\/www.ufsm.br\/pro-reitorias\/pre\/wp-json\/wp\/v2\/posts\/2784","targetHints":{"allow":["GET"]}}],"collection":[{"href":"https:\/\/www.ufsm.br\/pro-reitorias\/pre\/wp-json\/wp\/v2\/posts"}],"about":[{"href":"https:\/\/www.ufsm.br\/pro-reitorias\/pre\/wp-json\/wp\/v2\/types\/post"}],"author":[{"embeddable":true,"href":"https:\/\/www.ufsm.br\/pro-reitorias\/pre\/wp-json\/wp\/v2\/users\/161"}],"replies":[{"embeddable":true,"href":"https:\/\/www.ufsm.br\/pro-reitorias\/pre\/wp-json\/wp\/v2\/comments?post=2784"}],"version-history":[{"count":0,"href":"https:\/\/www.ufsm.br\/pro-reitorias\/pre\/wp-json\/wp\/v2\/posts\/2784\/revisions"}],"wp:attachment":[{"href":"https:\/\/www.ufsm.br\/pro-reitorias\/pre\/wp-json\/wp\/v2\/media?parent=2784"}],"wp:term":[{"taxonomy":"category","embeddable":true,"href":"https:\/\/www.ufsm.br\/pro-reitorias\/pre\/wp-json\/wp\/v2\/categories?post=2784"},{"taxonomy":"post_tag","embeddable":true,"href":"https:\/\/www.ufsm.br\/pro-reitorias\/pre\/wp-json\/wp\/v2\/tags?post=2784"}],"curies":[{"name":"wp","href":"https:\/\/api.w.org\/{rel}","templated":true}]}}