{"id":2815,"date":"2019-07-04T10:13:11","date_gmt":"2019-07-04T13:13:11","guid":{"rendered":"https:\/\/www.ufsm.br\/pro-reitorias\/pre\/?p=2815"},"modified":"2019-08-21T16:23:41","modified_gmt":"2019-08-21T19:23:41","slug":"abertura-do-37-seminario-de-extensao-universitaria-da-regiao-sul-seurs","status":"publish","type":"post","link":"https:\/\/www.ufsm.br\/pro-reitorias\/pre\/2019\/07\/04\/abertura-do-37-seminario-de-extensao-universitaria-da-regiao-sul-seurs","title":{"rendered":"Abertura do 37\u00b0 Semin\u00e1rio de Extens\u00e3o Universit\u00e1ria da Regi\u00e3o Sul (SEURS)"},"content":{"rendered":"\n<p>Foi realizada, na manh\u00e3 desta quarta-feira (3), a abertura do 37\u00b0 Semin\u00e1rio de Extens\u00e3o Universit\u00e1ria da Regi\u00e3o Sul (SEURS), na Universidade Federal de Santa Catarina (UFSC). A tem\u00e1tica do semin\u00e1rio deste ano \u00e9 &#8220;Inova\u00e7\u00e3o e Extens\u00e3o&#8221;.<\/p>\n<p><br \/>A comitiva da Universidade Federal de Santa Maria (UFSM) participou do evento, que contou com a participa\u00e7\u00e3o do grupo Orquestra de C\u00e2mara Madrigal da UFSC.<\/p>\n<p><br \/>Fizeram uso da palavra a vice-reitora da UFSC, Profa. Dra. Alacoque Lorenzini Erdmann; o pr\u00f3-reitor de Extens\u00e3o da UFSC, Rog\u00e9rio Cid Bastos; a Secret\u00e1ria de Cultura e Arte da UFSC (SECARTE), Maria de Lourdes Alves Borges; e o pr\u00f3-reitor de extens\u00e3o da UFSM e presidente do Forproex Sul, Flavi Ferreira Lisboa Filho. O professor \u00c1lvaro Prata, do Departamento de Engenharia Mec\u00e2nica, proferiu a palestra de abertura sobre os desafios e as oportunidades da extens\u00e3o universit\u00e1ria.<\/p>\n<p><br \/>O SEURS se estende at\u00e9 a quinta-feira, 4, com apresenta\u00e7\u00f5es culturais e de trabalhos de extens\u00e3o das universidades da regi\u00e3o sul.<\/p>\n<p>\u00a0<\/p>\n<p>Texto: Andr\u00e9a Ortis\/ Bolsista NDI PRE<\/p>\n<p><img decoding=\"async\" src=\"https:\/\/trello-attachments.s3.amazonaws.com\/5bfafbdc1f303757fb91a27d\/5d1cb4b1939d4485e2c384ab\/d898d7612c30ba7efe6b828ed5ae1230\/20190703_110316.jpg\" \/><\/p>\n","protected":false},"excerpt":{"rendered":"<p>Foi realizada, na manh\u00e3 desta quarta-feira (3), a abertura do 37\u00b0 Semin\u00e1rio de Extens\u00e3o Universit\u00e1ria da Regi\u00e3o Sul (SEURS), na Universidade Federal de Santa Catarina (UFSC). A tem\u00e1tica do semin\u00e1rio deste ano \u00e9 &#8220;Inova\u00e7\u00e3o e Extens\u00e3o&#8221;. A comitiva da Universidade Federal de Santa Maria (UFSM) participou do evento, que contou com a participa\u00e7\u00e3o do grupo [&hellip;]<\/p>\n","protected":false},"author":203,"featured_media":0,"comment_status":"closed","ping_status":"closed","sticky":false,"template":"","format":"standard","meta":{"footnotes":""},"categories":[1],"tags":[],"class_list":["post-2815","post","type-post","status-publish","format-standard","hentry","category-sem-categoria"],"acf":[],"_links":{"self":[{"href":"https:\/\/www.ufsm.br\/pro-reitorias\/pre\/wp-json\/wp\/v2\/posts\/2815","targetHints":{"allow":["GET"]}}],"collection":[{"href":"https:\/\/www.ufsm.br\/pro-reitorias\/pre\/wp-json\/wp\/v2\/posts"}],"about":[{"href":"https:\/\/www.ufsm.br\/pro-reitorias\/pre\/wp-json\/wp\/v2\/types\/post"}],"author":[{"embeddable":true,"href":"https:\/\/www.ufsm.br\/pro-reitorias\/pre\/wp-json\/wp\/v2\/users\/203"}],"replies":[{"embeddable":true,"href":"https:\/\/www.ufsm.br\/pro-reitorias\/pre\/wp-json\/wp\/v2\/comments?post=2815"}],"version-history":[{"count":0,"href":"https:\/\/www.ufsm.br\/pro-reitorias\/pre\/wp-json\/wp\/v2\/posts\/2815\/revisions"}],"wp:attachment":[{"href":"https:\/\/www.ufsm.br\/pro-reitorias\/pre\/wp-json\/wp\/v2\/media?parent=2815"}],"wp:term":[{"taxonomy":"category","embeddable":true,"href":"https:\/\/www.ufsm.br\/pro-reitorias\/pre\/wp-json\/wp\/v2\/categories?post=2815"},{"taxonomy":"post_tag","embeddable":true,"href":"https:\/\/www.ufsm.br\/pro-reitorias\/pre\/wp-json\/wp\/v2\/tags?post=2815"}],"curies":[{"name":"wp","href":"https:\/\/api.w.org\/{rel}","templated":true}]}}