{"id":2826,"date":"2019-07-04T17:38:46","date_gmt":"2019-07-04T20:38:46","guid":{"rendered":"https:\/\/www.ufsm.br\/pro-reitorias\/pre\/?p=2826"},"modified":"2019-08-21T16:22:37","modified_gmt":"2019-08-21T19:22:37","slug":"pro-reitores-da-regiao-sul-se-reunem-durante-37o-seurs","status":"publish","type":"post","link":"https:\/\/www.ufsm.br\/pro-reitorias\/pre\/2019\/07\/04\/pro-reitores-da-regiao-sul-se-reunem-durante-37o-seurs","title":{"rendered":"Pr\u00f3-Reitores da regi\u00e3o sul se re\u00fanem durante 37\u00ba SEURS"},"content":{"rendered":"\t\t<div data-elementor-type=\"wp-post\" data-elementor-id=\"2826\" class=\"elementor elementor-2826\">\n\t\t\t\t\t\t<section class=\"elementor-section elementor-top-section elementor-element elementor-element-4c10b38 elementor-section-boxed elementor-section-height-default elementor-section-height-default\" data-id=\"4c10b38\" data-element_type=\"section\">\n\t\t\t\t\t\t<div class=\"elementor-container elementor-column-gap-default\">\n\t\t\t\t\t<div class=\"elementor-column elementor-col-100 elementor-top-column elementor-element elementor-element-f9fb11c\" data-id=\"f9fb11c\" data-element_type=\"column\">\n\t\t\t<div class=\"elementor-widget-wrap elementor-element-populated\">\n\t\t\t\t\t\t<div class=\"elementor-element elementor-element-badcea1 elementor-widget elementor-widget-text-editor\" data-id=\"badcea1\" data-element_type=\"widget\" data-widget_type=\"text-editor.default\">\n\t\t\t\t<div class=\"elementor-widget-container\">\n\t\t\t\t\t\t\t<p><span style=\"font-size: 1.125rem\">Foi realizada, na tarde desta quarta-feira (3), a reuni\u00e3o dos pr\u00f3-reitores do Forproex Sul durante o 37\u00b0 SEURS. No total, fazem parte do Forproex 27 universidades da regi\u00e3o sul, mas 25\u00a0 estiveram presentes na reuni\u00e3o.<\/span><\/p><p>\u00a0<\/p><p>Na ocasi\u00e3o, foram debatidas tr\u00eas pautas principais: indicadores de extens\u00e3o, ISSN para os Anais do SEURS e organiza\u00e7\u00e3o da pr\u00f3xima edi\u00e7\u00e3o do evento, que ser\u00e1 realizada em 2020 na Universidade Estadual de Londrina (UEL).\u00a0<\/p><p>\u00a0<\/p><p><strong>Pr\u00f3ximo SEURS<\/strong><\/p><p>Mara Solange Gomes Dellaroza, pr\u00f3-reitora da UEL, confirmou a realiza\u00e7\u00e3o, na institui\u00e7\u00e3o, do 38\u00b0 SEURS, que dever\u00e1 ser realizado no m\u00eas de agosto, com datas e tem\u00e1tica a definir. Ela frisou, ainda, que parcerias s\u00e3o necess\u00e1rias para que o evento seja realmente efetivado.\u00a0<\/p><p>\u00a0<\/p><p>A vice-presidente do Forproex e pr\u00f3-reitora de Extens\u00e3o e Cultura da Universidade Estadual do Norte do Paran\u00e1 (UENP), Simone Castanho, firmou a parceria da organiza\u00e7\u00e3o do SEURS, para o ano de 2020, com a UEL. Flavi Lisboa Filho, presidente do Forproex e pr\u00f3-reitor de extens\u00e3o da UFSM, salientou que o SEURS \u00e9 uma constru\u00e7\u00e3o coletiva, que necessita ser mantida para al\u00e9m do tempo de cada gest\u00e3o.<\/p><p>\u00a0<\/p><p>O SEURS deste ano est\u00e1 sendo realizado na UFSC. O pr\u00f3-reitor de extens\u00e3o da UFSC, Rog\u00e9rio Cid Bastos, falou sobre a import\u00e2ncia da extens\u00e3o para a sociedade, que precisa ser mais reconhecida: &#8220;\u00e9 atrav\u00e9s dela que a universidade ser\u00e1 mais valorizada&#8221;, frisou.<\/p><p>\u00a0<\/p><p><strong>Anais do ISSN<\/strong><\/p><p>Outra pauta debatida no encontro foi o prosseguimento da publica\u00e7\u00e3o de anais do semin\u00e1rio com ISSN. At\u00e9 o momento, n\u00e3o existe uma periodicidade na publica\u00e7\u00e3o de anais do SEURS. Para a t\u00e9cnica administrativa da UFSM, Mariana Nogueira Henriques, que est\u00e1 coordenando essa pauta, \u00e9 &#8220;importante definir e efetivar a publica\u00e7\u00e3o de anais do semin\u00e1rio&#8221;. Flavi corroborou e acrescentou que ter ISSN leg\u00edtima a produ\u00e7\u00e3o no \u00e2mbito cient\u00edfico. Respalda fomento.<\/p><p>\u00a0<\/p><p><strong>Indicadores de Extens\u00e3o<\/strong><\/p><p>Uma cobran\u00e7a grande nas universidades se d\u00e1 no que diz respeito aos indicadores de extens\u00e3o, que precisam ser feitos para mostrar onde a extens\u00e3o atua e quais s\u00e3o os resultados para a sociedade.<\/p><p>\u00a0<\/p><p>&#8220;Os indicadores precisam ser feitos. N\u00e3o \u00e9 de agora, \u00e9 algo que vem de anos. Temos que faz\u00ea-los e adequ\u00e1-los de acordo com nossas realidades&#8221;, comentou a vice-presidente do Forproex, Simone Castanho.\u00a0<\/p><p>\u00a0<\/p><p>Para a pr\u00f3-reitora de extens\u00e3o e cultura da UFRGS, Sandra de Deus, caberia, aos pr\u00f3-reitores da regi\u00e3o sul, olhar e pensar se a regi\u00e3o sul consegue ter uma contribui\u00e7\u00e3o no que diz respeito \u00e0 redu\u00e7\u00e3o do n\u00famero de indicadores, que atualmente tem uma proposta com um n\u00famero muito grande.\u00a0<span style=\"font-size: 1.125rem\">Por isso, seria importante pensar em indicadores comuns para todas as universidades, como forma de validar a extens\u00e3o. Assim, ser\u00e1 poss\u00edvel mensurar como as pesquisas retornam para a sociedade, fazendo esse interc\u00e2mbio entre institui\u00e7\u00e3o de ensino e comunidade.\u00a0<\/span><\/p><p>\u00a0<\/p><p>O pr\u00f3-reitor de extens\u00e3o da UFSM, Flavi, finalizou afirmando que as &#8220;universidades precisam definir, inicialmente, o que \u00e9 extens\u00e3o&#8221;, para, posteriormente, aplicar os indicadores.<\/p><p>\u00a0<\/p><p>Texto: Andr\u00e9a Ortis\/ Bolsista NDI PRE<\/p>\t\t\t\t\t\t<\/div>\n\t\t\t\t<\/div>\n\t\t\t\t\t<\/div>\n\t\t<\/div>\n\t\t\t\t\t<\/div>\n\t\t<\/section>\n\t\t\t\t<\/div>\n\t\t","protected":false},"excerpt":{"rendered":"<p>Foi realizada, na tarde desta quarta-feira (3), a reuni\u00e3o dos pr\u00f3-reitores do Forproex Sul durante o 37\u00b0 SEURS. No total, fazem parte do Forproex 27 universidades da regi\u00e3o sul, mas 25\u00a0 estiveram presentes na reuni\u00e3o. \u00a0 Na ocasi\u00e3o, foram debatidas tr\u00eas pautas principais: indicadores de extens\u00e3o, ISSN para os Anais do SEURS e organiza\u00e7\u00e3o da [&hellip;]<\/p>\n","protected":false},"author":546,"featured_media":0,"comment_status":"closed","ping_status":"closed","sticky":false,"template":"","format":"standard","meta":{"footnotes":""},"categories":[1],"tags":[],"class_list":["post-2826","post","type-post","status-publish","format-standard","hentry","category-sem-categoria"],"acf":[],"_links":{"self":[{"href":"https:\/\/www.ufsm.br\/pro-reitorias\/pre\/wp-json\/wp\/v2\/posts\/2826","targetHints":{"allow":["GET"]}}],"collection":[{"href":"https:\/\/www.ufsm.br\/pro-reitorias\/pre\/wp-json\/wp\/v2\/posts"}],"about":[{"href":"https:\/\/www.ufsm.br\/pro-reitorias\/pre\/wp-json\/wp\/v2\/types\/post"}],"author":[{"embeddable":true,"href":"https:\/\/www.ufsm.br\/pro-reitorias\/pre\/wp-json\/wp\/v2\/users\/546"}],"replies":[{"embeddable":true,"href":"https:\/\/www.ufsm.br\/pro-reitorias\/pre\/wp-json\/wp\/v2\/comments?post=2826"}],"version-history":[{"count":0,"href":"https:\/\/www.ufsm.br\/pro-reitorias\/pre\/wp-json\/wp\/v2\/posts\/2826\/revisions"}],"wp:attachment":[{"href":"https:\/\/www.ufsm.br\/pro-reitorias\/pre\/wp-json\/wp\/v2\/media?parent=2826"}],"wp:term":[{"taxonomy":"category","embeddable":true,"href":"https:\/\/www.ufsm.br\/pro-reitorias\/pre\/wp-json\/wp\/v2\/categories?post=2826"},{"taxonomy":"post_tag","embeddable":true,"href":"https:\/\/www.ufsm.br\/pro-reitorias\/pre\/wp-json\/wp\/v2\/tags?post=2826"}],"curies":[{"name":"wp","href":"https:\/\/api.w.org\/{rel}","templated":true}]}}