{"id":2829,"date":"2019-07-05T16:04:06","date_gmt":"2019-07-05T19:04:06","guid":{"rendered":"https:\/\/www.ufsm.br\/pro-reitorias\/pre\/?p=2829"},"modified":"2019-08-21T16:22:13","modified_gmt":"2019-08-21T19:22:13","slug":"pro-reitor-de-extensao-da-ufsm-participa-do-encontro-conversando-com-o-pro-reitor-no-37-seurs","status":"publish","type":"post","link":"https:\/\/www.ufsm.br\/pro-reitorias\/pre\/2019\/07\/05\/pro-reitor-de-extensao-da-ufsm-participa-do-encontro-conversando-com-o-pro-reitor-no-37-seurs","title":{"rendered":"Pr\u00f3-Reitor de Extens\u00e3o da UFSM participa do encontro &#8220;Conversando a Extens\u00e3o&#8221;, no 37\u00b0 SEURS"},"content":{"rendered":"\t\t<div data-elementor-type=\"wp-post\" data-elementor-id=\"2829\" class=\"elementor elementor-2829\">\n\t\t\t\t\t\t<section class=\"elementor-section elementor-top-section elementor-element elementor-element-f1a67c1 elementor-section-boxed elementor-section-height-default elementor-section-height-default\" data-id=\"f1a67c1\" data-element_type=\"section\">\n\t\t\t\t\t\t<div class=\"elementor-container elementor-column-gap-default\">\n\t\t\t\t\t<div class=\"elementor-column elementor-col-100 elementor-top-column elementor-element elementor-element-4d62d3a\" data-id=\"4d62d3a\" data-element_type=\"column\">\n\t\t\t<div class=\"elementor-widget-wrap elementor-element-populated\">\n\t\t\t\t\t\t<div class=\"elementor-element elementor-element-9294225 elementor-widget elementor-widget-text-editor\" data-id=\"9294225\" data-element_type=\"widget\" data-widget_type=\"text-editor.default\">\n\t\t\t\t<div class=\"elementor-widget-container\">\n\t\t\t\t\t\t\t<p>Na tarde de quinta-feira (4), durante o 37\u00ba SEURS, foi realizado o encontro &#8220;Conversando com o Pr\u00f3-Reitor&#8221;, com os pr\u00f3-reitores de extens\u00e3o Flavi Ferreira Lisboa Filho, da Universidade Federal de Santa Maria (UFSM); Sandra de Deus, da Universidade Federal do Rio Grande do Sul (UFRGS); Francisca Michelon, da Universidade Federal de Pelotas (UFPEL); e Maria Virg\u00ednia Filomena Cremasco, da Universidade Federal do Paran\u00e1 (UFPR).<\/p><p>\u00a0<\/p><p>No encontro, cada pr\u00f3-reitor falou sobre a curriculariza\u00e7\u00e3o da extens\u00e3o nos cursos de gradua\u00e7\u00e3o das institui\u00e7\u00f5es de ensino. De acordo com Flavi, a extens\u00e3o foi discutida em todos os campi e unidades de ensino da UFSM durante o ano todo, para esclarecer e debater o que ela significa. No entanto, frisou que n\u00e3o \u00e9 a Pr\u00f3-Reitoria de Extens\u00e3o quem faz a extens\u00e3o de fato. &#8220;A PRE apenas d\u00e1 o norte de como fazer extens\u00e3o: fomenta, articula e organiza. Quem faz a extens\u00e3o s\u00e3o os extensionistas&#8221;.<\/p><p>\u00a0<\/p><p>Na UFSM, a normativa de inser\u00e7\u00e3o das a\u00e7\u00f5es de extens\u00e3o nos curr\u00edculos de gradua\u00e7\u00e3o foi aprovada neste ano<span style=\"font-size: 1.125rem\">\u00a0e deve ser efetivamente implementada at\u00e9 2024.<\/span><\/p><p><br \/><span style=\"font-size: 1.125rem\">Texto: Andr\u00e9a Ortis\/ Bolsista NDI PRE<\/span><\/p>\t\t\t\t\t\t<\/div>\n\t\t\t\t<\/div>\n\t\t\t\t\t<\/div>\n\t\t<\/div>\n\t\t\t\t\t<\/div>\n\t\t<\/section>\n\t\t\t\t<section class=\"elementor-section elementor-top-section elementor-element elementor-element-8fcebdf elementor-section-boxed elementor-section-height-default elementor-section-height-default\" data-id=\"8fcebdf\" data-element_type=\"section\">\n\t\t\t\t\t\t<div class=\"elementor-container elementor-column-gap-default\">\n\t\t\t\t\t<div class=\"elementor-column elementor-col-100 elementor-top-column elementor-element elementor-element-4c749c4\" data-id=\"4c749c4\" data-element_type=\"column\">\n\t\t\t<div class=\"elementor-widget-wrap elementor-element-populated\">\n\t\t\t\t\t\t<div class=\"elementor-element elementor-element-13523fa elementor-widget elementor-widget-image\" data-id=\"13523fa\" data-element_type=\"widget\" data-widget_type=\"image.default\">\n\t\t\t\t<div class=\"elementor-widget-container\">\n\t\t\t\t\t\t\t\t\t\t\t\t\t<img fetchpriority=\"high\" decoding=\"async\" width=\"1024\" height=\"768\" src=\"https:\/\/www.ufsm.br\/app\/uploads\/sites\/346\/2019\/07\/7484c83f-331d-4e0d-bfbc-2376fd6d131f-1024x768.jpg\" class=\"attachment-large size-large wp-image-2830\" alt=\"\" srcset=\"https:\/\/www.ufsm.br\/app\/uploads\/sites\/346\/2019\/07\/7484c83f-331d-4e0d-bfbc-2376fd6d131f-1024x768.jpg 1024w, https:\/\/www.ufsm.br\/app\/uploads\/sites\/346\/2019\/07\/7484c83f-331d-4e0d-bfbc-2376fd6d131f-300x225.jpg 300w, https:\/\/www.ufsm.br\/app\/uploads\/sites\/346\/2019\/07\/7484c83f-331d-4e0d-bfbc-2376fd6d131f-768x576.jpg 768w, https:\/\/www.ufsm.br\/app\/uploads\/sites\/346\/2019\/07\/7484c83f-331d-4e0d-bfbc-2376fd6d131f.jpg 1164w\" sizes=\"(max-width: 1024px) 100vw, 1024px\" \/>\t\t\t\t\t\t\t\t\t\t\t\t\t<\/div>\n\t\t\t\t<\/div>\n\t\t\t\t\t<\/div>\n\t\t<\/div>\n\t\t\t\t\t<\/div>\n\t\t<\/section>\n\t\t\t\t<\/div>\n\t\t","protected":false},"excerpt":{"rendered":"<p>Na tarde de quinta-feira (4), durante o 37\u00ba SEURS, foi realizado o encontro &#8220;Conversando com o Pr\u00f3-Reitor&#8221;, com os pr\u00f3-reitores de extens\u00e3o Flavi Ferreira Lisboa Filho, da Universidade Federal de Santa Maria (UFSM); Sandra de Deus, da Universidade Federal do Rio Grande do Sul (UFRGS); Francisca Michelon, da Universidade Federal de Pelotas (UFPEL); e Maria [&hellip;]<\/p>\n","protected":false},"author":546,"featured_media":0,"comment_status":"closed","ping_status":"closed","sticky":true,"template":"","format":"standard","meta":{"footnotes":""},"categories":[1],"tags":[],"class_list":["post-2829","post","type-post","status-publish","format-standard","hentry","category-sem-categoria"],"acf":[],"_links":{"self":[{"href":"https:\/\/www.ufsm.br\/pro-reitorias\/pre\/wp-json\/wp\/v2\/posts\/2829","targetHints":{"allow":["GET"]}}],"collection":[{"href":"https:\/\/www.ufsm.br\/pro-reitorias\/pre\/wp-json\/wp\/v2\/posts"}],"about":[{"href":"https:\/\/www.ufsm.br\/pro-reitorias\/pre\/wp-json\/wp\/v2\/types\/post"}],"author":[{"embeddable":true,"href":"https:\/\/www.ufsm.br\/pro-reitorias\/pre\/wp-json\/wp\/v2\/users\/546"}],"replies":[{"embeddable":true,"href":"https:\/\/www.ufsm.br\/pro-reitorias\/pre\/wp-json\/wp\/v2\/comments?post=2829"}],"version-history":[{"count":0,"href":"https:\/\/www.ufsm.br\/pro-reitorias\/pre\/wp-json\/wp\/v2\/posts\/2829\/revisions"}],"wp:attachment":[{"href":"https:\/\/www.ufsm.br\/pro-reitorias\/pre\/wp-json\/wp\/v2\/media?parent=2829"}],"wp:term":[{"taxonomy":"category","embeddable":true,"href":"https:\/\/www.ufsm.br\/pro-reitorias\/pre\/wp-json\/wp\/v2\/categories?post=2829"},{"taxonomy":"post_tag","embeddable":true,"href":"https:\/\/www.ufsm.br\/pro-reitorias\/pre\/wp-json\/wp\/v2\/tags?post=2829"}],"curies":[{"name":"wp","href":"https:\/\/api.w.org\/{rel}","templated":true}]}}