{"id":2948,"date":"2019-08-09T11:00:29","date_gmt":"2019-08-09T14:00:29","guid":{"rendered":"https:\/\/www.ufsm.br\/pro-reitorias\/pre\/?p=2948"},"modified":"2019-08-12T14:34:47","modified_gmt":"2019-08-12T17:34:47","slug":"domingo-e-dia-de-viva-o-campus-calourada","status":"publish","type":"post","link":"https:\/\/www.ufsm.br\/pro-reitorias\/pre\/2019\/08\/09\/domingo-e-dia-de-viva-o-campus-calourada","title":{"rendered":"Domingo \u00e9 dia de Viva o Campus Calourada!"},"content":{"rendered":"\n<p><img decoding=\"async\" class=\"aligncenter size-full wp-image-2951\" src=\"https:\/\/www.ufsm.br\/pro-reitorias\/pre\/wp-content\/uploads\/sites\/346\/2019\/08\/Card-2-1.png\" alt=\"\" \/><\/p>\n<p>De volta ou chegando agora, vem curtir o <strong>Viva o Campus Calourada<\/strong>! <br \/><br \/>Olha s\u00f3 o que te espera!\u00a0<br \/><br \/><strong>Programa\u00e7\u00e3o:<\/strong><br \/><br \/><strong>Planet\u00e1rio<\/strong><br \/>15h &#8211; Sess\u00e3o do Filme \u201cDa Terra ao Universo&#8221;<br \/><br \/><strong>Palco do Espa\u00e7o Multiuso<\/strong><br \/>15h \u2013 Apresenta\u00e7\u00e3o Banda Inseto Social<br \/>16h30min \u2013 Apresenta\u00e7\u00e3o Banda Martelo<br \/><br \/><strong>Espa\u00e7o Multiuso<\/strong><br \/>15h \u2013 Oficina de Teatro &#8211; SATIE\/PRAE<br \/>15h30min \u2013 Oficina Instala\u00e7\u00e3o Interativa [Ir]regulares <br \/>16h &#8211; Oficina de yoga &#8211; SATIE\/PRAE<br \/>16h30min &#8211; Oficina de Roteiro e Linguagem Audiovisual para Tecnologias M\u00f3veis<br \/><br \/><strong>Presen\u00e7a:<\/strong><br \/>&#8211; Polifeira do Agricultor<br \/>&#8211; Food Trucks<\/p>\n","protected":false},"excerpt":{"rendered":"<p>De volta ou chegando agora, vem curtir o Viva o Campus Calourada! Olha s\u00f3 o que te espera!\u00a0 Programa\u00e7\u00e3o: Planet\u00e1rio15h &#8211; Sess\u00e3o do Filme \u201cDa Terra ao Universo&#8221; Palco do Espa\u00e7o Multiuso15h \u2013 Apresenta\u00e7\u00e3o Banda Inseto Social16h30min \u2013 Apresenta\u00e7\u00e3o Banda Martelo Espa\u00e7o Multiuso15h \u2013 Oficina de Teatro &#8211; SATIE\/PRAE15h30min \u2013 Oficina Instala\u00e7\u00e3o Interativa [Ir]regulares 16h [&hellip;]<\/p>\n","protected":false},"author":203,"featured_media":0,"comment_status":"closed","ping_status":"closed","sticky":false,"template":"","format":"standard","meta":{"footnotes":""},"categories":[1],"tags":[],"class_list":["post-2948","post","type-post","status-publish","format-standard","hentry","category-sem-categoria"],"acf":[],"_links":{"self":[{"href":"https:\/\/www.ufsm.br\/pro-reitorias\/pre\/wp-json\/wp\/v2\/posts\/2948","targetHints":{"allow":["GET"]}}],"collection":[{"href":"https:\/\/www.ufsm.br\/pro-reitorias\/pre\/wp-json\/wp\/v2\/posts"}],"about":[{"href":"https:\/\/www.ufsm.br\/pro-reitorias\/pre\/wp-json\/wp\/v2\/types\/post"}],"author":[{"embeddable":true,"href":"https:\/\/www.ufsm.br\/pro-reitorias\/pre\/wp-json\/wp\/v2\/users\/203"}],"replies":[{"embeddable":true,"href":"https:\/\/www.ufsm.br\/pro-reitorias\/pre\/wp-json\/wp\/v2\/comments?post=2948"}],"version-history":[{"count":0,"href":"https:\/\/www.ufsm.br\/pro-reitorias\/pre\/wp-json\/wp\/v2\/posts\/2948\/revisions"}],"wp:attachment":[{"href":"https:\/\/www.ufsm.br\/pro-reitorias\/pre\/wp-json\/wp\/v2\/media?parent=2948"}],"wp:term":[{"taxonomy":"category","embeddable":true,"href":"https:\/\/www.ufsm.br\/pro-reitorias\/pre\/wp-json\/wp\/v2\/categories?post=2948"},{"taxonomy":"post_tag","embeddable":true,"href":"https:\/\/www.ufsm.br\/pro-reitorias\/pre\/wp-json\/wp\/v2\/tags?post=2948"}],"curies":[{"name":"wp","href":"https:\/\/api.w.org\/{rel}","templated":true}]}}