{"id":305,"date":"2016-06-08T11:35:31","date_gmt":"2016-06-08T14:35:31","guid":{"rendered":"https:\/\/www.ufsm.br\/pro-reitorias\/pre\/2016\/06\/08\/esta-no-ar-a-extenda-3\/"},"modified":"2016-06-08T11:35:31","modified_gmt":"2016-06-08T14:35:31","slug":"esta-no-ar-a-extenda-3","status":"publish","type":"post","link":"https:\/\/www.ufsm.br\/pro-reitorias\/pre\/2016\/06\/08\/esta-no-ar-a-extenda-3","title":{"rendered":"Est\u00e1 no ar a Revista Extenda 3!"},"content":{"rendered":"<p><span style=\"color: #1d2129; font-size: 10pt; line-height: 19.32px;\">Est\u00e1 no ar a Extenda n. 3. A Revista de Extens\u00e3o da UFSM traz reportagens sobre mais uma s\u00e9rie de projetos e programas que promovem resultados sociais a partir da intera\u00e7\u00e3o entre os diferentes atores da extens\u00e3o na regi\u00e3o de abrang\u00eancia da Universidade.&nbsp;<\/span><br style=\"color: #1d2129; font-family: helvetica, arial, sans-serif; font-size: 14px; line-height: 19.32px;\" \/><span style=\"color: #1d2129; font-size: 10pt; line-height: 19.32px;\">A revista \u00e9 um dos produtos do Programa Visibilidade da Extens\u00e3o, da PRE\/UFSM. A Extenda n. 4 circula em outubro.&nbsp;<\/span><br style=\"color: #1d2129; font-family: helvetica, arial, sans-serif; font-size: 14px; line-height: 19.32px;\" \/><span style=\"color: #1d2129; font-size: 10pt; line-height: 19.32px;\">Acesse a revista <a href=\"https:\/\/issuu.com\/visibilidadeufsm\/docs\/extenda_n_3_print\">aqui<\/a>. \u00d3tima leitura!&nbsp;<\/span><\/p>\n<p><span style=\"color: #1d2129; font-size: 10pt; line-height: 19.32px;\"><\/span><br style=\"color: #1d2129; font-family: helvetica, arial, sans-serif; font-size: 14px; line-height: 19.32px;\" \/><img fetchpriority=\"high\" decoding=\"async\" class=\" size-full wp-image-304\" style=\"display: block; margin-left: auto; margin-right: auto;\" src=\"https:\/\/www.ufsm.br\/pro-reitorias\/pre\/wp-content\/uploads\/sites\/346\/2016\/06\/extenda-3.png\" alt=\"\" width=\"487\" height=\"691\" srcset=\"https:\/\/www.ufsm.br\/app\/uploads\/sites\/346\/2016\/06\/extenda-3.png 487w, https:\/\/www.ufsm.br\/app\/uploads\/sites\/346\/2016\/06\/extenda-3-211x300.png 211w\" sizes=\"(max-width: 487px) 100vw, 487px\" \/><\/p>\n","protected":false},"excerpt":{"rendered":"<p>Est\u00e1 no ar a Extenda n. 3. A Revista de Extens\u00e3o da UFSM traz reportagens sobre mais uma s\u00e9rie de projetos e programas que promovem resultados sociais a partir da intera\u00e7\u00e3o entre os diferentes atores da extens\u00e3o na regi\u00e3o de abrang\u00eancia da Universidade.&nbsp;A revista \u00e9 um dos produtos do Programa Visibilidade da Extens\u00e3o, da PRE\/UFSM. [&hellip;]<\/p>\n","protected":false},"author":8,"featured_media":304,"comment_status":"closed","ping_status":"closed","sticky":false,"template":"","format":"standard","meta":{"footnotes":""},"categories":[1],"tags":[],"class_list":["post-305","post","type-post","status-publish","format-standard","has-post-thumbnail","hentry","category-sem-categoria"],"acf":[],"_links":{"self":[{"href":"https:\/\/www.ufsm.br\/pro-reitorias\/pre\/wp-json\/wp\/v2\/posts\/305","targetHints":{"allow":["GET"]}}],"collection":[{"href":"https:\/\/www.ufsm.br\/pro-reitorias\/pre\/wp-json\/wp\/v2\/posts"}],"about":[{"href":"https:\/\/www.ufsm.br\/pro-reitorias\/pre\/wp-json\/wp\/v2\/types\/post"}],"author":[{"embeddable":true,"href":"https:\/\/www.ufsm.br\/pro-reitorias\/pre\/wp-json\/wp\/v2\/users\/8"}],"replies":[{"embeddable":true,"href":"https:\/\/www.ufsm.br\/pro-reitorias\/pre\/wp-json\/wp\/v2\/comments?post=305"}],"version-history":[{"count":0,"href":"https:\/\/www.ufsm.br\/pro-reitorias\/pre\/wp-json\/wp\/v2\/posts\/305\/revisions"}],"wp:featuredmedia":[{"embeddable":true,"href":"https:\/\/www.ufsm.br\/pro-reitorias\/pre\/wp-json\/wp\/v2\/media\/304"}],"wp:attachment":[{"href":"https:\/\/www.ufsm.br\/pro-reitorias\/pre\/wp-json\/wp\/v2\/media?parent=305"}],"wp:term":[{"taxonomy":"category","embeddable":true,"href":"https:\/\/www.ufsm.br\/pro-reitorias\/pre\/wp-json\/wp\/v2\/categories?post=305"},{"taxonomy":"post_tag","embeddable":true,"href":"https:\/\/www.ufsm.br\/pro-reitorias\/pre\/wp-json\/wp\/v2\/tags?post=305"}],"curies":[{"name":"wp","href":"https:\/\/api.w.org\/{rel}","templated":true}]}}