{"id":3120,"date":"2019-10-16T15:45:00","date_gmt":"2019-10-16T18:45:00","guid":{"rendered":"https:\/\/www.ufsm.br\/pro-reitorias\/pre\/?p=3120"},"modified":"2019-10-16T16:11:17","modified_gmt":"2019-10-16T19:11:17","slug":"centro-de-convencoes-sera-palco-do-musicanti-saltimbancos","status":"publish","type":"post","link":"https:\/\/www.ufsm.br\/pro-reitorias\/pre\/2019\/10\/16\/centro-de-convencoes-sera-palco-do-musicanti-saltimbancos","title":{"rendered":"Centro de Conven\u00e7\u00f5es ser\u00e1 palco do Musicanti Saltimbancos"},"content":{"rendered":"\n<p>Nos dias 27 e 28 de outubro, \u00e0s 17h, o Centro de Conven\u00e7\u00f5es da Universidade Federal de Santa Maria &#8211; UFSM ser\u00e1 palco do Musicanti Saltimbancos, um espet\u00e1culo do Laborat\u00f3rio de Pesquisa e Produ\u00e7\u00e3o C\u00eanico Musical do Departamento de Artes C\u00eanicas da institui\u00e7\u00e3o. A encena\u00e7\u00e3o une as linguagens do circo, do teatro, da dan\u00e7a e da m\u00fasica em uma proposta divertida e irreverente.<\/p>\n<p>A presente vers\u00e3o reconta, de maneira cr\u00edtica e bem humorada, a hist\u00f3ria de quatro animais que fugiram de seus donos para constru\u00edrem suas vidas como artistas na cidade. Na fuga, encontram seus respectivos \u201cbar\u00f5es\u201d, justamente, na casa em que queriam descansar. \u201cTodos Juntos\u201d, na uni\u00e3o das suas qualidades, conseguir\u00e3o expulsar os bar\u00f5es que os dominavam para conquistarem seu pr\u00f3prio lugar no mundo e, finalmente, poderem se tornar artistas de uma companhia de teatro.<\/p>\n<p><img fetchpriority=\"high\" decoding=\"async\" class=\"alignnone size-large wp-image-3121\" src=\"https:\/\/www.ufsm.br\/pro-reitorias\/pre\/wp-content\/uploads\/sites\/346\/2019\/10\/saltimbancos-1024x682.jpg\" alt=\"\" width=\"1024\" height=\"682\" srcset=\"https:\/\/www.ufsm.br\/app\/uploads\/sites\/346\/2019\/10\/saltimbancos-1024x682.jpg 1024w, https:\/\/www.ufsm.br\/app\/uploads\/sites\/346\/2019\/10\/saltimbancos-300x200.jpg 300w, https:\/\/www.ufsm.br\/app\/uploads\/sites\/346\/2019\/10\/saltimbancos-768x512.jpg 768w, https:\/\/www.ufsm.br\/app\/uploads\/sites\/346\/2019\/10\/saltimbancos-272x182.jpg 272w, https:\/\/www.ufsm.br\/app\/uploads\/sites\/346\/2019\/10\/saltimbancos.jpg 1280w\" sizes=\"(max-width: 1024px) 100vw, 1024px\" \/><\/p>\n<p>O espet\u00e1culo, que foi constru\u00eddo atrav\u00e9s de um processo colaborativo com foco na forma\u00e7\u00e3o de atores para musical, envolveu uma equipe de m\u00fasicos, professores e alunos provenientes de cinco cursos da UFSM: Teatro, Artes C\u00eanicas, M\u00fasica, Educa\u00e7\u00e3o e Engenharia Ac\u00fastica. A proposta resultou em um trabalho que, realizado com beleza e humor, \u00e9 direcionado a crian\u00e7as e seus familiares de todos as idades.<br \/>A adapta\u00e7\u00e3o, livremente recriada e dirigida por Z\u00e9 Renato Noronha, professor do Curso de Licenciatura em Teatro da UFSM, partiu dos cl\u00e1ssicos da literatura e do teatro musical: Os M\u00fasicos de Bremen, dos Irm\u00e3os Grimm; e I Musicanti, de S\u00e9rgio Bardotti e Luiz Bacalov, que teve a vers\u00e3o brasileira Os Saltimbancos, criada em 1972, assinada por Chico Buarque. S\u00e9rgio Bardotti foi produtor de Chico Buarque quando este se exilou na It\u00e1lia no per\u00edodo da ditadura militar.<\/p>\n<p>A entrada para o espet\u00e1culo \u00e9 franca. No entanto, o p\u00fablico pode contribuir doando tanto produtos de higiene quanto de limpeza ou alimentos n\u00e3o perec\u00edveis, que ser\u00e3o encaminhados a estudantes e \u00e0 Coordenadoria de A\u00e7\u00f5es Educacionais &#8211; CAED, para serem direcionados aos imigrantes e refugiados.<\/p>\n<p>O evento, que \u00e9 promovido pelo Laborat\u00f3rio de Pesquisa e Produ\u00e7\u00e3o C\u00eanico Musical (LAPEPROCEMUS) em parceria com o Departamento de Artes C\u00eanicas e com o Curso de Licenciatura em Teatro, tem apoio da Pr\u00f3-Reitoria de Extens\u00e3o da UFSM (PRE) e do Grupo FAPEM\/ LEM &#8211; Laborat\u00f3rio de Educa\u00e7\u00e3o M\u00fasica.<\/p>\n<p><br \/><strong>FICHA T\u00c9CNICA<\/strong><br \/>Musicanti Saltimbancos<br \/>Livre adapta\u00e7\u00e3o de Z\u00e9 Renato Mangaio a partir da vers\u00e3o de Chico Buarque <br \/>sobre a obra I musicanti, de S\u00e9rgio Bardotti e Luiz Enriquez Bacalov.<br \/>Dire\u00e7\u00e3o: Z\u00e9 Renato Noronha<br \/>Assist\u00eancia de Dire\u00e7\u00e3o: Candice Lorenzoni e D\u00e9bora Matiuzzi<br \/>Coreografias: D\u00e9bora Matiuzzi e Dayfer<br \/>Prepara\u00e7\u00e3o vocal e Colabora\u00e7\u00e3o Musical: Zyr Nascimento, Cl\u00e1udia Ribeiro Bellochio<br \/>M\u00fasicos Convidados: Jezeer(Zyr) Morais Nascimento, \u00c1lvaro Mendes de Melo, Thiago Silveira Quintana, Miquellen, Adilson e Guillerme Guadagnin<br \/>T\u00e9cnico de Som: William Sena Santana<\/p>\n<p><strong>Elenco:<\/strong> <br \/>Jumento &#8211; L\u00e9o Gon\u00e7alves<br \/>C\u00e3o 1 &#8211; Hammer Iron Renata Gassen<br \/>C\u00e3o 2 &#8211; Frederico Amaral<br \/>C\u00e3o 3 &#8211; Polyana Cardoso<br \/>C\u00e3o 4 &#8211; Andressa Nunes Lemes<br \/>Galinha 1 &#8211; Rose Mary Almeida<br \/>Galinha 2 &#8211; Andressa Cordioli<br \/>Galinha 3 &#8211; Larissa Cronemberger<br \/>Galinha 4 &#8211; Let\u00edcia Cronemberger<br \/>Galo &#8211; Jean Toledo<br \/>Gata 1 -Glad Carvalho<br \/>Gata 2 &#8211; Catarina Mayer<br \/>Gata 3 &#8211; Dayfer<br \/>Gata 4 &#8211; Daniela Cunha<\/p>\n<p>\u00a0<\/p>\n<p>Texto: Andr\u00e9a Ortis &#8211; Bolsista NDI PRE<\/p>\n<p>Revis\u00e3o Textual: Erica Medeiros &#8211; Bolsista NDI PRE<\/p>\n","protected":false},"excerpt":{"rendered":"<p>Nos dias 27 e 28 de outubro, \u00e0s 17h, o Centro de Conven\u00e7\u00f5es da Universidade Federal de Santa Maria &#8211; UFSM ser\u00e1 palco do Musicanti Saltimbancos, um espet\u00e1culo do Laborat\u00f3rio de Pesquisa e Produ\u00e7\u00e3o C\u00eanico Musical do Departamento de Artes C\u00eanicas da institui\u00e7\u00e3o. A encena\u00e7\u00e3o une as linguagens do circo, do teatro, da dan\u00e7a e [&hellip;]<\/p>\n","protected":false},"author":500,"featured_media":0,"comment_status":"closed","ping_status":"closed","sticky":false,"template":"","format":"standard","meta":{"footnotes":""},"categories":[1],"tags":[],"class_list":["post-3120","post","type-post","status-publish","format-standard","hentry","category-sem-categoria"],"acf":[],"_links":{"self":[{"href":"https:\/\/www.ufsm.br\/pro-reitorias\/pre\/wp-json\/wp\/v2\/posts\/3120","targetHints":{"allow":["GET"]}}],"collection":[{"href":"https:\/\/www.ufsm.br\/pro-reitorias\/pre\/wp-json\/wp\/v2\/posts"}],"about":[{"href":"https:\/\/www.ufsm.br\/pro-reitorias\/pre\/wp-json\/wp\/v2\/types\/post"}],"author":[{"embeddable":true,"href":"https:\/\/www.ufsm.br\/pro-reitorias\/pre\/wp-json\/wp\/v2\/users\/500"}],"replies":[{"embeddable":true,"href":"https:\/\/www.ufsm.br\/pro-reitorias\/pre\/wp-json\/wp\/v2\/comments?post=3120"}],"version-history":[{"count":0,"href":"https:\/\/www.ufsm.br\/pro-reitorias\/pre\/wp-json\/wp\/v2\/posts\/3120\/revisions"}],"wp:attachment":[{"href":"https:\/\/www.ufsm.br\/pro-reitorias\/pre\/wp-json\/wp\/v2\/media?parent=3120"}],"wp:term":[{"taxonomy":"category","embeddable":true,"href":"https:\/\/www.ufsm.br\/pro-reitorias\/pre\/wp-json\/wp\/v2\/categories?post=3120"},{"taxonomy":"post_tag","embeddable":true,"href":"https:\/\/www.ufsm.br\/pro-reitorias\/pre\/wp-json\/wp\/v2\/tags?post=3120"}],"curies":[{"name":"wp","href":"https:\/\/api.w.org\/{rel}","templated":true}]}}