{"id":4063,"date":"2020-07-23T19:57:49","date_gmt":"2020-07-23T22:57:49","guid":{"rendered":"https:\/\/www.ufsm.br\/pro-reitorias\/pre\/?p=4063"},"modified":"2021-02-23T15:01:48","modified_gmt":"2021-02-23T18:01:48","slug":"ufsm-divulga-resultado-sobre-o-desenvolvimento-de-acoes-de-extensao-durante-a-pandemia-de-covid-19","status":"publish","type":"post","link":"https:\/\/www.ufsm.br\/pro-reitorias\/pre\/2020\/07\/23\/ufsm-divulga-resultado-sobre-o-desenvolvimento-de-acoes-de-extensao-durante-a-pandemia-de-covid-19","title":{"rendered":"UFSM divulga resultado sobre o desenvolvimento de A\u00e7\u00f5es de Extens\u00e3o durante a pandemia de Covid-19"},"content":{"rendered":"\t\t<div data-elementor-type=\"wp-post\" data-elementor-id=\"4063\" class=\"elementor elementor-4063\">\n\t\t\t\t\t\t<section class=\"elementor-section elementor-top-section elementor-element elementor-element-f4d0201 elementor-section-boxed elementor-section-height-default elementor-section-height-default\" data-id=\"f4d0201\" data-element_type=\"section\">\n\t\t\t\t\t\t<div class=\"elementor-container elementor-column-gap-default\">\n\t\t\t\t\t<div class=\"elementor-column elementor-col-100 elementor-top-column elementor-element elementor-element-bbd40cc\" data-id=\"bbd40cc\" data-element_type=\"column\">\n\t\t\t<div class=\"elementor-widget-wrap elementor-element-populated\">\n\t\t\t\t\t\t<div class=\"elementor-element elementor-element-9819515 elementor-widget elementor-widget-text-editor\" data-id=\"9819515\" data-element_type=\"widget\" data-widget_type=\"text-editor.default\">\n\t\t\t\t<div class=\"elementor-widget-container\">\n\t\t\t\t\t\t\t<p align=\"justify\"><span style=\"font-family: Times New Roman, serif\"><span style=\"font-size: medium\">A Pr\u00f3-Reitoria de Extens\u00e3o (PRE) da UFSM divulgou, nesta quarta (22), o relat\u00f3rio do question\u00e1rio, realizado com os docentes e t\u00e9cnicos-administrativos da Institui\u00e7\u00e3o, sobre o desenvolvimento e as adapta\u00e7\u00f5es das A\u00e7\u00f5es de Extens\u00e3o da UFSM durante o per\u00edodo de distanciamento social imposto pela pandemia de Covid-19. Ao todo, 559 dos 1097 coordenadores de A\u00e7\u00f5es de Extens\u00e3o responderam o question\u00e1rio, aplicado entre os meses de maio e junho de 2020. <\/span><\/span><\/p>\n<p align=\"justify\"><span style=\"font-family: Times New Roman, serif\"><span style=\"font-size: medium\">Do total de participantes, 53% afirmaram que as A\u00e7\u00f5es n\u00e3o est\u00e3o sendo desenvolvidas neste per\u00edodo; 41% est\u00e3o realizando atividades extensionistas com adapta\u00e7\u00f5es; e 6% est\u00e3o desenvolvendo as atividades sem a necessidade de altera\u00e7\u00f5es no plano de execu\u00e7\u00e3o. A maior parte das A\u00e7\u00f5es, cerca de 56% delas, podem retornar \u00e0s atividades mesmo neste per\u00edodo de distanciamento social, desde que sejam realizadas adapta\u00e7\u00f5es. Para 36%, a realiza\u00e7\u00e3o das atividades extensionistas n\u00e3o \u00e9 poss\u00edvel enquanto durar a pandemia.<\/span><\/span><\/p>\n<p align=\"justify\"><span style=\"font-family: Times New Roman, serif\"><span style=\"font-size: medium\">Com rela\u00e7\u00e3o \u00e0s A\u00e7\u00f5es contempladas com recursos do Fundo de Incentivo \u00e0 Extens\u00e3o (FIEX), 53% n\u00e3o est\u00e3o sendo executadas, e 27% n\u00e3o t\u00eam perspectiva de retorno enquanto o cen\u00e1rio de distanciamento social estiver vigente. 69% das A\u00e7\u00f5es podem voltar \u00e0s atividades, contanto que sejam realizadas adequa\u00e7\u00f5es no plano de execu\u00e7\u00e3o. Para 2% dos coordenadores, as A\u00e7\u00f5es podem ou est\u00e3o sendo desenvolvidas sem necessidade de altera\u00e7\u00f5es no plano de trabalho inicial.<\/span><\/span><\/p>\n<p align=\"justify\"><span style=\"font-family: Times New Roman, serif\"><span style=\"font-size: medium\">O relat\u00f3rio completo pode ser acessado <\/span><\/span><a href=\"https:\/\/www.ufsm.br\/pro-reitorias\/pre\/extensao-coronavirus\/\"><span style=\"color: #1155cc\"><span style=\"font-family: Times New Roman, serif\"><span style=\"font-size: medium\"><u>neste link<\/u><\/span><\/span><\/span><\/a><span style=\"font-family: Times New Roman, serif\"><span style=\"font-size: medium\">.<a href=\"https:\/\/www.ufsm.br\/pro-reitorias\/pre\/wp-content\/uploads\/sites\/346\/2020\/07\/Slide1.jpg\"><img fetchpriority=\"high\" decoding=\"async\" class=\"alignright wp-image-4052 size-medium\" src=\"https:\/\/www.ufsm.br\/pro-reitorias\/pre\/wp-content\/uploads\/sites\/346\/2020\/07\/Slide1-300x169.jpg\" alt=\"\" width=\"300\" height=\"169\" srcset=\"https:\/\/www.ufsm.br\/app\/uploads\/sites\/346\/2020\/07\/Slide1-300x169.jpg 300w, https:\/\/www.ufsm.br\/app\/uploads\/sites\/346\/2020\/07\/Slide1-1024x576.jpg 1024w, https:\/\/www.ufsm.br\/app\/uploads\/sites\/346\/2020\/07\/Slide1-768x432.jpg 768w, https:\/\/www.ufsm.br\/app\/uploads\/sites\/346\/2020\/07\/Slide1.jpg 1280w\" sizes=\"(max-width: 300px) 100vw, 300px\" \/><\/a><\/span><\/span><\/p>\n<p align=\"justify\"><span style=\"font-family: Times New Roman, serif\"><span style=\"font-size: medium\">No \u00faltimo dia 10, a PRE, atrav\u00e9s da C\u00e2mara de Extens\u00e3o da UFSM, realizou altera\u00e7\u00f5es nos cronogramas dos editais de fomento \u00e0 Extens\u00e3o. Desse modo, os projetos contemplados pelo edital FIEX 2020 <\/span><\/span><span style=\"color: #4d5156\"><span style=\"font-size: small\">\u2014<\/span><\/span><span style=\"font-family: Times New Roman, serif\"><span style=\"font-size: medium\"> principal edital de fomento \u00e0s atividades extensionistas da Institui\u00e7\u00e3o <\/span><\/span><span style=\"color: #4d5156\"><span style=\"font-size: small\">\u2014<\/span><\/span><span style=\"font-family: Times New Roman, serif\"><span style=\"font-size: medium\"> tiveram a possibilidade de utilizar os recursos do fundo para executarem suas A\u00e7\u00f5es, desde que apresentado um plano de readequa\u00e7\u00e3o das atividades, incluindo um plano de biosseguran\u00e7a, um novo cronograma de atividades e a utiliza\u00e7\u00e3o do recurso obtido no edital.<\/span><\/span><\/p>\n<p align=\"justify\"><span style=\"font-family: Times New Roman, serif\"><span style=\"font-size: medium\">Outro edital de aux\u00edlio da UFSM, para a\u00e7\u00f5es de enfrentamento \u00e0 Covid-19, vem sendo desenvolvido desde maio de 2020 e j\u00e1 destinou mais de R$ 82 mil para 29 A\u00e7\u00f5es nos quatro <\/span><\/span><span style=\"font-family: Times New Roman, serif\"><span style=\"font-size: medium\"><i>campi<\/i><\/span><\/span><span style=\"font-family: Times New Roman, serif\"><span style=\"font-size: medium\"> da Institui\u00e7\u00e3o, disponibilizando, aproximadamente, 46 bolsas estudantis.<\/span><\/span><\/p>\n<p><span style=\"font-family: Times New Roman, serif\"><span style=\"font-size: medium\"><i>Reda\u00e7\u00e3o: Wellington Felipe Hack\/ Pr\u00f3-Reitoria de Extens\u00e3o UFSM<\/i><\/span><\/span><\/p>\n<p><a name=\"_GoBack\"><\/a><span style=\"font-family: Times New Roman, serif\"><span style=\"font-size: medium\"><i>Revis\u00e3o: Erica Medeiros \/ Pr\u00f3-Reitoria de Extens\u00e3o UFSM<\/i><\/span><\/span><\/p>\t\t\t\t\t\t<\/div>\n\t\t\t\t<\/div>\n\t\t\t\t\t<\/div>\n\t\t<\/div>\n\t\t\t\t\t<\/div>\n\t\t<\/section>\n\t\t\t\t<\/div>\n\t\t","protected":false},"excerpt":{"rendered":"<p>A Pr\u00f3-Reitoria de Extens\u00e3o (PRE) da UFSM divulgou, nesta quarta (22), o relat\u00f3rio do question\u00e1rio, realizado com os docentes e t\u00e9cnicos-administrativos da Institui\u00e7\u00e3o, sobre o desenvolvimento e as adapta\u00e7\u00f5es das A\u00e7\u00f5es de Extens\u00e3o da UFSM durante o per\u00edodo de distanciamento social imposto pela pandemia de Covid-19. Ao todo, 559 dos 1097 coordenadores de A\u00e7\u00f5es de [&hellip;]<\/p>\n","protected":false},"author":1452,"featured_media":4052,"comment_status":"closed","ping_status":"closed","sticky":false,"template":"","format":"standard","meta":{"footnotes":""},"categories":[276,19,278],"tags":[279,105,405],"class_list":["post-4063","post","type-post","status-publish","format-standard","has-post-thumbnail","hentry","category-noticias","category-recursos","category-saude-be","tag-coronavirus","tag-fiex","tag-ods-03"],"acf":[],"_links":{"self":[{"href":"https:\/\/www.ufsm.br\/pro-reitorias\/pre\/wp-json\/wp\/v2\/posts\/4063","targetHints":{"allow":["GET"]}}],"collection":[{"href":"https:\/\/www.ufsm.br\/pro-reitorias\/pre\/wp-json\/wp\/v2\/posts"}],"about":[{"href":"https:\/\/www.ufsm.br\/pro-reitorias\/pre\/wp-json\/wp\/v2\/types\/post"}],"author":[{"embeddable":true,"href":"https:\/\/www.ufsm.br\/pro-reitorias\/pre\/wp-json\/wp\/v2\/users\/1452"}],"replies":[{"embeddable":true,"href":"https:\/\/www.ufsm.br\/pro-reitorias\/pre\/wp-json\/wp\/v2\/comments?post=4063"}],"version-history":[{"count":0,"href":"https:\/\/www.ufsm.br\/pro-reitorias\/pre\/wp-json\/wp\/v2\/posts\/4063\/revisions"}],"wp:featuredmedia":[{"embeddable":true,"href":"https:\/\/www.ufsm.br\/pro-reitorias\/pre\/wp-json\/wp\/v2\/media\/4052"}],"wp:attachment":[{"href":"https:\/\/www.ufsm.br\/pro-reitorias\/pre\/wp-json\/wp\/v2\/media?parent=4063"}],"wp:term":[{"taxonomy":"category","embeddable":true,"href":"https:\/\/www.ufsm.br\/pro-reitorias\/pre\/wp-json\/wp\/v2\/categories?post=4063"},{"taxonomy":"post_tag","embeddable":true,"href":"https:\/\/www.ufsm.br\/pro-reitorias\/pre\/wp-json\/wp\/v2\/tags?post=4063"}],"curies":[{"name":"wp","href":"https:\/\/api.w.org\/{rel}","templated":true}]}}