{"id":4764,"date":"2020-10-13T14:01:48","date_gmt":"2020-10-13T17:01:48","guid":{"rendered":"https:\/\/www.ufsm.br\/pro-reitorias\/pre\/?p=4764"},"modified":"2021-01-12T14:31:23","modified_gmt":"2021-01-12T17:31:23","slug":"divulgada-a-programacao-do-salao-da-extensao-2020","status":"publish","type":"post","link":"https:\/\/www.ufsm.br\/pro-reitorias\/pre\/2020\/10\/13\/divulgada-a-programacao-do-salao-da-extensao-2020","title":{"rendered":"Divulgada a programa\u00e7\u00e3o do Sal\u00e3o de Extens\u00e3o 2020"},"content":{"rendered":"\t\t<div data-elementor-type=\"wp-post\" data-elementor-id=\"4764\" class=\"elementor elementor-4764\">\n\t\t\t\t\t\t<section class=\"elementor-section elementor-top-section elementor-element elementor-element-16df42f elementor-section-boxed elementor-section-height-default elementor-section-height-default\" data-id=\"16df42f\" data-element_type=\"section\">\n\t\t\t\t\t\t<div class=\"elementor-container elementor-column-gap-default\">\n\t\t\t\t\t<div class=\"elementor-column elementor-col-100 elementor-top-column elementor-element elementor-element-d6a0809\" data-id=\"d6a0809\" data-element_type=\"column\">\n\t\t\t<div class=\"elementor-widget-wrap elementor-element-populated\">\n\t\t\t\t\t\t<div class=\"elementor-element elementor-element-e969225 elementor-widget elementor-widget-text-editor\" data-id=\"e969225\" data-element_type=\"widget\" data-widget_type=\"text-editor.default\">\n\t\t\t\t<div class=\"elementor-widget-container\">\n\t\t\t\t\t\t\t<p align=\"justify\"><span style=\"font-family: Times New Roman, serif\"><span style=\"font-size: medium\">A Pr\u00f3-Reitoria de Extens\u00e3o (PRE) da UFSM, atrav\u00e9s da Coordenadoria de Articula\u00e7\u00e3o e Fomento \u00e0 Extens\u00e3o, divulgou, nesta ter\u00e7a (13), a programa\u00e7\u00e3o do Sal\u00e3o de Extens\u00e3o 2020. O evento ser\u00e1 realizado em paralelo \u00e0 Jornada Acad\u00eamica Integrada (JAI), entre os dias 19 e 23 de outubro. Ao todo, o evento receber\u00e1 a apresenta\u00e7\u00e3o de mais de 500 trabalhos cient\u00edficos, frutos de A\u00e7\u00f5es de Extens\u00e3o na Institui\u00e7\u00e3o, al\u00e9m de oficinas, rodas de conversas e premia\u00e7\u00f5es.<\/span><\/span><\/p><p align=\"justify\"><span style=\"font-family: Times New Roman, serif\"><span style=\"font-size: medium\">As atividades, que, neste ano, ser\u00e3o realizadas totalmente no formato virtual, acontecem entre as 10h e \u00e0s 19h no Facebook e no canal do YouTube da Pr\u00f3-Reitoria de Extens\u00e3o. A programa\u00e7\u00e3o do Sal\u00e3o voc\u00ea encontra a seguir. Para acessar a programa\u00e7\u00e3o completa da JAI UFSM, basta acessar o <\/span><\/span><a href=\"https:\/\/portal.ufsm.br\/jai\/mainMenu.html\"><span style=\"color: #1155cc\"><span style=\"font-family: Times New Roman, serif\"><span style=\"font-size: medium\"><u>site do evento<\/u><\/span><\/span><\/span><\/a><span style=\"font-family: Times New Roman, serif\"><span style=\"font-size: medium\">.<\/span><\/span><\/p>\t\t\t\t\t\t<\/div>\n\t\t\t\t<\/div>\n\t\t\t\t<div class=\"elementor-element elementor-element-676d56c elementor-widget elementor-widget-image\" data-id=\"676d56c\" data-element_type=\"widget\" data-widget_type=\"image.default\">\n\t\t\t\t<div class=\"elementor-widget-container\">\n\t\t\t\t\t\t\t\t\t\t\t\t\t<img fetchpriority=\"high\" decoding=\"async\" width=\"1024\" height=\"275\" src=\"https:\/\/www.ufsm.br\/app\/uploads\/sites\/346\/2020\/10\/Banner_Site-1024x275.png\" class=\"attachment-large size-large wp-image-4884\" alt=\"\" srcset=\"https:\/\/www.ufsm.br\/app\/uploads\/sites\/346\/2020\/10\/Banner_Site-1024x275.png 1024w, https:\/\/www.ufsm.br\/app\/uploads\/sites\/346\/2020\/10\/Banner_Site-300x80.png 300w, https:\/\/www.ufsm.br\/app\/uploads\/sites\/346\/2020\/10\/Banner_Site-768x206.png 768w, https:\/\/www.ufsm.br\/app\/uploads\/sites\/346\/2020\/10\/Banner_Site-1536x412.png 1536w, https:\/\/www.ufsm.br\/app\/uploads\/sites\/346\/2020\/10\/Banner_Site-2048x549.png 2048w\" sizes=\"(max-width: 1024px) 100vw, 1024px\" \/>\t\t\t\t\t\t\t\t\t\t\t\t\t<\/div>\n\t\t\t\t<\/div>\n\t\t\t\t\t<\/div>\n\t\t<\/div>\n\t\t\t\t\t<\/div>\n\t\t<\/section>\n\t\t\t\t<section class=\"elementor-section elementor-top-section elementor-element elementor-element-0947066 elementor-section-boxed elementor-section-height-default elementor-section-height-default\" data-id=\"0947066\" data-element_type=\"section\">\n\t\t\t\t\t\t<div class=\"elementor-container elementor-column-gap-default\">\n\t\t\t\t\t<div class=\"elementor-column elementor-col-100 elementor-top-column elementor-element elementor-element-7eb4c53\" data-id=\"7eb4c53\" data-element_type=\"column\">\n\t\t\t<div class=\"elementor-widget-wrap elementor-element-populated\">\n\t\t\t\t\t\t<div class=\"elementor-element elementor-element-861a27e elementor-widget elementor-widget-heading\" data-id=\"861a27e\" data-element_type=\"widget\" data-widget_type=\"heading.default\">\n\t\t\t\t<div class=\"elementor-widget-container\">\n\t\t\t<h5 class=\"elementor-heading-title elementor-size-default\">Premia\u00e7\u00e3o Destaque Extensionista 2020 e mesa Extens\u00e3o em tempos de pandemia<\/h5>\t\t<\/div>\n\t\t\t\t<\/div>\n\t\t\t\t<div class=\"elementor-element elementor-element-f6063e1 elementor-widget elementor-widget-text-editor\" data-id=\"f6063e1\" data-element_type=\"widget\" data-widget_type=\"text-editor.default\">\n\t\t\t\t<div class=\"elementor-widget-container\">\n\t\t\t\t\t\t\t<p align=\"justify\"><span style=\"font-family: Times New Roman, serif\"><span style=\"font-size: medium\"><i>Convidadas:<\/i><\/span><\/span><span style=\"font-family: Times New Roman, serif\"><span style=\"font-size: medium\"> Adriana dos Santos Marmori Lima (UNEB e presidenta do Forproex Nacional) e Olgamir Amancia Ferreira (UNB e vice-presidenta do FORPROEX Nacional).<\/span><\/span><\/p><p align=\"justify\"><span style=\"font-family: Times New Roman, serif\"><span style=\"font-size: medium\"><i>Homenageados<\/i><\/span><\/span><span style=\"font-family: Times New Roman, serif\"><span style=\"font-size: medium\">: Su\u00e9len Ghedini Martinelli (destaque T\u00e9cnico-Administrativo em Educa\u00e7\u00e3o), Renato Aquino Z\u00e1chia (destaque Docente) e Valserina Maria Bulegon Gassen (destaque Comunidade Externa).<\/span><\/span><\/p><p align=\"justify\"><span style=\"font-family: Times New Roman, serif\"><span style=\"font-size: medium\"><i>Data:<\/i><\/span><\/span><span style=\"font-family: Times New Roman, serif\"><span style=\"font-size: medium\"> 20\/10 (ter\u00e7a-feira)<\/span><\/span><\/p><p align=\"justify\"><span style=\"font-family: Times New Roman, serif\"><span style=\"font-size: medium\"><i>Hor\u00e1rio:<\/i><\/span><\/span><span style=\"font-family: Times New Roman, serif\"><span style=\"font-size: medium\"> 17h<\/span><\/span><\/p><p align=\"justify\"><span style=\"font-family: Times New Roman, serif\"><span style=\"font-size: medium\"><i>Canal: <\/i><\/span><\/span><a href=\"https:\/\/www.facebook.com\/preufsm\/\"><span style=\"color: #1155cc\"><span style=\"font-family: Times New Roman, serif\"><span style=\"font-size: medium\"><u>Facebook PRE UFSM<\/u><\/span><\/span><\/span><\/a><\/p><p align=\"justify\"><span style=\"font-family: Times New Roman, serif\"><span style=\"font-size: medium\"><i>Inscri\u00e7\u00f5es (certificado): <\/i><\/span><\/span><a href=\"https:\/\/forms.gle\/SuXGow61zbdLv9Yz7\"><span style=\"color: #1155cc\"><span style=\"font-family: Times New Roman, serif\"><span style=\"font-size: medium\"><u>https:\/\/forms.gle\/SuXGow61zbdLv9Yz7<\/u><\/span><\/span><\/span><\/a><\/p>\t\t\t\t\t\t<\/div>\n\t\t\t\t<\/div>\n\t\t\t\t\t<\/div>\n\t\t<\/div>\n\t\t\t\t\t<\/div>\n\t\t<\/section>\n\t\t\t\t<section class=\"elementor-section elementor-top-section elementor-element elementor-element-25586aa elementor-section-boxed elementor-section-height-default elementor-section-height-default\" data-id=\"25586aa\" data-element_type=\"section\">\n\t\t\t\t\t\t<div class=\"elementor-container elementor-column-gap-default\">\n\t\t\t\t\t<div class=\"elementor-column elementor-col-100 elementor-top-column elementor-element elementor-element-2a641ff\" data-id=\"2a641ff\" data-element_type=\"column\">\n\t\t\t<div class=\"elementor-widget-wrap elementor-element-populated\">\n\t\t\t\t\t\t<div class=\"elementor-element elementor-element-df9c2ba elementor-widget elementor-widget-heading\" data-id=\"df9c2ba\" data-element_type=\"widget\" data-widget_type=\"heading.default\">\n\t\t\t\t<div class=\"elementor-widget-container\">\n\t\t\t<h5 class=\"elementor-heading-title elementor-size-default\">Oficinas<\/h5>\t\t<\/div>\n\t\t\t\t<\/div>\n\t\t\t\t<div class=\"elementor-element elementor-element-3813227 elementor-widget elementor-widget-text-editor\" data-id=\"3813227\" data-element_type=\"widget\" data-widget_type=\"text-editor.default\">\n\t\t\t\t<div class=\"elementor-widget-container\">\n\t\t\t\t\t\t\t<p dir=\"ltr\" style=\"line-height: 1.38;margin-top: 0pt;margin-bottom: 0pt\"><span style=\"font-size: 11pt;font-family: Arial;color: #222222;background-color: #ffffff;font-weight: bold;font-style: normal;font-variant: normal;text-decoration: none;vertical-align: baseline\">Oficina: Di\u00e1logos sobre a Agenda 2030 &#8211; Campus Cachoeira<\/span><\/p><p dir=\"ltr\" style=\"line-height: 1.38;margin-top: 0pt;margin-bottom: 0pt\"><span style=\"font-size: 11pt;font-family: Arial;color: #222222;background-color: #ffffff;font-weight: 400;font-style: normal;font-variant: normal;text-decoration: none;vertical-align: baseline\"><i>Organiza\u00e7\u00e3o:<\/i> Equipe CAFE-PRE<\/span><\/p><p dir=\"ltr\" style=\"line-height: 1.44;text-align: justify;background-color: #ffffff;margin-top: 0pt;margin-bottom: 0pt\"><span style=\"font-size: 11pt;font-family: Arial;color: #222222;background-color: #ffffff;font-weight: 400;font-style: normal;font-variant: normal;text-decoration: none;vertical-align: baseline\"><em>Resumo:<\/em> Com o objetivo de construir um di\u00e1logo com a comunidade da UFSM sobre a Agenda 2030, a\u00a0 Oficina apresenta conte\u00fado inicial sobre a Agenda 2030 e a nova plataforma de vota\u00e7\u00e3o para coleta de dados, que integra o F\u00f3rum Regional Permanente de Extens\u00e3o \u00e0 Agenda 2030.<\/span><\/p><p dir=\"ltr\" style=\"line-height: 1.38;margin-top: 0pt;margin-bottom: 0pt\"><span style=\"font-size: 11pt;font-family: Arial;color: #222222;background-color: #ffffff;font-style: normal;font-variant: normal;text-decoration: none;vertical-align: baseline\"><em>Data:<\/em> 19\/10 (segunda-feira)<\/span><\/p><p dir=\"ltr\" style=\"line-height: 1.38;margin-top: 0pt;margin-bottom: 0pt\"><span style=\"font-size: 11pt;font-family: Arial;color: #222222;background-color: #ffffff;font-style: normal;font-variant: normal;text-decoration: none;vertical-align: baseline\"><em>Hor\u00e1rio:<\/em> 14h<\/span><\/p><p style=\"margin-bottom: 0cm;line-height: 150%\" align=\"justify\"><em>Inscri\u00e7\u00f5es: <\/em><span style=\"background-image: initial;background-position: initial;background-size: initial;background-attachment: initial\"><a href=\"http:\/\/bit.ly\/oficinaagenda2030cs\">bit.ly\/oficinaagenda2030cs<\/a><br \/><\/span><\/p><p style=\"margin-bottom: 0cm;line-height: 150%\" align=\"justify\"><span style=\"background-image: initial;background-position: initial;background-size: initial;background-attachment: initial\"><strong>Transmiss\u00e3o via Google Meet:<\/strong> <a href=\"http:\/\/bit.ly\/meet_cs\">bit.ly\/meet_cs\u00a0<\/a><\/span><\/p><p align=\"justify\">\u00a0<\/p><p align=\"justify\"><span style=\"font-family: Times New Roman, serif\"><span style=\"font-size: medium\"><b>\u00a0<\/b><\/span><\/span><\/p><p align=\"justify\"><span style=\"font-family: Times New Roman, serif\"><span style=\"font-size: medium\"><b>Boas Pr\u00e1ticas em produtos a\u00e7ucarados &#8211; Oficina pr\u00e1tica &#8211; Conservas doces (NOVA DATA D\u00cdSPON\u00cdVEL)<\/b><\/span><\/span><\/p><p align=\"justify\"><span style=\"font-family: Times New Roman, serif\"><span style=\"font-size: medium\"><i>Organiza\u00e7\u00e3o:<\/i><\/span><\/span><span style=\"font-family: Times New Roman, serif\"><span style=\"font-size: medium\"> Profa. Neila Richards.<\/span><\/span><\/p><p align=\"justify\"><span style=\"font-family: Times New Roman, serif\"><span style=\"font-size: medium\"><i>Resumo: <\/i><\/span><\/span><span style=\"font-family: Times New Roman, serif\"><span style=\"font-size: medium\">a\u00e7\u00e3o de relato do passo a passo na implementa\u00e7\u00e3o das Boas Pr\u00e1ticas de Fabrica\u00e7\u00e3o de geleias, seguindo os par\u00e2metros tecnol\u00f3gicos apropriados e os padr\u00f5es legais vigentes, assegurando que os produtos elaborados cheguem aos consumidores com qualidade e livres de qualquer tipo de contamina\u00e7\u00e3o.<\/span><\/span><\/p><p align=\"justify\"><span style=\"font-family: Times New Roman, serif\"><span style=\"font-size: medium\"><i>Data:<\/i><\/span><\/span><span style=\"font-family: Times New Roman, serif\"><span style=\"font-size: medium\"> 23\/10 (sexta-feira)<\/span><\/span><\/p><p align=\"justify\"><span style=\"font-family: Times New Roman, serif\"><span style=\"font-size: medium\"><i>Hor\u00e1rio:<\/i><\/span><\/span><span style=\"font-family: Times New Roman, serif\"><span style=\"font-size: medium\"> 14h<\/span><\/span><\/p><p align=\"justify\"><em>Inscri\u00e7\u00f5es:<\/em> <span style=\"color: #0000ff\"><u><a href=\"http:\/\/bit.ly\/oficinageleias\"><span style=\"color: #000000\">bit.ly\/oficinageleias<\/span><\/a><\/u><\/span><\/p><p><strong><em>Transmiss\u00e3o via Google Meet:<\/em><\/strong>\u00a0\u00a0<a href=\"http:\/\/bit.ly\/oficinadegeleias\">bit.ly\/oficinadegeleias<\/a><\/p><p align=\"justify\">\u00a0<\/p><p align=\"justify\"><span style=\"font-family: Times New Roman, serif\"><span style=\"font-size: medium\"><b>\u00a0<\/b><\/span><\/span><\/p><p align=\"justify\"><span style=\"font-family: Times New Roman, serif\"><span style=\"font-size: medium\"><b>Pequenos neg\u00f3cios e os desafios p\u00f3s-pandemia: estrat\u00e9gias para os neg\u00f3cios dos Geoparques<\/b><\/span><\/span><\/p><p align=\"justify\"><span style=\"font-family: Times New Roman, serif\"><span style=\"font-size: medium\"><i>Organiza\u00e7\u00e3o:<\/i><\/span><\/span><span style=\"font-family: Times New Roman, serif\"><span style=\"font-size: medium\"> D\u00e9bora Bobsin.<\/span><\/span><\/p><p align=\"justify\"><em>Resumo:<\/em> Uma iniciativa dos professores da UFSM que atuam com as tem\u00e1ticas de empreendedorismo e gera\u00e7\u00e3o de renda nos territ\u00f3rios do Geoparque Aspirante Quarta Col\u00f4nia e Geoparque Aspirante Ca\u00e7apava do Sul.\u00a0 Essa a\u00e7\u00e3o via discutir os desafios enfrentados pelos pequenos neg\u00f3cios na pandemia e destacar perspectivas futuras. Nesse encontro, tamb\u00e9m, ser\u00e3o apresentadas as a\u00e7\u00f5es de capacita\u00e7\u00e3o e assessorias a serem desenvolvidas e disponibilizadas para as iniciativas empreendedoras e para os neg\u00f3cios de ambos os Geoparques.<\/p><p align=\"justify\"><span style=\"font-family: Times New Roman, serif\"><span style=\"font-size: medium\"><i>Data: <\/i><\/span><\/span><span style=\"font-family: Times New Roman, serif\"><span style=\"font-size: medium\">21\/10 (quarta-feira)<\/span><\/span><\/p><p align=\"justify\"><span style=\"font-family: Times New Roman, serif\"><span style=\"font-size: medium\"><i>Hor\u00e1rio:<\/i><\/span><\/span><span style=\"font-family: Times New Roman, serif\"><span style=\"font-size: medium\"> 19h<\/span><\/span><\/p><p><em>Inscri\u00e7\u00f5es:<\/em> <a href=\"http:\/\/bit.ly\/desafiosparapequenosnegocios\">bit.ly\/desafiosparapequenosnegocios<\/a><\/p><p><strong>Transmiss\u00e3o via Google Meet:\u00a0<\/strong><a href=\"http:\/\/bit.ly\/meet_pequenosnegocios\" target=\"_blank\" rel=\"noopener\"><u>bit.ly\/meet_pequenosnegocios<\/u><\/a><\/p><p align=\"justify\">\u00a0<\/p><p align=\"justify\"><span style=\"font-family: Times New Roman, serif\"><span style=\"font-size: medium\"><b>\u00a0<\/b><\/span><\/span><\/p><p align=\"justify\"><span style=\"font-family: Times New Roman, serif\"><span style=\"font-size: medium\"><b>Oficina de teatro para pessoas com e sem defici\u00eancia<\/b><\/span><\/span><\/p><p align=\"justify\"><span style=\"font-family: Times New Roman, serif\"><span style=\"font-size: medium\"><i>Organiza\u00e7\u00e3o:<\/i><\/span><\/span><span style=\"font-family: Times New Roman, serif\"><span style=\"font-size: medium\"> Profa. M\u00e1rcia Berselli.<\/span><\/span><\/p><p align=\"justify\"><span style=\"font-family: Times New Roman, serif\"><span style=\"font-size: medium\"><i>Resumo:<\/i><\/span><\/span><span style=\"font-family: Times New Roman, serif\"><span style=\"font-size: medium\"> oficina de teatro centrada em abordagens som\u00e1ticas do movimento. Convidamos todas e todos os interessados a vivenciar um momento de escuta do corpo e cuidado de si. Atrav\u00e9s de indica\u00e7\u00f5es de movimentos, cada participante \u00e9 convidada e convidado a levar a aten\u00e7\u00e3o ao seu corpo e ao espa\u00e7o. As abordagens selecionadas permitem que cada participante desenvolva as pr\u00e1ticas do modo que for mais confort\u00e1vel para si, assim, a oficina \u00e9 aberta a pessoas com e sem defici\u00eancia.<\/span><\/span><\/p><p align=\"justify\"><span style=\"font-family: Times New Roman, serif\"><span style=\"font-size: medium\"><i>Data:<\/i><\/span><\/span><span style=\"font-family: Times New Roman, serif\"><span style=\"font-size: medium\"> 23\/10 (sexta-feira)<\/span><\/span><\/p><p align=\"justify\"><span style=\"font-family: Times New Roman, serif\"><span style=\"font-size: medium\"><i>Hor\u00e1rio<\/i><\/span><\/span><span style=\"font-family: Times New Roman, serif\"><span style=\"font-size: medium\">: 14h<\/span><\/span><\/p><p align=\"justify\"><span style=\"font-family: Times New Roman, serif\"><span style=\"font-size: medium\"><i>Inscri\u00e7\u00f5es:<\/i><\/span><\/span> <span style=\"color: #0000ff\"><span style=\"font-family: Times New Roman, serif\"><span style=\"font-size: medium\"><u><a href=\"https:\/\/forms.gle\/EvkzRFJY8z4QQQk58\">https:\/\/forms.gle\/EvkzRFJY8z4QQQk58<\/a><\/u><\/span><\/span><\/span><\/p><p align=\"justify\"><a href=\"https:\/\/www.youtube.com\/channel\/UCZo0Npm8Cw0mvIq8CtZnMzw\">Transmiss\u00e3o via canal do YouTube PRE<\/a><\/p><p dir=\"ltr\" style=\"line-height: 1.38;margin-top: 0pt;margin-bottom: 0pt\">\u00a0<\/p>\t\t\t\t\t\t<\/div>\n\t\t\t\t<\/div>\n\t\t\t\t<div class=\"elementor-element elementor-element-f5f4bdc elementor-widget elementor-widget-spacer\" data-id=\"f5f4bdc\" data-element_type=\"widget\" data-widget_type=\"spacer.default\">\n\t\t\t\t<div class=\"elementor-widget-container\">\n\t\t\t\t\t<div class=\"elementor-spacer\">\n\t\t\t<div class=\"elementor-spacer-inner\"><\/div>\n\t\t<\/div>\n\t\t\t\t<\/div>\n\t\t\t\t<\/div>\n\t\t\t\t<div class=\"elementor-element elementor-element-2805a39 elementor-widget elementor-widget-heading\" data-id=\"2805a39\" data-element_type=\"widget\" data-widget_type=\"heading.default\">\n\t\t\t\t<div class=\"elementor-widget-container\">\n\t\t\t<h5 class=\"elementor-heading-title elementor-size-default\">Rodas de conversa e pain\u00e9is<\/h5>\t\t<\/div>\n\t\t\t\t<\/div>\n\t\t\t\t<div class=\"elementor-element elementor-element-da7c965 elementor-widget elementor-widget-text-editor\" data-id=\"da7c965\" data-element_type=\"widget\" data-widget_type=\"text-editor.default\">\n\t\t\t\t<div class=\"elementor-widget-container\">\n\t\t\t\t\t\t\t<p align=\"justify\"><span style=\"font-family: Times New Roman, serif\"><span style=\"font-size: medium\"><i><b>UFSM nas ruas &#8211; mais portas, menos muro para catadores de materiais recicl\u00e1veis e pessoas em situa\u00e7\u00e3o de rua<\/b><\/i><\/span><\/span><span style=\"font-family: Times New Roman, serif\"><span style=\"font-size: medium\"><b> e a pandemia: por onde caminhar?<\/b><\/span><\/span><\/p><p align=\"justify\"><span style=\"font-family: Times New Roman, serif\"><span style=\"font-size: medium\"><i>Organiza\u00e7\u00e3o<\/i><\/span><\/span><span style=\"font-family: Times New Roman, serif\"><span style=\"font-size: medium\">: Amara L\u00facia Holanda Tavares &#8211; Projeto UFSM nas ruas.<\/span><\/span><\/p><p align=\"justify\"><span style=\"font-family: Times New Roman, serif\"><span style=\"font-size: medium\"><i>Resumo:<\/i><\/span><\/span><span style=\"font-family: Times New Roman, serif\"><span style=\"font-size: medium\"> atividade com as presen\u00e7as do Secret\u00e1rio de Desenvolvimento Social, dos componentes do projeto, dos representantes do Comit\u00ea Emerg\u00eancia Rua (CER), do CREAS, do Presidente do Conselho de Seguran\u00e7a Alimentar (CONSEA) e de representantes tanto da popula\u00e7\u00e3o em situa\u00e7\u00e3o de rua quanto dos catadores de materiais recicl\u00e1veis.<\/span><\/span><b> <\/b><span style=\"font-family: Times New Roman, serif\"><span style=\"font-size: medium\">Objetiva-se, enquanto atividade, explanar algumas a\u00e7\u00f5es j\u00e1 realizadas atrav\u00e9s da Extens\u00e3o e discutir n\u00e3o s\u00f3 as pol\u00edticas p\u00fablicas, mas tamb\u00e9m as necessidades atuais e as possibilidades de adapta\u00e7\u00e3o das a\u00e7\u00f5es.<\/span><\/span><\/p><p align=\"justify\"><span style=\"font-family: Times New Roman, serif\"><span style=\"font-size: medium\"><i>Data:<\/i><\/span><\/span><span style=\"font-family: Times New Roman, serif\"><span style=\"font-size: medium\"> 20\/10 (ter\u00e7a-feira)<\/span><\/span><\/p><p align=\"justify\"><span style=\"font-family: Times New Roman, serif\"><span style=\"font-size: medium\"><i>Hor\u00e1rio:<\/i><\/span><\/span><span style=\"font-family: Times New Roman, serif\"><span style=\"font-size: medium\"> 10h<\/span><\/span><\/p><p align=\"justify\"><span style=\"font-family: Times New Roman, serif\"><span style=\"font-size: medium\"><i>Inscri\u00e7\u00f5es<\/i><\/span><\/span><span style=\"font-family: Times New Roman, serif\"><span style=\"font-size: medium\">: <\/span><\/span><a href=\"https:\/\/forms.gle\/vyeeo4icws7okrWb9\"><span style=\"font-family: Times New Roman, serif\"><span style=\"font-size: medium\"><u>https:\/\/forms.gle\/vyeeo4icws7okrWb9<\/u><\/span><\/span><\/a><\/p><p><strong>Transmiss\u00e3o via Google Meet:<\/strong>\u00a0<a href=\"http:\/\/bit.ly\/meet_ufsmnasruas\" target=\"_blank\" rel=\"noopener\"><u>bit.ly\/meet_ufsmnasruas<\/u><\/a><\/p><p>\u00a0<\/p><p style=\"color: #000000;font-size: 16px\"><span style=\"font-family: 'Times New Roman', serif\"><span style=\"font-size: medium\"><span style=\"font-weight: bold\">\u00a0<\/span><\/span><\/span><\/p><p style=\"color: #000000;font-size: 16px\"><span style=\"font-family: 'Times New Roman', serif\"><span style=\"font-size: medium\"><span style=\"font-weight: bold\">Roda de conversa &#8220;Debatendo o papel do apoio \u00e0s fam\u00edlias adotantes para garantia dos direitos da crian\u00e7a e do adolescente adotivos&#8221;<\/span><\/span><\/span><\/p><p style=\"color: #000000;font-size: 16px\"><span style=\"font-family: 'Times New Roman', serif\"><span style=\"font-size: medium\"><i>Organiza\u00e7\u00e3o:\u00a0<\/i><\/span><\/span><span style=\"font-family: 'Times New Roman', serif\">Profa. Aline Siqueira.<\/span><\/p><p style=\"color: #000000;font-size: 16px\"><span style=\"font-family: 'Times New Roman', serif\"><em>Resumo:<\/em> o objetivo da roda de conversa \u00e9 apresentar a experi\u00eancia do teleatendimento psicol\u00f3gico, proposto pela profa. Aline Siqueira, junto a m\u00e3es adotantes<\/span><span style=\"font-family: 'Times New Roman', serif\">.<\/span><\/p><p style=\"color: #000000;font-size: 16px\"><span style=\"font-family: 'Times New Roman', serif\"><span style=\"font-size: medium\"><i>Data:<\/i><\/span><\/span><span style=\"font-family: 'Times New Roman', serif\">\u00a021\/10 (quarta-feira)<\/span><\/p><p style=\"color: #000000;font-size: 16px\"><span style=\"font-family: 'Times New Roman', serif\"><span style=\"font-size: medium\"><i>Hor\u00e1rio:\u00a0<\/i><\/span><\/span><span style=\"font-family: 'Times New Roman', serif\">10h<\/span><\/p><p style=\"color: #000000;font-size: 16px\"><span style=\"font-family: 'Times New Roman', serif\"><span style=\"font-size: medium\"><i>Inscri\u00e7\u00f5es<\/i><\/span><\/span><span style=\"font-family: 'Times New Roman', serif\">:\u00a0<\/span><a style=\"color: #0d63e6 !important\" href=\"https:\/\/forms.gle\/YTCWDUB92nFXqQuV7\"><span style=\"color: #1155cc\"><span style=\"font-family: 'Times New Roman', serif\"><span style=\"font-size: medium\"><u>https:\/\/forms.gle\/YTCWDUB92nFXqQuV7<\/u><\/span><\/span><\/span><\/a><\/p><p><strong>Transmiss\u00e3o via Google Meet:\u00a0<\/strong><a href=\"http:\/\/bit.ly\/meet_familiasadotantes\" target=\"_blank\" rel=\"noopener\"><u>bit.ly\/meet_familiasadotantes<\/u><\/a><\/p><p align=\"justify\">\u00a0<\/p><p align=\"justify\"><span style=\"font-family: Times New Roman, serif\"><span style=\"font-size: medium\"><b>\u00a0<\/b><\/span><\/span><\/p><p align=\"justify\"><span style=\"font-family: Times New Roman, serif\"><span style=\"font-size: medium\"><b>C\u00edrculos de conversa: funk e hip hop ensino? <\/b><\/span><\/span><\/p><p align=\"justify\"><span style=\"font-family: Times New Roman, serif\"><span style=\"font-size: medium\"><i>Organiza\u00e7\u00e3o:<\/i><\/span><\/span><span style=\"font-family: Times New Roman, serif\"><span style=\"font-size: medium\"> Jane Schumacher, Al\u00edcia de Oliveira Gon\u00e7alves e Let\u00edcia Therezinha Prates dos Santos.<\/span><\/span><\/p><p align=\"justify\"><span style=\"font-family: Times New Roman, serif\"><span style=\"font-size: medium\"><i>Resumo:<\/i><\/span><\/span><span style=\"font-family: Times New Roman, serif\"><span style=\"font-size: medium\"> a roda de conversa pretende abordar e discutir a metodologia dos C\u00edrculos de Cultura associada ao estudo de temas como o funk e o hip hop, a fim de compreender de que forma estes podem ser \u00fateis no aprendizado. Tal discuss\u00e3o se fundamenta na experi\u00eancia desenvolvida por um Projeto de Extens\u00e3o vinculado ao ODH e desenvolvido no CASE\/CASEMI de Santa Maria-RS desde 2018. O objetivo desta roda de conversa \u00e9 apresentar experi\u00eancias de educa\u00e7\u00e3o popular que incluam o funk e o hip hop como ferramentas de aprendizado, dar visibilidade e discutir sobre o tema, bem como apresentar as atividades futuras do projeto em quest\u00e3o.<\/span><\/span><\/p><p align=\"justify\"><span style=\"font-family: Times New Roman, serif\"><span style=\"font-size: medium\"><i>Data:<\/i><\/span><\/span><span style=\"font-family: Times New Roman, serif\"><span style=\"font-size: medium\"> 20\/10 (ter\u00e7a-feira)<\/span><\/span><\/p><p align=\"justify\"><span style=\"font-family: Times New Roman, serif\"><span style=\"font-size: medium\"><i>Hor\u00e1rio:<\/i><\/span><\/span><span style=\"font-family: Times New Roman, serif\"><span style=\"font-size: medium\"> 14h<\/span><\/span><\/p><p align=\"justify\"><span style=\"font-family: Times New Roman, serif\"><span style=\"font-size: medium\"><i>Inscri\u00e7\u00f5es:<\/i><\/span><\/span> <a href=\"https:\/\/forms.gle\/qbqfJZY4rpGcwpHK7\"><span style=\"color: #1155cc\"><span style=\"font-family: Times New Roman, serif\"><span style=\"font-size: medium\"><u>https:\/\/forms.gle\/qbqfJZY4rpGcwpHK7<\/u><\/span><\/span><\/span><\/a><\/p><p align=\"justify\"><a href=\"https:\/\/www.youtube.com\/channel\/UCZo0Npm8Cw0mvIq8CtZnMzw\">Transmiss\u00e3o via canal do YouTube PRE<\/a><\/p><p align=\"justify\">\u00a0<\/p><p align=\"justify\"><span style=\"font-family: Times New Roman, serif\"><span style=\"font-size: medium\"><b>\u00a0<\/b><\/span><\/span><\/p><p align=\"justify\"><span style=\"font-family: Times New Roman, serif\"><span style=\"font-size: medium\"><b>Roda de Conversa sobre o Projeto Inspira <\/b><\/span><\/span><\/p><p align=\"justify\"><span style=\"font-family: Times New Roman, serif\"><span style=\"font-size: medium\"><i>Organiza\u00e7\u00e3o:<\/i><\/span><\/span><span style=\"font-family: Times New Roman, serif\"><span style=\"font-size: medium\"> Profa. Graziela Escandiel. <\/span><\/span><\/p><p align=\"justify\"><span style=\"font-family: Times New Roman, serif\"><span style=\"font-size: medium\"><i>Resumo:<\/i><\/span><\/span><span style=\"font-family: Times New Roman, serif\"><span style=\"font-size: medium\"> Roda de Conversa com Professoras das Redes P\u00fablicas de Educa\u00e7\u00e3o B\u00e1sica com o objetivo de ampliar o debate sobre a rela\u00e7\u00e3o, a forma como as crian\u00e7as, filhas de m\u00e3es em situa\u00e7\u00e3o de priva\u00e7\u00e3o de liberdade \u00e9 percebida\/tratada\/encaminhada pelas escolas.<\/span><\/span><\/p><p><span style=\"font-family: Times New Roman, serif\"><span style=\"font-size: medium\"><i>Data:<\/i><\/span><\/span><span style=\"font-family: Times New Roman, serif\"><span style=\"font-size: medium\"> 21\/10 (quarta-feira)<\/span><\/span><\/p><p><span style=\"font-family: Times New Roman, serif\"><span style=\"font-size: medium\"><i>Hor\u00e1rio: <\/i><\/span><\/span><span style=\"font-family: Times New Roman, serif\"><span style=\"font-size: medium\">14h<\/span><\/span><\/p><p><span style=\"font-family: Times New Roman, serif\"><span style=\"font-size: medium\"><i>Inscri\u00e7\u00f5es<\/i><\/span><\/span><span style=\"font-family: Times New Roman, serif\"><span style=\"font-size: medium\">: <\/span><\/span><span style=\"font-family: Times New Roman, serif\"><span style=\"font-size: medium\"><u><a href=\"https:\/\/forms.gle\/hyu7cUGxg3UBpF9B9\">https:\/\/forms.gle\/hyu7cUGxg3UBpF9B9<\/a><\/u><\/span><\/span><\/p><p><strong>Transmiss\u00e3o via Google Meet:<\/strong> <a href=\"http:\/\/bit.ly\/meet_projetoinspira\">bit.ly\/meet_projetoinspira<\/a><\/p><p>\u00a0<\/p><p><span style=\"font-size: 11pt;font-family: Arial;color: #222222;font-weight: bold;vertical-align: baseline\">\u00a0<\/span><\/p><p><span style=\"font-size: 11pt;font-family: Arial;color: #222222;font-weight: bold;vertical-align: baseline\">Ciclo de Especializa\u00e7\u00e3o em Estudos de G\u00eanero da UFSM | <b>Imagens de Controle e Feminismo Negro com Winnie Bueno<\/b><\/span><span style=\"font-family: Times New Roman, serif\"><span style=\"font-size: medium\"><br \/><\/span><\/span><\/p><p>Resumo: <span style=\"font-weight: 400\">No dia 21 de outubro, \u00e0s 19h, ocorrer\u00e1 a terceira o \u00faltimo evento do I Ciclo de Palestras do <\/span><span style=\"font-weight: 400\">Curso Especializa\u00e7\u00e3o em Estudos de G\u00eanero da UFSM. O palestra ser\u00e1 ministrada por Winnie Bueno que abordar\u00e1 o tema \u201cImagens de Controle &#8211; Uma categoria anal\u00edtica do pensamento feminista negro\u201d. <\/span><span style=\"font-weight: 400\">Winnie Bueno \u00e9 iyalorix\u00e1, doutoranda em Sociologia pela UFRGS, mestra em Direito pela <\/span><span style=\"font-weight: 400\">Unisinos e Bacharela em Direito pela UFPEL.\u00a0 \u00c9\u00a0 autora do livro Imagens de Controle e criadora da Winnieteca, um projeto de distribui\u00e7\u00e3o de livros em parceria com o Twitter Brasil e o Instituto Geledes.<\/span><\/p><p><span style=\"font-family: Times New Roman, serif\"><span style=\"font-size: medium\"><i>Data:<\/i><\/span><\/span><span style=\"font-family: Times New Roman, serif\"><span style=\"font-size: medium\"> 21\/10 (quarta-feira)<\/span><\/span><\/p><p><span style=\"font-family: Times New Roman, serif\"><span style=\"font-size: medium\"><i>Hor\u00e1rio: <\/i><\/span><\/span><span style=\"font-family: Times New Roman, serif\"><span style=\"font-size: medium\">19h<\/span><\/span><\/p><p><span style=\"font-family: Times New Roman, serif\"><span style=\"font-size: medium\"><i>Inscri\u00e7\u00f5es<\/i><\/span><\/span><span style=\"font-family: Times New Roman, serif\"><span style=\"font-size: medium\">: <a href=\"http:\/\/is.gd\/palestrawinniebueno\">http:\/\/is.gd\/palestrawinniebueno\u00a0<\/a><\/span><\/span><u><\/u><\/p><p><a href=\"https:\/\/www.youtube.com\/channel\/UCZo0Npm8Cw0mvIq8CtZnMzw\">Transmiss\u00e3o via canal do YouTube PRE<\/a><\/p><p>\u00a0<\/p><p><span style=\"font-family: Times New Roman, serif\"><span style=\"font-size: medium\"><b>\u00a0<\/b><\/span><\/span><\/p><p><span style=\"font-family: Times New Roman, serif\"><span style=\"font-size: medium\"><b>Roda de Conversa \u201cProjeto Oficinas de interven\u00e7\u00e3o psicossocial com adolescentes que cumprem medida socioeducativa\u201d<\/b><\/span><\/span><\/p><p><span style=\"font-family: Times New Roman, serif\"><span style=\"font-size: medium\"><i>Organiza\u00e7\u00e3o:<\/i><\/span><\/span> <span style=\"font-family: Times New Roman, serif\"><span style=\"font-size: medium\"> Jana Gon\u00e7alves Zappe, Renata Costa, Juliana Marinho, Sara Peres, Luana Izolan, Andr\u00e9 Weber e Katiussa Rodrigues.<\/span><\/span><\/p><p><span style=\"font-family: Times New Roman, serif\"><span style=\"font-size: medium\"><i>Resumo: <\/i><\/span><\/span><span style=\"font-family: Times New Roman, serif\"><span style=\"font-size: medium\">roda de conversa virtual, com o objetivo de apresentar o projeto realizado com os adolescentes e relatar a nossa experi\u00eancia com rela\u00e7\u00e3o ao formato das oficinas. Ao longo da atividade, haver\u00e1 intera\u00e7\u00e3o com os participantes atrav\u00e9s de discuss\u00f5es e do uso de<\/span><\/span><\/p><p><span style=\"font-family: Times New Roman, serif\"><span style=\"font-size: medium\">ferramentas online.<\/span><\/span><\/p><p><span style=\"font-family: Times New Roman, serif\"><span style=\"font-size: medium\"><i>Data:<\/i><\/span><\/span><span style=\"font-family: Times New Roman, serif\"><span style=\"font-size: medium\"> 22\/10 (quinta-feira)<\/span><\/span><\/p><p><span style=\"font-family: Times New Roman, serif\"><span style=\"font-size: medium\"><i>Hor\u00e1rio: <\/i><\/span><\/span><span style=\"font-family: Times New Roman, serif\"><span style=\"font-size: medium\">10h<\/span><\/span><\/p><p><span style=\"font-family: Times New Roman, serif\"><span style=\"font-size: medium\"><i>Inscri\u00e7\u00f5es:<\/i><\/span><\/span> <a href=\"https:\/\/forms.gle\/m68NFnQYZSnvFzEz5\"><span style=\"color: #1155cc\"><span style=\"font-family: Times New Roman, serif\"><span style=\"font-size: medium\"><u>https:\/\/forms.gle\/m68NFnQYZSnvFzEz5<\/u><\/span><\/span><\/span><\/a><\/p><p><strong>Transmiss\u00e3o via Google Meet:<\/strong>\u00a0<a href=\"http:\/\/bit.ly\/meet_intervencaoadolescentes\" target=\"_blank\" rel=\"noopener\"><u>bit.ly\/meet_intervencaoadolescentes<\/u><\/a><\/p><p align=\"justify\">\u00a0<\/p><p align=\"justify\"><span style=\"font-family: Times New Roman, serif\"><span style=\"font-size: medium\"><b>\u00a0<\/b><\/span><\/span><\/p><p align=\"justify\"><span style=\"font-family: Times New Roman, serif\"><span style=\"font-size: medium\"><b>Roda de Conversa \u201cMem\u00f3rias da Quarta Col\u00f4nia e pertencimento de educadores\u201d<\/b><\/span><\/span><\/p><p align=\"justify\"><span style=\"font-family: Times New Roman, serif\"><span style=\"font-size: medium\"><i>Organiza\u00e7\u00e3o:<\/i><\/span><\/span><span style=\"font-family: Times New Roman, serif\"><span style=\"font-size: medium\"> Saionara Ribeiro, Pa\u00f4la Pfeifer, Helenise Sangoi Antunes, D\u00e9bora O. Le\u00e3o, Carmem M. Fran\u00e7a, Elizandra A. Gelocha e Marijane Rechia.<\/span><\/span><\/p><p align=\"justify\"><span style=\"font-family: Times New Roman, serif\"><span style=\"font-size: medium\"><i>Resumo:<\/i><\/span><\/span><span style=\"font-family: Times New Roman, serif\"><span style=\"font-size: medium\"> roda de conversa para discutir sobre Educa\u00e7\u00e3o Patrimonial, alfabetiza\u00e7\u00e3o, mem\u00f3rias de alfabetiza\u00e7\u00e3o e o desafio de uma pr\u00e1tica docente que auxilie no fortalecimento de projetos que contribuam para a participa\u00e7\u00e3o do professor alfabetizador no contexto do Geoparque Quarta Col\u00f4nia.<\/span><\/span><\/p><p align=\"justify\"><span style=\"font-family: Times New Roman, serif\"><span style=\"font-size: medium\"><i>Data:<\/i><\/span><\/span><span style=\"font-family: Times New Roman, serif\"><span style=\"font-size: medium\"> 22\/10 (quinta-feira)<\/span><\/span><\/p><p align=\"justify\"><span style=\"font-family: Times New Roman, serif\"><span style=\"font-size: medium\"><i>Hor\u00e1rio:<\/i><\/span><\/span><span style=\"font-family: Times New Roman, serif\"><span style=\"font-size: medium\"> 14h<\/span><\/span><\/p><p align=\"justify\"><span style=\"font-family: Times New Roman, serif\"><span style=\"font-size: medium\"><i>Inscri\u00e7\u00f5es<\/i><\/span><\/span><span style=\"font-family: Times New Roman, serif\"><span style=\"font-size: medium\">: <\/span><\/span><a href=\"https:\/\/forms.gle\/xZv9vKYgfNrxneir5\"><span style=\"color: #1155cc\"><span style=\"font-family: Times New Roman, serif\"><span style=\"font-size: medium\"><u>https:\/\/forms.gle\/xZv9vKYgfNrxneir5<\/u><\/span><\/span><\/span><\/a><\/p><p><strong>Transmiss\u00e3o via Google Meet:<\/strong> <a href=\"http:\/\/bit.ly\/meet_memoriasqc\">bit.ly\/meet_memoriasqc<\/a><\/p><p align=\"justify\">\u00a0<\/p><p align=\"justify\"><span style=\"font-family: Times New Roman, serif\"><span style=\"font-size: medium\"><b>\u00a0<\/b><\/span><\/span><\/p><p align=\"justify\"><span style=\"font-family: Times New Roman, serif\"><span style=\"font-size: medium\"><b>Direitos das pessoas ind\u00edgenas: divulgando a resolu\u00e7\u00e3o 287\/19<\/b><\/span><\/span><\/p><p align=\"justify\"><span style=\"font-family: Times New Roman, serif\"><span style=\"font-size: medium\"><i>Organiza\u00e7\u00e3o:<\/i><\/span><\/span><span style=\"font-family: Times New Roman, serif\"><span style=\"font-size: medium\"> Jaf\u00e9 Emanuel Chaves Ribeiro e Rodrigo Kuaray.<\/span><\/span><\/p><p align=\"justify\"><span style=\"font-family: Times New Roman, serif\"><span style=\"font-size: medium\"><i>Data<\/i><\/span><\/span><span style=\"font-family: Times New Roman, serif\"><span style=\"font-size: medium\">: 22\/10 (quinta-feira)<\/span><\/span><\/p><p align=\"justify\"><span style=\"font-family: Times New Roman, serif\"><span style=\"font-size: medium\">Hor\u00e1rio: 14h<\/span><\/span><\/p><p align=\"justify\"><span style=\"font-family: Times New Roman, serif\"><span style=\"font-size: medium\">Inscri\u00e7\u00f5es: <\/span><\/span><a href=\"https:\/\/forms.gle\/gEYX952qq37caksS9c\"><span style=\"color: #1155cc\"><span style=\"font-family: Times New Roman, serif\"><span style=\"font-size: medium\"><u>https:\/\/forms.gle\/gEYX952qq37caksS9c<\/u><\/span><\/span><\/span><\/a><\/p><p align=\"justify\"><a href=\"https:\/\/www.youtube.com\/channel\/UCZo0Npm8Cw0mvIq8CtZnMzw\">Transmiss\u00e3o via canal do YouTube PRE<\/a><\/p><p align=\"justify\">\u00a0<\/p><p align=\"justify\"><span style=\"font-family: Times New Roman, serif\"><span style=\"font-size: medium\"><b>\u00a0<\/b><\/span><\/span><\/p><p align=\"justify\"><span style=\"font-family: Times New Roman, serif\"><span style=\"font-size: medium\"><b>Painel Empreendedorismo e Inova\u00e7\u00e3o Social: A\u00e7\u00f5es de Extens\u00e3o da UFSM<\/b><\/span><\/span><\/p><p align=\"justify\"><span style=\"font-family: Times New Roman, serif\"><span style=\"font-size: medium\"><i>Organiza\u00e7\u00e3o:<\/i><\/span><\/span><span style=\"font-family: Times New Roman, serif\"><span style=\"font-size: medium\"> Lucas \u00c1vila.<\/span><\/span><\/p><p align=\"justify\"><span style=\"font-family: Times New Roman, serif\"><span style=\"font-size: medium\"><i>Convidados:<\/i><\/span><\/span><span style=\"font-family: Times New Roman, serif\"><span style=\"font-size: medium\"> experi\u00eancias da Polifeira, com Gustavo Pinto; experi\u00eancias do Grupo Incubado Ar\u00e1 Dudu, com Isadora Bispo; e experi\u00eancias das Empresas Juniores da UFSM.<\/span><\/span><\/p><p align=\"justify\"><span style=\"font-family: Times New Roman, serif\"><span style=\"font-size: medium\"><i>Data:<\/i><\/span><\/span><span style=\"font-family: Times New Roman, serif\"><span style=\"font-size: medium\"> 22\/10 (quinta-feira)<\/span><\/span><\/p><p align=\"justify\"><span style=\"font-family: Times New Roman, serif\"><span style=\"font-size: medium\"><i>Hor\u00e1rio: <\/i><\/span><\/span><span style=\"font-family: Times New Roman, serif\"><span style=\"font-size: medium\">19h<\/span><\/span><\/p><p align=\"justify\"><span style=\"font-family: Times New Roman, serif\"><span style=\"font-size: medium\"><i>Inscri\u00e7\u00f5es:<\/i><\/span><\/span> <a href=\"https:\/\/forms.gle\/RFXsUinzYM8r2LTH7\"><span style=\"color: #1155cc\"><span style=\"font-family: Times New Roman, serif\"><span style=\"font-size: medium\"><u>https:\/\/forms.gle\/RFXsUinzYM8r2LTH7<\/u><\/span><\/span><\/span><\/a><\/p><p><strong>Transmiss\u00e3o via Google Meet:<\/strong> <a href=\"http:\/\/bit.ly\/meet_acoesufsm\">bit.ly\/meet_acoesufsm<\/a><\/p><p>\u00a0<\/p><p><span style=\"color: #222222\"><span style=\"font-family: Times New Roman, serif\"><span style=\"font-size: medium\"><b>\u00a0<\/b><\/span><\/span><\/span><\/p><p><span style=\"color: #222222\"><span style=\"font-family: Times New Roman, serif\"><span style=\"font-size: medium\"><b>Roda de Conversa \u201cPol\u00edtica de alfabetiza\u00e7\u00e3o e a BNCC\u201d<\/b><\/span><\/span><\/span><\/p><p><span style=\"font-family: Times New Roman, serif\"><span style=\"font-size: medium\"><i>Organiza\u00e7\u00e3o:<\/i><\/span><\/span><span style=\"color: #222222\"><span style=\"font-family: Times New Roman, serif\"><span style=\"font-size: medium\"> Saionara Ribeiro, Pa\u00f4la Pfeifer, Helenise Sangoi Antunes, D\u00e9bora O. Le\u00e3o, Carmem M. Fran\u00e7a, Elizandra A. Gelocha e Marijane Rechia.<\/span><\/span><\/span><\/p><p><span style=\"color: #222222\"><span style=\"font-family: Times New Roman, serif\"><span style=\"font-size: medium\"><i>Resumo:<\/i><\/span><\/span><\/span><span style=\"color: #222222\"><span style=\"font-family: Times New Roman, serif\"><span style=\"font-size: medium\"> a roda de conversa ter\u00e1, como cerne, reflex\u00f5es acerca da primeira experi\u00eancia de aplica\u00e7\u00e3o do curso de forma\u00e7\u00e3o continuada, realizada no munic\u00edpio de Cachoeira do Sul, al\u00e9m de trazer tem\u00e1ticas relevantes acerca de pol\u00edticas p\u00fablicas de alfabetiza\u00e7\u00e3o e curr\u00edculo, com vistas a identificar as demandas trazidas pelo p\u00fablico presente, que servir\u00e3o de base para a constru\u00e7\u00e3o do curso supracitado, no que tange ao projeto Geoparques Quarta Col\u00f4nia.<\/span><\/span><\/span><\/p><p><span style=\"color: #222222\"><span style=\"font-family: Times New Roman, serif\"><span style=\"font-size: medium\"><i>Data:<\/i><\/span><\/span><\/span><span style=\"color: #222222\"><span style=\"font-family: Times New Roman, serif\"><span style=\"font-size: medium\"> 23\/10 (sexta-feira)<\/span><\/span><\/span><\/p><p align=\"justify\"><span style=\"color: #222222\"><span style=\"font-family: Times New Roman, serif\"><span style=\"font-size: medium\"><i>Hor\u00e1rio: <\/i><\/span><\/span><\/span><span style=\"color: #222222\"><span style=\"font-family: Times New Roman, serif\"><span style=\"font-size: medium\">10h<\/span><\/span><\/span><\/p><p align=\"justify\"><span style=\"color: #222222\"><span style=\"font-family: Times New Roman, serif\"><span style=\"font-size: medium\"><i>Inscri\u00e7\u00f5es:<\/i><\/span><\/span><\/span> <a href=\"https:\/\/forms.gle\/iaG1QSSqeXzpLQZd8\"><span style=\"color: #1155cc\"><span style=\"font-family: Times New Roman, serif\"><span style=\"font-size: medium\"><u>https:\/\/forms.gle\/iaG1QSSqeXzpLQZd8<\/u><\/span><\/span><\/span><\/a><\/p><p><strong>Transmiss\u00e3o via Google Meet:<\/strong> <a href=\"http:\/\/bit.ly\/meet_politicadealfabetizacao\">bit.ly\/meet_politicadealfabetizacao<\/a><\/p>\t\t\t\t\t\t<\/div>\n\t\t\t\t<\/div>\n\t\t\t\t\t<\/div>\n\t\t<\/div>\n\t\t\t\t\t<\/div>\n\t\t<\/section>\n\t\t\t\t<section class=\"elementor-section elementor-top-section elementor-element elementor-element-40a8133 elementor-section-boxed elementor-section-height-default elementor-section-height-default\" data-id=\"40a8133\" data-element_type=\"section\">\n\t\t\t\t\t\t<div class=\"elementor-container elementor-column-gap-default\">\n\t\t\t\t\t<div class=\"elementor-column elementor-col-100 elementor-top-column elementor-element elementor-element-875fb26\" data-id=\"875fb26\" data-element_type=\"column\">\n\t\t\t<div class=\"elementor-widget-wrap elementor-element-populated\">\n\t\t\t\t\t\t<div class=\"elementor-element elementor-element-f609f06 elementor-widget elementor-widget-heading\" data-id=\"f609f06\" data-element_type=\"widget\" data-widget_type=\"heading.default\">\n\t\t\t\t<div class=\"elementor-widget-container\">\n\t\t\t<h5 class=\"elementor-heading-title elementor-size-default\">Exposi\u00e7\u00f5es<\/h5>\t\t<\/div>\n\t\t\t\t<\/div>\n\t\t\t\t<div class=\"elementor-element elementor-element-715f940 elementor-widget elementor-widget-text-editor\" data-id=\"715f940\" data-element_type=\"widget\" data-widget_type=\"text-editor.default\">\n\t\t\t\t<div class=\"elementor-widget-container\">\n\t\t\t\t\t\t\t<p align=\"justify\"><span style=\"font-family: Times New Roman, serif\"><span style=\"font-size: medium\"><b>Tour Virtual Geoparque Ca\u00e7apava<\/b><\/span><\/span><\/p><p align=\"justify\"><span style=\"font-family: Times New Roman, serif\"><span style=\"font-size: medium\">Passeio virtual pela Serra do Segredo, um dos principais geoss\u00edtios do territ\u00f3rio do projeto Geoparque Ca\u00e7apava. <\/span><\/span><\/p><p align=\"justify\"><span style=\"font-family: Times New Roman, serif\"><span style=\"font-size: medium\">Clique no link abaixo e, assim que o sistema abrir, clique em &#8220;apresentar&#8221;. Aproveite o passeio!<\/span><\/span><\/p><p><span style=\"font-family: Times New Roman, serif\"><span style=\"font-size: medium\"><i>Link de acesso: <\/i><\/span><\/span><a href=\"https:\/\/drive.google.com\/open?id=186eH-mm37FB5_SAwErFT7PqVhn45tGx8&amp;usp=sharing\"><span style=\"color: #1155cc\"><span style=\"font-family: Times New Roman, serif\"><span style=\"font-size: medium\"><u>https:\/\/drive.google.com\/open?id=186eH-mm37FB5_SAwErFT7PqVhn45tGx8&amp;usp=sharing<\/u><\/span><\/span><\/span><\/a><\/p><p align=\"justify\"><span style=\"font-family: Times New Roman, serif\"><span style=\"font-size: medium\">Reserve um tempo para o passeio e, se poss\u00edvel, utilize um computador: al\u00e9m de todos os recursos ficarem mais legais na tela grande, n\u00e3o h\u00e1 necessidade de aplicativos espec\u00edficos. Se voc\u00ea for usar o seu celular, vai precisar instalar aplicativo Google Earth\u00ae.<\/span><\/span><\/p><p align=\"justify\"><span style=\"font-family: Times New Roman, serif\"><span style=\"font-size: medium\"><b>Exposi\u00e7\u00e3o Educa\u00e7\u00e3o Patrimonial<\/b><\/span><\/span><\/p><p align=\"justify\"><span style=\"font-family: Times New Roman, serif\"><span style=\"font-size: medium\">A Exposi\u00e7\u00e3o \u201cEduca\u00e7\u00e3o Patrimonial em tempo de pandemia\u201d revela as propostas das \u201catividades n\u00e3o presenciais\u201d do setor de educa\u00e7\u00e3o dos munic\u00edpios da Quarta Col\u00f4nia, numa perspectiva de Educa\u00e7\u00e3o Patrimonial.<\/span><\/span><\/p><p align=\"justify\"><span style=\"font-family: Times New Roman, serif\"><span style=\"font-size: medium\">A iniciativa \u00e9 um trabalho conjunto entre um projeto da Universidade Federal de Santa Maria (UFSM) e as Secretarias de Educa\u00e7\u00e3o dos Munic\u00edpios do CONDESUS \u2013 Quarta Col\u00f4nia, vinculada ao Projeto Geoparque Quarta Col\u00f4nia. As Secretarias e as escolas aplicaram as metodologias de ensino de acordo com as suas realidades e com as faixas et\u00e1rias dos alunos que atendem.<\/span><\/span><\/p><p align=\"justify\"><span style=\"font-family: Times New Roman, serif\"><span style=\"font-size: medium\"><i>Link de acesso:<\/i><\/span><\/span><b> <\/b><a href=\"https:\/\/www.ufsm.br\/pro-reitorias\/pre\/exposicao\"><span style=\"color: #0000ff\"><span style=\"font-family: Times New Roman, serif\"><span style=\"font-size: medium\">https:\/\/www.ufsm.br\/pro-reitorias\/pre\/exposicao<\/span><\/span><\/span><\/a><\/p>\t\t\t\t\t\t<\/div>\n\t\t\t\t<\/div>\n\t\t\t\t\t<\/div>\n\t\t<\/div>\n\t\t\t\t\t<\/div>\n\t\t<\/section>\n\t\t\t\t<section class=\"elementor-section elementor-top-section elementor-element elementor-element-5511664 elementor-section-boxed elementor-section-height-default elementor-section-height-default\" data-id=\"5511664\" data-element_type=\"section\">\n\t\t\t\t\t\t<div class=\"elementor-container elementor-column-gap-default\">\n\t\t\t\t\t<div class=\"elementor-column elementor-col-100 elementor-top-column elementor-element elementor-element-e5bdf31\" data-id=\"e5bdf31\" data-element_type=\"column\">\n\t\t\t<div class=\"elementor-widget-wrap elementor-element-populated\">\n\t\t\t\t\t\t<div class=\"elementor-element elementor-element-94c4b64 elementor-widget elementor-widget-heading\" data-id=\"94c4b64\" data-element_type=\"widget\" data-widget_type=\"heading.default\">\n\t\t\t\t<div class=\"elementor-widget-container\">\n\t\t\t<h5 class=\"elementor-heading-title elementor-size-default\">Espet\u00e1culo de encerramento do Sal\u00e3o - Tributo ao ABBA<\/h5>\t\t<\/div>\n\t\t\t\t<\/div>\n\t\t\t\t<div class=\"elementor-element elementor-element-8fd77ff elementor-widget elementor-widget-text-editor\" data-id=\"8fd77ff\" data-element_type=\"widget\" data-widget_type=\"text-editor.default\">\n\t\t\t\t<div class=\"elementor-widget-container\">\n\t\t\t\t\t\t\t<p><em>Organiza\u00e7\u00e3o:<\/em> Orquestra Sinf\u00f4nica de Santa Maria<\/p><p><em>Convidadas:<\/em> Tiane Tambara e Daiane Diniz, vencedoras de p\u00fablico e j\u00fari do Festival Online Vem Cantar com a Orquestra Sinf\u00f4nica de Santa Maria 2020.<\/p><p><em>Data:<\/em> 23\/10 (sexta-feira)<\/p><p><em>Hor\u00e1rio:<\/em> 19h<\/p><p><a href=\"https:\/\/www.youtube.com\/channel\/UCZo0Npm8Cw0mvIq8CtZnMzw\">Transmiss\u00e3o via canal do YouTube PRE<\/a><\/p><p>\u00a0<\/p><p align=\"justify\"><span style=\"font-family: Times New Roman, serif\"><span style=\"font-size: medium\"><i>Reda\u00e7\u00e3o: Wellington Felipe Hack\/ Pr\u00f3-Reitoria de Extens\u00e3o<\/i><\/span><\/span><\/p><p align=\"justify\"><span style=\"font-family: Times New Roman, serif\"><span style=\"font-size: medium\"><i>Revis\u00e3o: Erica Medeiros\/ Pr\u00f3-Reitoria de Extens\u00e3o<\/i><\/span><\/span><\/p>\t\t\t\t\t\t<\/div>\n\t\t\t\t<\/div>\n\t\t\t\t\t<\/div>\n\t\t<\/div>\n\t\t\t\t\t<\/div>\n\t\t<\/section>\n\t\t\t\t<section class=\"elementor-section elementor-top-section elementor-element elementor-element-83607c0 elementor-section-boxed elementor-section-height-default elementor-section-height-default\" data-id=\"83607c0\" data-element_type=\"section\">\n\t\t\t\t\t\t<div class=\"elementor-container elementor-column-gap-default\">\n\t\t\t\t\t<div class=\"elementor-column elementor-col-100 elementor-top-column elementor-element elementor-element-e23be62\" data-id=\"e23be62\" data-element_type=\"column\">\n\t\t\t<div class=\"elementor-widget-wrap elementor-element-populated\">\n\t\t\t\t\t\t<div class=\"elementor-element elementor-element-9feb15f elementor-widget-divider--view-line elementor-widget elementor-widget-divider\" data-id=\"9feb15f\" data-element_type=\"widget\" data-widget_type=\"divider.default\">\n\t\t\t\t<div class=\"elementor-widget-container\">\n\t\t\t\t\t<div class=\"elementor-divider\">\n\t\t\t<span class=\"elementor-divider-separator\">\n\t\t\t\t\t\t<\/span>\n\t\t<\/div>\n\t\t\t\t<\/div>\n\t\t\t\t<\/div>\n\t\t\t\t\t<\/div>\n\t\t<\/div>\n\t\t\t\t\t<\/div>\n\t\t<\/section>\n\t\t\t\t<section class=\"elementor-section elementor-top-section elementor-element elementor-element-de5b634 elementor-section-boxed elementor-section-height-default elementor-section-height-default\" data-id=\"de5b634\" data-element_type=\"section\">\n\t\t\t\t\t\t<div class=\"elementor-container elementor-column-gap-default\">\n\t\t\t\t\t<div class=\"elementor-column elementor-col-100 elementor-top-column elementor-element elementor-element-6c80fe5\" data-id=\"6c80fe5\" data-element_type=\"column\">\n\t\t\t<div class=\"elementor-widget-wrap elementor-element-populated\">\n\t\t\t\t\t\t<div class=\"elementor-element elementor-element-3903071 elementor-widget elementor-widget-heading\" data-id=\"3903071\" data-element_type=\"widget\" data-widget_type=\"heading.default\">\n\t\t\t\t<div class=\"elementor-widget-container\">\n\t\t\t<h5 class=\"elementor-heading-title elementor-size-default\"><a href=\"https:\/\/www.ufsm.br\/pro-reitorias\/pre\/agenda-2030\/\">Agenda 2030 na UFSM<\/a><\/h5>\t\t<\/div>\n\t\t\t\t<\/div>\n\t\t\t\t<div class=\"elementor-element elementor-element-d6784cb elementor-widget elementor-widget-text-editor\" data-id=\"d6784cb\" data-element_type=\"widget\" data-widget_type=\"text-editor.default\">\n\t\t\t\t<div class=\"elementor-widget-container\">\n\t\t\t\t\t\t\t<p style=\"text-align: center\">A a\u00e7\u00e3o de Extens\u00e3o apresentada neste texto atende aos seguintes <strong>Objetivos de Desenvolvimento Sustent\u00e1vel<\/strong> (ODS).<\/p><p style=\"text-align: center\"><em>Acesse as imagens para saber mais sobre cada um deles.<\/em><\/p>\t\t\t\t\t\t<\/div>\n\t\t\t\t<\/div>\n\t\t\t\t\t<\/div>\n\t\t<\/div>\n\t\t\t\t\t<\/div>\n\t\t<\/section>\n\t\t\t\t<section class=\"elementor-section elementor-top-section elementor-element elementor-element-25ff886 elementor-section-boxed elementor-section-height-default elementor-section-height-default\" data-id=\"25ff886\" data-element_type=\"section\">\n\t\t\t\t\t\t<div class=\"elementor-container elementor-column-gap-default\">\n\t\t\t\t\t<div class=\"elementor-column elementor-col-33 elementor-top-column elementor-element elementor-element-83c464e\" data-id=\"83c464e\" data-element_type=\"column\">\n\t\t\t<div class=\"elementor-widget-wrap elementor-element-populated\">\n\t\t\t\t\t\t<div class=\"elementor-element elementor-element-6b7da7c elementor-widget elementor-widget-image\" data-id=\"6b7da7c\" data-element_type=\"widget\" data-widget_type=\"image.default\">\n\t\t\t\t<div class=\"elementor-widget-container\">\n\t\t\t\t\t\t\t\t\t\t<figure class=\"wp-caption\">\n\t\t\t\t\t\t\t\t\t\t\t<a href=\"http:\/\/www.agenda2030.com.br\/ods\/4\/\">\n\t\t\t\t\t\t\t<img decoding=\"async\" width=\"150\" height=\"150\" src=\"https:\/\/www.ufsm.br\/app\/uploads\/sites\/346\/2020\/09\/ODS_4-150x150.jpg\" class=\"attachment-thumbnail size-thumbnail wp-image-4373\" alt=\"\" srcset=\"https:\/\/www.ufsm.br\/app\/uploads\/sites\/346\/2020\/09\/ODS_4-150x150.jpg 150w, https:\/\/www.ufsm.br\/app\/uploads\/sites\/346\/2020\/09\/ODS_4-300x300.jpg 300w, https:\/\/www.ufsm.br\/app\/uploads\/sites\/346\/2020\/09\/ODS_4-1024x1024.jpg 1024w, https:\/\/www.ufsm.br\/app\/uploads\/sites\/346\/2020\/09\/ODS_4-768x768.jpg 768w, https:\/\/www.ufsm.br\/app\/uploads\/sites\/346\/2020\/09\/ODS_4-1536x1536.jpg 1536w, https:\/\/www.ufsm.br\/app\/uploads\/sites\/346\/2020\/09\/ODS_4.jpg 1920w\" sizes=\"(max-width: 150px) 100vw, 150px\" \/>\t\t\t\t\t\t\t\t<\/a>\n\t\t\t\t\t\t\t\t\t\t\t<figcaption class=\"widget-image-caption wp-caption-text\">ODS 4<\/figcaption>\n\t\t\t\t\t\t\t\t\t\t<\/figure>\n\t\t\t\t\t\t\t<\/div>\n\t\t\t\t<\/div>\n\t\t\t\t\t<\/div>\n\t\t<\/div>\n\t\t\t\t<div class=\"elementor-column elementor-col-33 elementor-top-column elementor-element elementor-element-3785d92\" data-id=\"3785d92\" data-element_type=\"column\">\n\t\t\t<div class=\"elementor-widget-wrap elementor-element-populated\">\n\t\t\t\t\t\t<div class=\"elementor-element elementor-element-21d8bfe elementor-widget elementor-widget-image\" data-id=\"21d8bfe\" data-element_type=\"widget\" data-widget_type=\"image.default\">\n\t\t\t\t<div class=\"elementor-widget-container\">\n\t\t\t\t\t\t\t\t\t\t<figure class=\"wp-caption\">\n\t\t\t\t\t\t\t\t\t\t\t<a href=\"http:\/\/www.agenda2030.com.br\/ods\/16\/\">\n\t\t\t\t\t\t\t<img decoding=\"async\" width=\"150\" height=\"150\" src=\"https:\/\/www.ufsm.br\/app\/uploads\/sites\/346\/2020\/09\/ODS_16-150x150.jpg\" class=\"attachment-thumbnail size-thumbnail wp-image-4385\" alt=\"\" srcset=\"https:\/\/www.ufsm.br\/app\/uploads\/sites\/346\/2020\/09\/ODS_16-150x150.jpg 150w, https:\/\/www.ufsm.br\/app\/uploads\/sites\/346\/2020\/09\/ODS_16-300x300.jpg 300w, https:\/\/www.ufsm.br\/app\/uploads\/sites\/346\/2020\/09\/ODS_16-1024x1024.jpg 1024w, https:\/\/www.ufsm.br\/app\/uploads\/sites\/346\/2020\/09\/ODS_16-768x768.jpg 768w, https:\/\/www.ufsm.br\/app\/uploads\/sites\/346\/2020\/09\/ODS_16-1536x1536.jpg 1536w, https:\/\/www.ufsm.br\/app\/uploads\/sites\/346\/2020\/09\/ODS_16.jpg 1920w\" sizes=\"(max-width: 150px) 100vw, 150px\" \/>\t\t\t\t\t\t\t\t<\/a>\n\t\t\t\t\t\t\t\t\t\t\t<figcaption class=\"widget-image-caption wp-caption-text\">ODS 16<\/figcaption>\n\t\t\t\t\t\t\t\t\t\t<\/figure>\n\t\t\t\t\t\t\t<\/div>\n\t\t\t\t<\/div>\n\t\t\t\t\t<\/div>\n\t\t<\/div>\n\t\t\t\t<div class=\"elementor-column elementor-col-33 elementor-top-column elementor-element elementor-element-bef6981\" data-id=\"bef6981\" data-element_type=\"column\">\n\t\t\t<div class=\"elementor-widget-wrap elementor-element-populated\">\n\t\t\t\t\t\t<div class=\"elementor-element elementor-element-840e3f9 elementor-widget elementor-widget-image\" data-id=\"840e3f9\" data-element_type=\"widget\" data-widget_type=\"image.default\">\n\t\t\t\t<div class=\"elementor-widget-container\">\n\t\t\t\t\t\t\t\t\t\t<figure class=\"wp-caption\">\n\t\t\t\t\t\t\t\t\t\t\t<a href=\"http:\/\/www.agenda2030.com.br\/ods\/17\/\">\n\t\t\t\t\t\t\t<img loading=\"lazy\" decoding=\"async\" width=\"150\" height=\"150\" src=\"https:\/\/www.ufsm.br\/app\/uploads\/sites\/346\/2020\/09\/ODS_17-150x150.jpg\" class=\"attachment-thumbnail size-thumbnail wp-image-4386\" alt=\"\" srcset=\"https:\/\/www.ufsm.br\/app\/uploads\/sites\/346\/2020\/09\/ODS_17-150x150.jpg 150w, https:\/\/www.ufsm.br\/app\/uploads\/sites\/346\/2020\/09\/ODS_17-300x300.jpg 300w, https:\/\/www.ufsm.br\/app\/uploads\/sites\/346\/2020\/09\/ODS_17-1024x1024.jpg 1024w, https:\/\/www.ufsm.br\/app\/uploads\/sites\/346\/2020\/09\/ODS_17-768x768.jpg 768w, https:\/\/www.ufsm.br\/app\/uploads\/sites\/346\/2020\/09\/ODS_17-1536x1536.jpg 1536w, https:\/\/www.ufsm.br\/app\/uploads\/sites\/346\/2020\/09\/ODS_17.jpg 1920w\" sizes=\"(max-width: 150px) 100vw, 150px\" \/>\t\t\t\t\t\t\t\t<\/a>\n\t\t\t\t\t\t\t\t\t\t\t<figcaption class=\"widget-image-caption wp-caption-text\">ODS 17<\/figcaption>\n\t\t\t\t\t\t\t\t\t\t<\/figure>\n\t\t\t\t\t\t\t<\/div>\n\t\t\t\t<\/div>\n\t\t\t\t\t<\/div>\n\t\t<\/div>\n\t\t\t\t\t<\/div>\n\t\t<\/section>\n\t\t\t\t<\/div>\n\t\t","protected":false},"excerpt":{"rendered":"<p>A Pr\u00f3-Reitoria de Extens\u00e3o (PRE) da UFSM, atrav\u00e9s da Coordenadoria de Articula\u00e7\u00e3o e Fomento \u00e0 Extens\u00e3o, divulgou, nesta ter\u00e7a (13), a programa\u00e7\u00e3o do Sal\u00e3o de Extens\u00e3o 2020. O evento ser\u00e1 realizado em paralelo \u00e0 Jornada Acad\u00eamica Integrada (JAI), entre os dias 19 e 23 de outubro. Ao todo, o evento receber\u00e1 a apresenta\u00e7\u00e3o de mais [&hellip;]<\/p>\n","protected":false},"author":1452,"featured_media":4884,"comment_status":"closed","ping_status":"closed","sticky":false,"template":"","format":"standard","meta":{"footnotes":""},"categories":[10],"tags":[318,312,105,369,364,335,342,368],"class_list":["post-4764","post","type-post","status-publish","format-standard","has-post-thumbnail","hentry","category-destaques","tag-articulacao-e-fomento-a-extensao","tag-eventos","tag-fiex","tag-jai","tag-ods-04","tag-ods-16","tag-ods-17","tag-salao-da-extensao"],"acf":[],"_links":{"self":[{"href":"https:\/\/www.ufsm.br\/pro-reitorias\/pre\/wp-json\/wp\/v2\/posts\/4764","targetHints":{"allow":["GET"]}}],"collection":[{"href":"https:\/\/www.ufsm.br\/pro-reitorias\/pre\/wp-json\/wp\/v2\/posts"}],"about":[{"href":"https:\/\/www.ufsm.br\/pro-reitorias\/pre\/wp-json\/wp\/v2\/types\/post"}],"author":[{"embeddable":true,"href":"https:\/\/www.ufsm.br\/pro-reitorias\/pre\/wp-json\/wp\/v2\/users\/1452"}],"replies":[{"embeddable":true,"href":"https:\/\/www.ufsm.br\/pro-reitorias\/pre\/wp-json\/wp\/v2\/comments?post=4764"}],"version-history":[{"count":0,"href":"https:\/\/www.ufsm.br\/pro-reitorias\/pre\/wp-json\/wp\/v2\/posts\/4764\/revisions"}],"wp:featuredmedia":[{"embeddable":true,"href":"https:\/\/www.ufsm.br\/pro-reitorias\/pre\/wp-json\/wp\/v2\/media\/4884"}],"wp:attachment":[{"href":"https:\/\/www.ufsm.br\/pro-reitorias\/pre\/wp-json\/wp\/v2\/media?parent=4764"}],"wp:term":[{"taxonomy":"category","embeddable":true,"href":"https:\/\/www.ufsm.br\/pro-reitorias\/pre\/wp-json\/wp\/v2\/categories?post=4764"},{"taxonomy":"post_tag","embeddable":true,"href":"https:\/\/www.ufsm.br\/pro-reitorias\/pre\/wp-json\/wp\/v2\/tags?post=4764"}],"curies":[{"name":"wp","href":"https:\/\/api.w.org\/{rel}","templated":true}]}}