{"id":5179,"date":"2020-12-23T09:35:34","date_gmt":"2020-12-23T12:35:34","guid":{"rendered":"https:\/\/www.ufsm.br\/pro-reitorias\/pre\/?p=5179"},"modified":"2020-12-23T10:14:07","modified_gmt":"2020-12-23T13:14:07","slug":"fundo-de-incentivo-a-extensao-recebe-propostas-de-acoes-ate-09-de-abril","status":"publish","type":"post","link":"https:\/\/www.ufsm.br\/pro-reitorias\/pre\/2020\/12\/23\/fundo-de-incentivo-a-extensao-recebe-propostas-de-acoes-ate-09-de-abril","title":{"rendered":"Fundo de Incentivo \u00e0 Extens\u00e3o recebe propostas de a\u00e7\u00f5es at\u00e9 09 de abril"},"content":{"rendered":"\t\t<div data-elementor-type=\"wp-post\" data-elementor-id=\"5179\" class=\"elementor elementor-5179\">\n\t\t\t\t\t\t<section class=\"elementor-section elementor-top-section elementor-element elementor-element-61034b6 elementor-section-boxed elementor-section-height-default elementor-section-height-default\" data-id=\"61034b6\" data-element_type=\"section\">\n\t\t\t\t\t\t<div class=\"elementor-container elementor-column-gap-default\">\n\t\t\t\t\t<div class=\"elementor-column elementor-col-100 elementor-top-column elementor-element elementor-element-de8230b\" data-id=\"de8230b\" data-element_type=\"column\">\n\t\t\t<div class=\"elementor-widget-wrap elementor-element-populated\">\n\t\t\t\t\t\t<div class=\"elementor-element elementor-element-e68e1ab elementor-widget elementor-widget-text-editor\" data-id=\"e68e1ab\" data-element_type=\"widget\" data-widget_type=\"text-editor.default\">\n\t\t\t\t<div class=\"elementor-widget-container\">\n\t\t\t\t\t\t\t<p style=\"text-align: justify\">Docentes e T\u00e9cnicos administrativos em Educa\u00e7\u00e3o dos quatro <i>campi<\/i> da UFSM podem submeter, at\u00e9 o dia 09 de abril de 2021, a\u00e7\u00f5es de extens\u00e3o (Projetos, Programas e Cursos) para o Fundo de Incentivo \u00e0 Extens\u00e3o (FIEX) 2021. As propostas devem ser encaminhadas via Portal do Professor ou Portal de Recursos Humanos da UFSM. Para concorrer ao FIEX, o coordenador da a\u00e7\u00e3o deve ser servidor da UFSM (t\u00e9cnico ou docente), ter a a\u00e7\u00e3o registrada no Portal de Projetos e estar lotado na Unidade de Ensino na qual o projeto est\u00e1 vinculado.<\/p><p style=\"text-align: justify\">O total de recursos destinados por a\u00e7\u00e3o pode chegar a at\u00e9 R$ 15 mil, atribu\u00eddos a di\u00e1rias; bolsas a estudantes (aux\u00edlio financeiro e eventuais); passagem e despesas de locomo\u00e7\u00e3o; material de consumo; servi\u00e7os de terceiros (pessoas f\u00edsicas e jur\u00eddicas); e obriga\u00e7\u00f5es tribut\u00e1rias.<\/p><p style=\"text-align: justify\">Mais informa\u00e7\u00f5es podem ser solicitadas pelo e-mail\u00a0<a href=\"mailto:cafe.pre@ufsm.br\">cafe.pre@ufsm.br<\/a>\u00a0ou acessadas no\u00a0<a href=\"https:\/\/www.ufsm.br\/pro-reitorias\/pre\/editais\/003-2020-4\/\">Edital FIEX 2021<\/a>.<\/p><p>\u00a0<\/p><p style=\"text-align: justify\"><strong>Mudan\u00e7as no Edital<\/strong><\/p><p style=\"text-align: justify\">Nesta edi\u00e7\u00e3o do FIEX, a Pr\u00f3-Reitoria de Extens\u00e3o (PRE) alterou um dos crit\u00e9rios para a avalia\u00e7\u00e3o das propostas. A partir deste ano, com F\u00f3rum Regional Permanente de Extens\u00e3o alinhado \u00e0 Agenda 2030, um dos crit\u00e9rios para a pontua\u00e7\u00e3o das a\u00e7\u00f5es ser\u00e1 a ades\u00e3o aos Objetivos de Desenvolvimento Sustent\u00e1vel (ODS) apontados pela comunidade. Nos quatro campi da UFSM, o ODS com maior vota\u00e7\u00e3o foi o 04 &#8211; Educa\u00e7\u00e3o de Qualidade. Para acessar o resultado completo, basta entrar neste <a href=\"https:\/\/www.ufsm.br\/pro-reitorias\/pre\/resultado-forum-2020\/\">link<\/a>.<\/p><p>\u00a0<\/p><p><em>Reda\u00e7\u00e3o: Wellington Felipe Hack\/Pr\u00f3-Reitoria de Extens\u00e3o<\/em><\/p>\t\t\t\t\t\t<\/div>\n\t\t\t\t<\/div>\n\t\t\t\t\t<\/div>\n\t\t<\/div>\n\t\t\t\t\t<\/div>\n\t\t<\/section>\n\t\t\t\t<section class=\"elementor-section elementor-top-section elementor-element elementor-element-1d97f64 elementor-section-boxed elementor-section-height-default elementor-section-height-default\" data-id=\"1d97f64\" data-element_type=\"section\">\n\t\t\t\t\t\t<div class=\"elementor-container elementor-column-gap-default\">\n\t\t\t\t\t<div class=\"elementor-column elementor-col-100 elementor-top-column elementor-element elementor-element-47db237\" data-id=\"47db237\" data-element_type=\"column\">\n\t\t\t<div class=\"elementor-widget-wrap elementor-element-populated\">\n\t\t\t\t\t\t<div class=\"elementor-element elementor-element-4ce1702 elementor-widget-divider--view-line elementor-widget elementor-widget-divider\" data-id=\"4ce1702\" data-element_type=\"widget\" data-widget_type=\"divider.default\">\n\t\t\t\t<div class=\"elementor-widget-container\">\n\t\t\t\t\t<div class=\"elementor-divider\">\n\t\t\t<span class=\"elementor-divider-separator\">\n\t\t\t\t\t\t<\/span>\n\t\t<\/div>\n\t\t\t\t<\/div>\n\t\t\t\t<\/div>\n\t\t\t\t\t<\/div>\n\t\t<\/div>\n\t\t\t\t\t<\/div>\n\t\t<\/section>\n\t\t\t\t<section class=\"elementor-section elementor-top-section elementor-element elementor-element-ad918d4 elementor-section-boxed elementor-section-height-default elementor-section-height-default\" data-id=\"ad918d4\" data-element_type=\"section\">\n\t\t\t\t\t\t<div class=\"elementor-container elementor-column-gap-default\">\n\t\t\t\t\t<div class=\"elementor-column elementor-col-100 elementor-top-column elementor-element elementor-element-7053532\" data-id=\"7053532\" data-element_type=\"column\">\n\t\t\t<div class=\"elementor-widget-wrap elementor-element-populated\">\n\t\t\t\t\t\t<div class=\"elementor-element elementor-element-4b04fb2 elementor-widget elementor-widget-heading\" data-id=\"4b04fb2\" data-element_type=\"widget\" data-widget_type=\"heading.default\">\n\t\t\t\t<div class=\"elementor-widget-container\">\n\t\t\t<h5 class=\"elementor-heading-title elementor-size-default\"><a href=\"https:\/\/www.ufsm.br\/pro-reitorias\/pre\/agenda-2030\/\">Agenda 2030 na UFSM<\/a><\/h5>\t\t<\/div>\n\t\t\t\t<\/div>\n\t\t\t\t<div class=\"elementor-element elementor-element-3fa2120 elementor-widget elementor-widget-text-editor\" data-id=\"3fa2120\" data-element_type=\"widget\" data-widget_type=\"text-editor.default\">\n\t\t\t\t<div class=\"elementor-widget-container\">\n\t\t\t\t\t\t\t<p style=\"color: #000000;font-size: 16px;text-align: center\">A a\u00e7\u00e3o de Extens\u00e3o apresentada neste texto atende aos seguintes\u00a0<span style=\"font-weight: bolder\">Objetivos de Desenvolvimento Sustent\u00e1vel (ODS).<\/span><\/p><p style=\"color: #000000;font-size: 16px;text-align: center\"><em>Acesse as imagens para saber mais sobre cada um deles.<\/em><\/p>\t\t\t\t\t\t<\/div>\n\t\t\t\t<\/div>\n\t\t\t\t\t<\/div>\n\t\t<\/div>\n\t\t\t\t\t<\/div>\n\t\t<\/section>\n\t\t\t\t<section class=\"elementor-section elementor-top-section elementor-element elementor-element-f4e2e30 elementor-section-boxed elementor-section-height-default elementor-section-height-default\" data-id=\"f4e2e30\" data-element_type=\"section\">\n\t\t\t\t\t\t<div class=\"elementor-container elementor-column-gap-default\">\n\t\t\t\t\t<div class=\"elementor-column elementor-col-33 elementor-top-column elementor-element elementor-element-d0d1fa3\" data-id=\"d0d1fa3\" data-element_type=\"column\">\n\t\t\t<div class=\"elementor-widget-wrap elementor-element-populated\">\n\t\t\t\t\t\t<div class=\"elementor-element elementor-element-5bfae1a elementor-widget elementor-widget-image\" data-id=\"5bfae1a\" data-element_type=\"widget\" data-widget_type=\"image.default\">\n\t\t\t\t<div class=\"elementor-widget-container\">\n\t\t\t\t\t\t\t\t\t\t<figure class=\"wp-caption\">\n\t\t\t\t\t\t\t\t\t\t\t<a href=\"http:\/\/www.agenda2030.com.br\/ods\/4\/\">\n\t\t\t\t\t\t\t<img decoding=\"async\" width=\"150\" height=\"150\" src=\"https:\/\/www.ufsm.br\/app\/uploads\/sites\/346\/2020\/09\/ODS_4-150x150.jpg\" class=\"attachment-thumbnail size-thumbnail wp-image-4373\" alt=\"\" srcset=\"https:\/\/www.ufsm.br\/app\/uploads\/sites\/346\/2020\/09\/ODS_4-150x150.jpg 150w, https:\/\/www.ufsm.br\/app\/uploads\/sites\/346\/2020\/09\/ODS_4-300x300.jpg 300w, https:\/\/www.ufsm.br\/app\/uploads\/sites\/346\/2020\/09\/ODS_4-1024x1024.jpg 1024w, https:\/\/www.ufsm.br\/app\/uploads\/sites\/346\/2020\/09\/ODS_4-768x768.jpg 768w, https:\/\/www.ufsm.br\/app\/uploads\/sites\/346\/2020\/09\/ODS_4-1536x1536.jpg 1536w, https:\/\/www.ufsm.br\/app\/uploads\/sites\/346\/2020\/09\/ODS_4.jpg 1920w\" sizes=\"(max-width: 150px) 100vw, 150px\" \/>\t\t\t\t\t\t\t\t<\/a>\n\t\t\t\t\t\t\t\t\t\t\t<figcaption class=\"widget-image-caption wp-caption-text\">ODS 4<\/figcaption>\n\t\t\t\t\t\t\t\t\t\t<\/figure>\n\t\t\t\t\t\t\t<\/div>\n\t\t\t\t<\/div>\n\t\t\t\t\t<\/div>\n\t\t<\/div>\n\t\t\t\t<div class=\"elementor-column elementor-col-33 elementor-top-column elementor-element elementor-element-248bac0\" data-id=\"248bac0\" data-element_type=\"column\">\n\t\t\t<div class=\"elementor-widget-wrap elementor-element-populated\">\n\t\t\t\t\t\t<div class=\"elementor-element elementor-element-031a3fe elementor-widget elementor-widget-image\" data-id=\"031a3fe\" data-element_type=\"widget\" data-widget_type=\"image.default\">\n\t\t\t\t<div class=\"elementor-widget-container\">\n\t\t\t\t\t\t\t\t\t\t<figure class=\"wp-caption\">\n\t\t\t\t\t\t\t\t\t\t\t<a href=\"http:\/\/www.agenda2030.com.br\/ods\/16\/\">\n\t\t\t\t\t\t\t<img decoding=\"async\" width=\"150\" height=\"150\" src=\"https:\/\/www.ufsm.br\/app\/uploads\/sites\/346\/2020\/09\/ODS_16-150x150.jpg\" class=\"attachment-thumbnail size-thumbnail wp-image-4385\" alt=\"\" srcset=\"https:\/\/www.ufsm.br\/app\/uploads\/sites\/346\/2020\/09\/ODS_16-150x150.jpg 150w, https:\/\/www.ufsm.br\/app\/uploads\/sites\/346\/2020\/09\/ODS_16-300x300.jpg 300w, https:\/\/www.ufsm.br\/app\/uploads\/sites\/346\/2020\/09\/ODS_16-1024x1024.jpg 1024w, https:\/\/www.ufsm.br\/app\/uploads\/sites\/346\/2020\/09\/ODS_16-768x768.jpg 768w, https:\/\/www.ufsm.br\/app\/uploads\/sites\/346\/2020\/09\/ODS_16-1536x1536.jpg 1536w, https:\/\/www.ufsm.br\/app\/uploads\/sites\/346\/2020\/09\/ODS_16.jpg 1920w\" sizes=\"(max-width: 150px) 100vw, 150px\" \/>\t\t\t\t\t\t\t\t<\/a>\n\t\t\t\t\t\t\t\t\t\t\t<figcaption class=\"widget-image-caption wp-caption-text\">ODS 16<\/figcaption>\n\t\t\t\t\t\t\t\t\t\t<\/figure>\n\t\t\t\t\t\t\t<\/div>\n\t\t\t\t<\/div>\n\t\t\t\t\t<\/div>\n\t\t<\/div>\n\t\t\t\t<div class=\"elementor-column elementor-col-33 elementor-top-column elementor-element elementor-element-adbc14b\" data-id=\"adbc14b\" data-element_type=\"column\">\n\t\t\t<div class=\"elementor-widget-wrap elementor-element-populated\">\n\t\t\t\t\t\t<div class=\"elementor-element elementor-element-7d6c564 elementor-widget elementor-widget-image\" data-id=\"7d6c564\" data-element_type=\"widget\" data-widget_type=\"image.default\">\n\t\t\t\t<div class=\"elementor-widget-container\">\n\t\t\t\t\t\t\t\t\t\t<figure class=\"wp-caption\">\n\t\t\t\t\t\t\t\t\t\t\t<a href=\"http:\/\/www.agenda2030.com.br\/ods\/17\/\">\n\t\t\t\t\t\t\t<img decoding=\"async\" width=\"150\" height=\"150\" src=\"https:\/\/www.ufsm.br\/app\/uploads\/sites\/346\/2020\/09\/ODS_17-150x150.jpg\" class=\"attachment-thumbnail size-thumbnail wp-image-4386\" alt=\"\" srcset=\"https:\/\/www.ufsm.br\/app\/uploads\/sites\/346\/2020\/09\/ODS_17-150x150.jpg 150w, https:\/\/www.ufsm.br\/app\/uploads\/sites\/346\/2020\/09\/ODS_17-300x300.jpg 300w, https:\/\/www.ufsm.br\/app\/uploads\/sites\/346\/2020\/09\/ODS_17-1024x1024.jpg 1024w, https:\/\/www.ufsm.br\/app\/uploads\/sites\/346\/2020\/09\/ODS_17-768x768.jpg 768w, https:\/\/www.ufsm.br\/app\/uploads\/sites\/346\/2020\/09\/ODS_17-1536x1536.jpg 1536w, https:\/\/www.ufsm.br\/app\/uploads\/sites\/346\/2020\/09\/ODS_17.jpg 1920w\" sizes=\"(max-width: 150px) 100vw, 150px\" \/>\t\t\t\t\t\t\t\t<\/a>\n\t\t\t\t\t\t\t\t\t\t\t<figcaption class=\"widget-image-caption wp-caption-text\">ODS 17<\/figcaption>\n\t\t\t\t\t\t\t\t\t\t<\/figure>\n\t\t\t\t\t\t\t<\/div>\n\t\t\t\t<\/div>\n\t\t\t\t\t<\/div>\n\t\t<\/div>\n\t\t\t\t\t<\/div>\n\t\t<\/section>\n\t\t\t\t<\/div>\n\t\t","protected":false},"excerpt":{"rendered":"<p>Docentes e T\u00e9cnicos administrativos em Educa\u00e7\u00e3o dos quatro campi da UFSM podem submeter, at\u00e9 o dia 09 de abril de 2021, a\u00e7\u00f5es de extens\u00e3o (Projetos, Programas e Cursos) para o Fundo de Incentivo \u00e0 Extens\u00e3o (FIEX) 2021. As propostas devem ser encaminhadas via Portal do Professor ou Portal de Recursos Humanos da UFSM. Para concorrer [&hellip;]<\/p>\n","protected":false},"author":1452,"featured_media":3273,"comment_status":"closed","ping_status":"closed","sticky":false,"template":"","format":"standard","meta":{"footnotes":""},"categories":[400,276],"tags":[319,318,105,364,335,342],"class_list":["post-5179","post","type-post","status-publish","format-standard","has-post-thumbnail","hentry","category-desen-sustentavel","category-noticias","tag-agenda-2030","tag-articulacao-e-fomento-a-extensao","tag-fiex","tag-ods-04","tag-ods-16","tag-ods-17"],"acf":[],"_links":{"self":[{"href":"https:\/\/www.ufsm.br\/pro-reitorias\/pre\/wp-json\/wp\/v2\/posts\/5179","targetHints":{"allow":["GET"]}}],"collection":[{"href":"https:\/\/www.ufsm.br\/pro-reitorias\/pre\/wp-json\/wp\/v2\/posts"}],"about":[{"href":"https:\/\/www.ufsm.br\/pro-reitorias\/pre\/wp-json\/wp\/v2\/types\/post"}],"author":[{"embeddable":true,"href":"https:\/\/www.ufsm.br\/pro-reitorias\/pre\/wp-json\/wp\/v2\/users\/1452"}],"replies":[{"embeddable":true,"href":"https:\/\/www.ufsm.br\/pro-reitorias\/pre\/wp-json\/wp\/v2\/comments?post=5179"}],"version-history":[{"count":0,"href":"https:\/\/www.ufsm.br\/pro-reitorias\/pre\/wp-json\/wp\/v2\/posts\/5179\/revisions"}],"wp:featuredmedia":[{"embeddable":true,"href":"https:\/\/www.ufsm.br\/pro-reitorias\/pre\/wp-json\/wp\/v2\/media\/3273"}],"wp:attachment":[{"href":"https:\/\/www.ufsm.br\/pro-reitorias\/pre\/wp-json\/wp\/v2\/media?parent=5179"}],"wp:term":[{"taxonomy":"category","embeddable":true,"href":"https:\/\/www.ufsm.br\/pro-reitorias\/pre\/wp-json\/wp\/v2\/categories?post=5179"},{"taxonomy":"post_tag","embeddable":true,"href":"https:\/\/www.ufsm.br\/pro-reitorias\/pre\/wp-json\/wp\/v2\/tags?post=5179"}],"curies":[{"name":"wp","href":"https:\/\/api.w.org\/{rel}","templated":true}]}}