{"id":6269,"date":"2022-01-17T21:47:00","date_gmt":"2022-01-18T00:47:00","guid":{"rendered":"https:\/\/www.ufsm.br\/pro-reitorias\/pre\/?p=6269"},"modified":"2022-01-18T08:15:42","modified_gmt":"2022-01-18T11:15:42","slug":"ufsm-participara-do-projeto-rondon-2022-com-equipe-do-campus-frederico-westphalen","status":"publish","type":"post","link":"https:\/\/www.ufsm.br\/pro-reitorias\/pre\/2022\/01\/17\/ufsm-participara-do-projeto-rondon-2022-com-equipe-do-campus-frederico-westphalen","title":{"rendered":"UFSM participar\u00e1 do Projeto Rondon 2022 com equipe do campus Frederico Westphalen"},"content":{"rendered":"\t\t<div data-elementor-type=\"wp-post\" data-elementor-id=\"6269\" class=\"elementor elementor-6269\">\n\t\t\t\t\t\t<section class=\"elementor-section elementor-top-section elementor-element elementor-element-f64baa8 elementor-section-boxed elementor-section-height-default elementor-section-height-default\" data-id=\"f64baa8\" data-element_type=\"section\">\n\t\t\t\t\t\t<div class=\"elementor-container elementor-column-gap-default\">\n\t\t\t\t\t<div class=\"elementor-column elementor-col-100 elementor-top-column elementor-element elementor-element-09ed6b7\" data-id=\"09ed6b7\" data-element_type=\"column\">\n\t\t\t<div class=\"elementor-widget-wrap elementor-element-populated\">\n\t\t\t\t\t\t<div class=\"elementor-element elementor-element-f427661 elementor-widget elementor-widget-text-editor\" data-id=\"f427661\" data-element_type=\"widget\" data-widget_type=\"text-editor.default\">\n\t\t\t\t<div class=\"elementor-widget-container\">\n\t\t\t\t\t\t\t<p align=\"justify\"><span style=\"font-family: Times New Roman, serif\"><span style=\"font-size: medium\">Durante o m\u00eas de fevereiro, professores e estudantes da Universidade Federal de Santa Maria <i>campus<\/i> Frederico Westphalen (UFSM FW) participar\u00e3o, acompanhados de outras institui\u00e7\u00f5es <span style=\"color: #000000\"><span lang=\"pt-BR\">de ensino<\/span><\/span> superior do pa\u00eds, <span style=\"color: #000000\"><span lang=\"pt-BR\">d<\/span><\/span>a Opera\u00e7\u00e3o Amap\u00e1 Mais Forte, promovida pelo Projeto Rondon. A iniciativa, coordenada pelo Minist\u00e9rio da Defesa, tem como prop\u00f3sito contribuir com o desenvolvimento social e de cidadania <span style=\"color: #000000\"><span lang=\"pt-BR\">das<\/span><\/span> comunidades e <span style=\"color: #000000\"><span lang=\"pt-BR\">das<\/span><\/span> institui\u00e7\u00f5es participantes.<\/span><\/span><\/p>\n<figure id=\"attachment_6122\" aria-describedby=\"caption-attachment-6122\" style=\"width: 300px\" class=\"wp-caption alignleft\"><a href=\"https:\/\/www.ufsm.br\/app\/uploads\/sites\/346\/2021\/11\/WhatsApp-Image-2021-10-29-at-09.18.46.jpeg\"><img fetchpriority=\"high\" decoding=\"async\" class=\"size-medium wp-image-6122\" src=\"https:\/\/www.ufsm.br\/app\/uploads\/sites\/346\/2021\/11\/WhatsApp-Image-2021-10-29-at-09.18.46-300x225.jpeg\" alt=\"\" width=\"300\" height=\"225\" srcset=\"https:\/\/www.ufsm.br\/app\/uploads\/sites\/346\/2021\/11\/WhatsApp-Image-2021-10-29-at-09.18.46-300x225.jpeg 300w, https:\/\/www.ufsm.br\/app\/uploads\/sites\/346\/2021\/11\/WhatsApp-Image-2021-10-29-at-09.18.46-1024x768.jpeg 1024w, https:\/\/www.ufsm.br\/app\/uploads\/sites\/346\/2021\/11\/WhatsApp-Image-2021-10-29-at-09.18.46-768x576.jpeg 768w, https:\/\/www.ufsm.br\/app\/uploads\/sites\/346\/2021\/11\/WhatsApp-Image-2021-10-29-at-09.18.46-1536x1152.jpeg 1536w, https:\/\/www.ufsm.br\/app\/uploads\/sites\/346\/2021\/11\/WhatsApp-Image-2021-10-29-at-09.18.46.jpeg 1600w\" sizes=\"(max-width: 300px) 100vw, 300px\" \/><\/a><figcaption id=\"caption-attachment-6122\" class=\"wp-caption-text\">Reuni\u00e3o do comit\u00ea Rondon do Munic\u00edpio de Mazag\u00e3o (AP). A a\u00e7\u00e3o faz parte das atividades precursoras da opera\u00e7\u00e3o Amap\u00e1 mais Forte<\/figcaption><\/figure>\n<p align=\"justify\"><span style=\"font-family: Times New Roman, serif\"><span style=\"font-size: medium\">Ao todo, a Opera\u00e7\u00e3o Amap\u00e1 Mais Forte atender\u00e1 11 munic\u00edpios no norte do Brasil. A equipe frederiquense, selecionada por meio de um edital da Pr\u00f3-Reitoria de Extens\u00e3o (PRE), <span style=\"color: #000000\"><span lang=\"pt-BR\">atuar\u00e1<\/span><\/span> na cidade de Mazag\u00e3o, regi\u00e3o sul do estado do Amap\u00e1 (AP), junto a outra equipe do <span style=\"color: #202124\">Centro Universit\u00e1rio do Esp\u00edrito Santo <\/span><span style=\"color: #202124\">(<\/span>UNESC). \u201cA expectativa \u00e9 grande, nos preparamos muito para proporcionar o melhor para as pessoas que estar\u00e3o nos recebendo\u201d, destaca a graduanda em Rela\u00e7\u00f5es P\u00fablicas e integrante da equipe, Maria Gabrielle Sousa. <\/span><\/span><\/p>\n<p align=\"justify\"><span style=\"font-family: Times New Roman, serif\"><span style=\"font-size: medium\">O projeto Rondon se caracteriza pelas suas a\u00e7\u00f5es multiplicadoras, assim, nos \u00faltimos 16 anos, mais de 85 opera\u00e7\u00f5es j\u00e1 foram realizadas, capacitando mais de 2 milh\u00f5es de pessoas em diversas comunidades do Brasil. \u201cN\u00f3s levamos alternativas, melhorias e, at\u00e9 mesmo, melhoria de vida\u201d, afirma a professora coordenadora do projeto da UFSM FW, Gizelli Moiano.<\/span><\/span><\/p>\n<p align=\"justify\"><span style=\"font-family: Times New Roman, serif\"><span style=\"font-size: medium\">Durante o m\u00eas de janeiro, os graduandos de Agronomia, Engenharia Ambiental e Sanit\u00e1ria, Engenharia Florestal e Rela\u00e7\u00f5es P\u00fablicas finalizam as oficinas que ser\u00e3o desenvolvidas junto \u00e0 cidade de Mazag\u00e3o (AP). <span style=\"color: #000000\"><span lang=\"pt-BR\">As<\/span><\/span> capacita\u00e7\u00f5es foram pensadas para o alcance equitativo e igualit\u00e1rio na comunidade. \u201cConstru\u00edmos uma proposta din\u00e2mica e atrativa que ser\u00e1 capaz de atender diferentes p\u00fablicos, desde crian\u00e7as at\u00e9 idosos\u201d, destaca o professor da UFSM FW e coordenador do projeto <span style=\"color: #000000\"><span lang=\"pt-BR\">participante da<\/span><\/span> Opera\u00e7\u00e3o, Edner Baumhardt.<\/span><\/span><\/p>\n<p align=\"justify\"><span style=\"font-family: Times New Roman, serif\"><span style=\"font-size: medium\"><b>Parceria<\/b><\/span><\/span><\/p>\n<p align=\"justify\"><span style=\"font-family: Times New Roman, serif\"><span style=\"font-size: medium\"><b><\/b>Al\u00e9m do Minist\u00e9rio da Defesa, contribuem para a realiza\u00e7\u00e3o do Projeto Rondon os Minist\u00e9rios da Agricultura, Pecu\u00e1ria e Abastecimento (MAPA); da Educa\u00e7\u00e3o (MEC); da Cidadania; da Sa\u00fade; do Meio Ambiente; do Desenvolvimento Regional; e a Secretaria de Governo da Presid\u00eancia da Rep\u00fablica.<\/span><\/span><\/p>\n<p align=\"justify\">\n<\/p><p align=\"justify\"><em><span style=\"font-family: Times New Roman, serif\"><span style=\"font-size: medium\">Reda\u00e7\u00e3o e fotos: Equipe Amap\u00e1 Mais Forte UFSM<\/span><\/span><\/em><\/p>\n<p align=\"justify\"><em><span style=\"font-family: Times New Roman, serif\"><span style=\"font-size: medium\">Edi\u00e7\u00e3o: Wellington Hack\/Pr\u00f3-Reitoria de Extens\u00e3o UFSM<\/span><\/span><\/em><\/p>\t\t\t\t\t\t<\/div>\n\t\t\t\t<\/div>\n\t\t\t\t\t<\/div>\n\t\t<\/div>\n\t\t\t\t\t<\/div>\n\t\t<\/section>\n\t\t\t\t<\/div>\n\t\t","protected":false},"excerpt":{"rendered":"<p>Equipe atuar\u00e1 na Opera\u00e7\u00e3o Amap\u00e1 Mais Forte, no extremo norte do Brasil<\/p>\n","protected":false},"author":1452,"featured_media":6124,"comment_status":"closed","ping_status":"closed","sticky":false,"template":"","format":"standard","meta":{"footnotes":""},"categories":[491],"tags":[551,341,335,342,514,321],"class_list":["post-6269","post","type-post","status-publish","format-standard","has-post-thumbnail","hentry","category-articulacao","tag-amapa-mais-forte","tag-ods-10","tag-ods-16","tag-ods-17","tag-projeto-rondon","tag-ufsm-frederico-westphalen"],"acf":[],"_links":{"self":[{"href":"https:\/\/www.ufsm.br\/pro-reitorias\/pre\/wp-json\/wp\/v2\/posts\/6269","targetHints":{"allow":["GET"]}}],"collection":[{"href":"https:\/\/www.ufsm.br\/pro-reitorias\/pre\/wp-json\/wp\/v2\/posts"}],"about":[{"href":"https:\/\/www.ufsm.br\/pro-reitorias\/pre\/wp-json\/wp\/v2\/types\/post"}],"author":[{"embeddable":true,"href":"https:\/\/www.ufsm.br\/pro-reitorias\/pre\/wp-json\/wp\/v2\/users\/1452"}],"replies":[{"embeddable":true,"href":"https:\/\/www.ufsm.br\/pro-reitorias\/pre\/wp-json\/wp\/v2\/comments?post=6269"}],"version-history":[{"count":0,"href":"https:\/\/www.ufsm.br\/pro-reitorias\/pre\/wp-json\/wp\/v2\/posts\/6269\/revisions"}],"wp:featuredmedia":[{"embeddable":true,"href":"https:\/\/www.ufsm.br\/pro-reitorias\/pre\/wp-json\/wp\/v2\/media\/6124"}],"wp:attachment":[{"href":"https:\/\/www.ufsm.br\/pro-reitorias\/pre\/wp-json\/wp\/v2\/media?parent=6269"}],"wp:term":[{"taxonomy":"category","embeddable":true,"href":"https:\/\/www.ufsm.br\/pro-reitorias\/pre\/wp-json\/wp\/v2\/categories?post=6269"},{"taxonomy":"post_tag","embeddable":true,"href":"https:\/\/www.ufsm.br\/pro-reitorias\/pre\/wp-json\/wp\/v2\/tags?post=6269"}],"curies":[{"name":"wp","href":"https:\/\/api.w.org\/{rel}","templated":true}]}}