{"id":674,"date":"2017-12-18T18:22:09","date_gmt":"2017-12-18T20:22:09","guid":{"rendered":"https:\/\/www.ufsm.br\/pro-reitorias\/pre\/2017\/12\/18\/membros-externos-da-is-ufsm\/"},"modified":"2017-12-18T18:22:09","modified_gmt":"2017-12-18T20:22:09","slug":"membros-externos-da-is-ufsm","status":"publish","type":"post","link":"https:\/\/www.ufsm.br\/pro-reitorias\/pre\/2017\/12\/18\/membros-externos-da-is-ufsm","title":{"rendered":"Reabertura de Chamada P\u00fablica para membros externos do Colegiado Gestor da Incubadora Social da UFSM"},"content":{"rendered":"<p style=\"text-align: justify;\"><span style=\"font-family: Arial, sans-serif; font-size: 12pt;\">Reaberto per\u00edodo de&nbsp;<\/span><span style=\"font-family: Arial, sans-serif; font-size: 12pt;\">indica\u00e7\u00f5es de<\/span><span style=\"font-family: Arial, sans-serif; font-size: 12pt;\">&nbsp;<\/span><span style=\"font-family: Arial, sans-serif; font-size: 12pt;\">representantes da<\/span><span style=\"font-family: Arial, sans-serif; font-size: 12pt;\"> <\/span><span style=\"font-family: Arial, sans-serif; font-size: 12pt;\">comunidade externa<\/span><span style=\"font-family: Arial, sans-serif; font-size: 12pt;\"> para compor o Colegiado Gestor da Incubadora Social da Universidade Federal de Santa Maria (IS-UFSM).<\/span><\/p>\n<p style=\"text-align: justify;\"><span style=\"font-family: Arial, sans-serif; font-size: 12pt;\">Qualquer institui\u00e7\u00e3o ou organiza\u00e7\u00e3o que atue junto a grupos em vulnerabilidade social pode indicar um representante.&nbsp;<span style=\"font-family: Arial, sans-serif; font-size: 16px; text-align: justify;\">A secretaria da IS-UFSM receber\u00e1 as indica\u00e7\u00f5es at\u00e9 18 de janeiro de 2018.&nbsp;<\/span><\/span><span style=\"font-family: Arial, sans-serif; font-size: 12pt;\"><span>Leia aqui a&nbsp;<a href=\"https:\/\/www.ufsm.br\/pro-reitorias\/pre\/wp-content\/uploads\/sites\/346\/2017\/12\/CHAMADA_PUBLICA_MEMBROS_EXTERNOS_18.12.2017.pdf\">Chamada p\u00fablica<\/a>&nbsp;com todas as informa\u00e7\u00f5es.<\/span><\/span><\/p>\n","protected":false},"excerpt":{"rendered":"<p>Reaberto per\u00edodo de&nbsp;indica\u00e7\u00f5es de&nbsp;representantes da comunidade externa para compor o Colegiado Gestor da Incubadora Social da Universidade Federal de Santa Maria (IS-UFSM). Qualquer institui\u00e7\u00e3o ou organiza\u00e7\u00e3o que atue junto a grupos em vulnerabilidade social pode indicar um representante.&nbsp;A secretaria da IS-UFSM receber\u00e1 as indica\u00e7\u00f5es at\u00e9 18 de janeiro de 2018.&nbsp;Leia aqui a&nbsp;Chamada p\u00fablica&nbsp;com todas as [&hellip;]<\/p>\n","protected":false},"author":47,"featured_media":0,"comment_status":"closed","ping_status":"closed","sticky":false,"template":"","format":"standard","meta":{"footnotes":""},"categories":[1],"tags":[],"class_list":["post-674","post","type-post","status-publish","format-standard","hentry","category-sem-categoria"],"acf":[],"_links":{"self":[{"href":"https:\/\/www.ufsm.br\/pro-reitorias\/pre\/wp-json\/wp\/v2\/posts\/674","targetHints":{"allow":["GET"]}}],"collection":[{"href":"https:\/\/www.ufsm.br\/pro-reitorias\/pre\/wp-json\/wp\/v2\/posts"}],"about":[{"href":"https:\/\/www.ufsm.br\/pro-reitorias\/pre\/wp-json\/wp\/v2\/types\/post"}],"author":[{"embeddable":true,"href":"https:\/\/www.ufsm.br\/pro-reitorias\/pre\/wp-json\/wp\/v2\/users\/47"}],"replies":[{"embeddable":true,"href":"https:\/\/www.ufsm.br\/pro-reitorias\/pre\/wp-json\/wp\/v2\/comments?post=674"}],"version-history":[{"count":0,"href":"https:\/\/www.ufsm.br\/pro-reitorias\/pre\/wp-json\/wp\/v2\/posts\/674\/revisions"}],"wp:attachment":[{"href":"https:\/\/www.ufsm.br\/pro-reitorias\/pre\/wp-json\/wp\/v2\/media?parent=674"}],"wp:term":[{"taxonomy":"category","embeddable":true,"href":"https:\/\/www.ufsm.br\/pro-reitorias\/pre\/wp-json\/wp\/v2\/categories?post=674"},{"taxonomy":"post_tag","embeddable":true,"href":"https:\/\/www.ufsm.br\/pro-reitorias\/pre\/wp-json\/wp\/v2\/tags?post=674"}],"curies":[{"name":"wp","href":"https:\/\/api.w.org\/{rel}","templated":true}]}}