{"id":7114,"date":"2022-10-19T16:51:15","date_gmt":"2022-10-19T19:51:15","guid":{"rendered":"https:\/\/www.ufsm.br\/pro-reitorias\/pre\/?p=7114"},"modified":"2022-10-19T17:21:19","modified_gmt":"2022-10-19T20:21:19","slug":"inscricoes-do-edital-de-fomento-a-projetos-de-extensao-pnvs-comunidade-seguem-abertas-ate-segunda-feira-24","status":"publish","type":"post","link":"https:\/\/www.ufsm.br\/pro-reitorias\/pre\/2022\/10\/19\/inscricoes-do-edital-de-fomento-a-projetos-de-extensao-pnvs-comunidade-seguem-abertas-ate-segunda-feira-24","title":{"rendered":"Inscri\u00e7\u00f5es do Edital de Fomento a Projetos de Extens\u00e3o PNVS-Comunidade seguem abertas at\u00e9 segunda-feira (24)"},"content":{"rendered":"\t\t<div data-elementor-type=\"wp-post\" data-elementor-id=\"7114\" class=\"elementor elementor-7114\">\n\t\t\t\t\t\t<section class=\"elementor-section elementor-top-section elementor-element elementor-element-7de13ae elementor-section-boxed elementor-section-height-default elementor-section-height-default\" data-id=\"7de13ae\" data-element_type=\"section\">\n\t\t\t\t\t\t<div class=\"elementor-container elementor-column-gap-default\">\n\t\t\t\t\t<div class=\"elementor-column elementor-col-100 elementor-top-column elementor-element elementor-element-5ef4c05\" data-id=\"5ef4c05\" data-element_type=\"column\">\n\t\t\t<div class=\"elementor-widget-wrap elementor-element-populated\">\n\t\t\t\t\t\t<div class=\"elementor-element elementor-element-cd73884 elementor-widget elementor-widget-text-editor\" data-id=\"cd73884\" data-element_type=\"widget\" data-widget_type=\"text-editor.default\">\n\t\t\t\t<div class=\"elementor-widget-container\">\n\t\t\t\t\t\t\t<p><span style=\"font-weight: 400\">At\u00e9 a pr\u00f3xima segunda-feira (24), seguem abertas as inscri\u00e7\u00f5es relativas ao <\/span><a href=\"http:\/\/dex.unb.br\/editalpnvs\"><span style=\"font-weight: 400\">Edital<\/span><\/a><span style=\"font-weight: 400\"> para Fomento de Projetos de Extens\u00e3o voltados ao Programa PNVS-Comunidade, que tem como objetivo selecionar propostas de Institui\u00e7\u00f5es P\u00fablicas de Ensino Superior (IPES) interessadas em implementar e fortalecer a\u00e7\u00f5es referentes \u00e0 Pol\u00edtica Nacional de Vigil\u00e2ncia em Sa\u00fade (PNVS). As inscri\u00e7\u00f5es devem ser realizadas mediante <\/span><a href=\"https:\/\/docs.google.com\/forms\/d\/e\/1FAIpQLSfSKLg1q4IXqnE66EpPHQOQ96E9VpgGFRLTlauUehhAmWVtdw\/viewform\"><span style=\"font-weight: 400\">formul\u00e1rio eletr\u00f4nico<\/span><\/a><span style=\"font-weight: 400\">.&nbsp;<\/span><\/p>\n<p><span style=\"font-weight: 400\">Ser\u00e3o selecionados 20 projetos, que&nbsp; devem contemplar parcerias interinstitucionais entre as IPES e a comunidade,&nbsp; incluindo lideran\u00e7as comunit\u00e1rias, movimentos sociais e organiza\u00e7\u00f5es da sociedade civil. <\/span><span style=\"font-weight: 400\">O Programa PNVS-Comunidade \u00e9 uma parceria entre o Minist\u00e9rio da Sa\u00fade, o Sistema \u00danico de Sa\u00fade (SUS), o Decanato de Extens\u00e3o da Universidade de Bras\u00edlia (Dex\/UnB), o F\u00f3rum de Pr\u00f3-reitores de Extens\u00e3o das Institui\u00e7\u00f5es P\u00fablicas de Educa\u00e7\u00e3o Superior Brasileiras (Forproex) e a Federa\u00e7\u00e3o Nacional dos Farmac\u00eauticos (Fenafar).&nbsp;<\/span><\/p>\n<p><span style=\"font-weight: 400\">Mais informa\u00e7\u00f5es podem ser obtidas no site <a href=\"http:\/\/pnvscomunidade.org.br\/\">pnvscomunidade.org.br<\/a>.<\/span><\/p>\t\t\t\t\t\t<\/div>\n\t\t\t\t<\/div>\n\t\t\t\t\t<\/div>\n\t\t<\/div>\n\t\t\t\t\t<\/div>\n\t\t<\/section>\n\t\t\t\t<\/div>\n\t\t","protected":false},"excerpt":{"rendered":"<p>O Edital selecionar\u00e1 20 projetos interessados em implementar e fortalecer a\u00e7\u00f5es referentes \u00e0 PNVS<\/p>\n","protected":false},"author":5698,"featured_media":7119,"comment_status":"closed","ping_status":"closed","sticky":false,"template":"","format":"standard","meta":{"footnotes":""},"categories":[491,492,494,276,278],"tags":[318],"class_list":["post-7114","post","type-post","status-publish","format-standard","has-post-thumbnail","hentry","category-articulacao","category-divulgacao","category-inovacao","category-noticias","category-saude-be","tag-articulacao-e-fomento-a-extensao"],"acf":[],"_links":{"self":[{"href":"https:\/\/www.ufsm.br\/pro-reitorias\/pre\/wp-json\/wp\/v2\/posts\/7114","targetHints":{"allow":["GET"]}}],"collection":[{"href":"https:\/\/www.ufsm.br\/pro-reitorias\/pre\/wp-json\/wp\/v2\/posts"}],"about":[{"href":"https:\/\/www.ufsm.br\/pro-reitorias\/pre\/wp-json\/wp\/v2\/types\/post"}],"author":[{"embeddable":true,"href":"https:\/\/www.ufsm.br\/pro-reitorias\/pre\/wp-json\/wp\/v2\/users\/5698"}],"replies":[{"embeddable":true,"href":"https:\/\/www.ufsm.br\/pro-reitorias\/pre\/wp-json\/wp\/v2\/comments?post=7114"}],"version-history":[{"count":0,"href":"https:\/\/www.ufsm.br\/pro-reitorias\/pre\/wp-json\/wp\/v2\/posts\/7114\/revisions"}],"wp:featuredmedia":[{"embeddable":true,"href":"https:\/\/www.ufsm.br\/pro-reitorias\/pre\/wp-json\/wp\/v2\/media\/7119"}],"wp:attachment":[{"href":"https:\/\/www.ufsm.br\/pro-reitorias\/pre\/wp-json\/wp\/v2\/media?parent=7114"}],"wp:term":[{"taxonomy":"category","embeddable":true,"href":"https:\/\/www.ufsm.br\/pro-reitorias\/pre\/wp-json\/wp\/v2\/categories?post=7114"},{"taxonomy":"post_tag","embeddable":true,"href":"https:\/\/www.ufsm.br\/pro-reitorias\/pre\/wp-json\/wp\/v2\/tags?post=7114"}],"curies":[{"name":"wp","href":"https:\/\/api.w.org\/{rel}","templated":true}]}}