{"id":7341,"date":"2023-02-23T11:18:03","date_gmt":"2023-02-23T14:18:03","guid":{"rendered":"https:\/\/www.ufsm.br\/pro-reitorias\/pre\/?p=7341"},"modified":"2023-02-23T11:25:10","modified_gmt":"2023-02-23T14:25:10","slug":"projeto-da-ufsm-atua-ha-mais-de-20-anos-na-preparacao-para-o-ingresso-no-ensino-superior","status":"publish","type":"post","link":"https:\/\/www.ufsm.br\/pro-reitorias\/pre\/2023\/02\/23\/projeto-da-ufsm-atua-ha-mais-de-20-anos-na-preparacao-para-o-ingresso-no-ensino-superior","title":{"rendered":"Projeto da UFSM atua h\u00e1 mais de 20 anos na prepara\u00e7\u00e3o para o ingresso no ensino superior"},"content":{"rendered":"\t\t<div data-elementor-type=\"wp-post\" data-elementor-id=\"7341\" class=\"elementor elementor-7341\">\n\t\t\t\t\t\t<section class=\"elementor-section elementor-top-section elementor-element elementor-element-e2d825a elementor-section-boxed elementor-section-height-default elementor-section-height-default\" data-id=\"e2d825a\" data-element_type=\"section\">\n\t\t\t\t\t\t<div class=\"elementor-container elementor-column-gap-default\">\n\t\t\t\t\t<div class=\"elementor-column elementor-col-100 elementor-top-column elementor-element elementor-element-537ffb1\" data-id=\"537ffb1\" data-element_type=\"column\">\n\t\t\t<div class=\"elementor-widget-wrap elementor-element-populated\">\n\t\t\t\t\t\t<div class=\"elementor-element elementor-element-b5c74d7 elementor-widget elementor-widget-text-editor\" data-id=\"b5c74d7\" data-element_type=\"widget\" data-widget_type=\"text-editor.default\">\n\t\t\t\t<div class=\"elementor-widget-container\">\n\t\t\t\t\t\t\t<p><span style=\"font-weight: 400\">As a\u00e7\u00f5es extensionistas da Universidade Federal de Santa Maria (UFSM) visam articular os conhecimentos acad\u00eamicos ao desenvolvimento social, ligando a educa\u00e7\u00e3o \u00e0 comunidade. Um dos projetos que buscam responder a esse objetivo \u00e9 o <\/span><i><span style=\"font-weight: 400\">Pr\u00e9-Universit\u00e1rio Popular Alternativa<\/span><\/i><span style=\"font-weight: 400\"> (PUPA). A iniciativa atua h\u00e1 mais de 20 anos na prepara\u00e7\u00e3o de estudantes para o ingresso no ensino superior, por meio de aulas ministradas por alunos de universidades da regi\u00e3o interessados em ensinar e fortalecer a pr\u00f3pria forma\u00e7\u00e3o pedag\u00f3gica. <\/span><span style=\"font-weight: 400\">Ainda em fevereiro, o Projeto de Extens\u00e3o pretende divulgar o edital anual relativo ao seu processo seletivo, que oferta em torno de 120 vagas para 2023.\u00a0<\/span><span style=\"color: #000000;font-size: 16px;font-weight: var( --e-global-typography-text-font-weight );text-align: var(--bs-body-text-align)\">Totalmente gratuito, o curso busca a democratiza\u00e7\u00e3o do acesso \u00e0 educa\u00e7\u00e3o.<\/span><span style=\"color: #000000;font-size: 16px;font-weight: var( --e-global-typography-text-font-weight );text-align: var(--bs-body-text-align)\">\u00a0<\/span><\/p><p><span style=\"font-weight: 400\">Localizado no centro de Santa Maria (RS), o <\/span><i><span style=\"font-weight: 400\">Alternativa <\/span><\/i><span style=\"font-weight: 400\">\u00e9 uma das <\/span><a href=\"https:\/\/www.ufsm.br\/pro-reitorias\/pre\/2021\/05\/10\/conheca-as-acoes-que-atuarao-no-espaco-da-antiga-reitoria-ufsm\"><span style=\"font-weight: 400\">dez a\u00e7\u00f5es<\/span><\/a><span style=\"font-weight: 400\"> situadas no Espa\u00e7o de A\u00e7\u00f5es Comunit\u00e1rias e Empreendedoras (Antiga Reitoria), onde ocupa a sala 602, de uso exclusivo, al\u00e9m das 601, 602, 603 e 608, de uso compartilhado. As aulas acontecem nas noites de segunda \u00e0 sexta-feira e nas tardes de s\u00e1bado. Acerca do local, Henrique da Rosa, coordenador executivo do projeto, relat<\/span><span style=\"font-weight: 400\">a: \u201cAqui \u00e9 um ponto de converg\u00eancia. Temos educandos e educadores de todas as regi\u00f5es da cidade, ent\u00e3o a localiza\u00e7\u00e3o central facilita o encontro. Inclusive, muitos deles estudam e\/ou trabalham e participam das nossas aulas durante \u00e0 noite, de modo que a centralidade tamb\u00e9m ajuda a reduzir o tempo que muitos deles passariam no transporte p\u00fablico\u201d.<\/span><\/p>\t\t\t\t\t\t<\/div>\n\t\t\t\t<\/div>\n\t\t\t\t\t<\/div>\n\t\t<\/div>\n\t\t\t\t\t<\/div>\n\t\t<\/section>\n\t\t\t\t<section class=\"elementor-section elementor-top-section elementor-element elementor-element-9f62d6e elementor-section-boxed elementor-section-height-default elementor-section-height-default\" data-id=\"9f62d6e\" data-element_type=\"section\">\n\t\t\t\t\t\t<div class=\"elementor-container elementor-column-gap-default\">\n\t\t\t\t\t<div class=\"elementor-column elementor-col-50 elementor-top-column elementor-element elementor-element-dfb3b1e\" data-id=\"dfb3b1e\" data-element_type=\"column\">\n\t\t\t<div class=\"elementor-widget-wrap elementor-element-populated\">\n\t\t\t\t\t\t<div class=\"elementor-element elementor-element-59a54d7 elementor-widget elementor-widget-image\" data-id=\"59a54d7\" data-element_type=\"widget\" data-widget_type=\"image.default\">\n\t\t\t\t<div class=\"elementor-widget-container\">\n\t\t\t\t\t\t\t\t\t\t\t\t\t<img fetchpriority=\"high\" decoding=\"async\" width=\"1024\" height=\"683\" src=\"https:\/\/www.ufsm.br\/app\/uploads\/sites\/346\/2023\/02\/DSC_0048-1024x683.jpg\" class=\"attachment-large size-large wp-image-7344\" alt=\"\" srcset=\"https:\/\/www.ufsm.br\/app\/uploads\/sites\/346\/2023\/02\/DSC_0048-1024x683.jpg 1024w, https:\/\/www.ufsm.br\/app\/uploads\/sites\/346\/2023\/02\/DSC_0048-300x200.jpg 300w, https:\/\/www.ufsm.br\/app\/uploads\/sites\/346\/2023\/02\/DSC_0048-768x512.jpg 768w, https:\/\/www.ufsm.br\/app\/uploads\/sites\/346\/2023\/02\/DSC_0048-1536x1024.jpg 1536w, https:\/\/www.ufsm.br\/app\/uploads\/sites\/346\/2023\/02\/DSC_0048-272x182.jpg 272w, https:\/\/www.ufsm.br\/app\/uploads\/sites\/346\/2023\/02\/DSC_0048.jpg 1920w\" sizes=\"(max-width: 1024px) 100vw, 1024px\" \/>\t\t\t\t\t\t\t\t\t\t\t\t\t<\/div>\n\t\t\t\t<\/div>\n\t\t\t\t\t<\/div>\n\t\t<\/div>\n\t\t\t\t<div class=\"elementor-column elementor-col-50 elementor-top-column elementor-element elementor-element-fe022c2\" data-id=\"fe022c2\" data-element_type=\"column\">\n\t\t\t<div class=\"elementor-widget-wrap elementor-element-populated\">\n\t\t\t\t\t\t<div class=\"elementor-element elementor-element-e140b92 elementor-widget elementor-widget-image\" data-id=\"e140b92\" data-element_type=\"widget\" data-widget_type=\"image.default\">\n\t\t\t\t<div class=\"elementor-widget-container\">\n\t\t\t\t\t\t\t\t\t\t\t\t\t<img decoding=\"async\" width=\"1024\" height=\"683\" src=\"https:\/\/www.ufsm.br\/app\/uploads\/sites\/346\/2023\/02\/DSC_0017-1024x683.jpg\" class=\"attachment-large size-large wp-image-7343\" alt=\"\" srcset=\"https:\/\/www.ufsm.br\/app\/uploads\/sites\/346\/2023\/02\/DSC_0017-1024x683.jpg 1024w, https:\/\/www.ufsm.br\/app\/uploads\/sites\/346\/2023\/02\/DSC_0017-300x200.jpg 300w, https:\/\/www.ufsm.br\/app\/uploads\/sites\/346\/2023\/02\/DSC_0017-768x512.jpg 768w, https:\/\/www.ufsm.br\/app\/uploads\/sites\/346\/2023\/02\/DSC_0017-1536x1024.jpg 1536w, https:\/\/www.ufsm.br\/app\/uploads\/sites\/346\/2023\/02\/DSC_0017-272x182.jpg 272w, https:\/\/www.ufsm.br\/app\/uploads\/sites\/346\/2023\/02\/DSC_0017.jpg 1920w\" sizes=\"(max-width: 1024px) 100vw, 1024px\" \/>\t\t\t\t\t\t\t\t\t\t\t\t\t<\/div>\n\t\t\t\t<\/div>\n\t\t\t\t\t<\/div>\n\t\t<\/div>\n\t\t\t\t\t<\/div>\n\t\t<\/section>\n\t\t\t\t<section class=\"elementor-section elementor-top-section elementor-element elementor-element-6aa8e62 elementor-section-boxed elementor-section-height-default elementor-section-height-default\" data-id=\"6aa8e62\" data-element_type=\"section\">\n\t\t\t\t\t\t<div class=\"elementor-container elementor-column-gap-default\">\n\t\t\t\t\t<div class=\"elementor-column elementor-col-100 elementor-top-column elementor-element elementor-element-734e947\" data-id=\"734e947\" data-element_type=\"column\">\n\t\t\t<div class=\"elementor-widget-wrap elementor-element-populated\">\n\t\t\t\t\t\t<div class=\"elementor-element elementor-element-eff9632 elementor-widget elementor-widget-text-editor\" data-id=\"eff9632\" data-element_type=\"widget\" data-widget_type=\"text-editor.default\">\n\t\t\t\t<div class=\"elementor-widget-container\">\n\t\t\t\t\t\t\t<p><span style=\"font-weight: 400\">O curso incentiva a participa\u00e7\u00e3o de aspirantes ao ensino superior sem condi\u00e7\u00f5es socioecon\u00f4micas de financiar um curso pr\u00e9-universit\u00e1rio particular, bem como de acad\u00eamicos que buscam reunir experi\u00eancias de atua\u00e7\u00e3o como professores. O grupo de educandos \u00e9 constitu\u00eddo por<\/span><span style=\"font-weight: 400\"> pessoas que est\u00e3o cursando o terceiro ano do ensino m\u00e9dio ou que conclu\u00edram o ensino b\u00e1sico, aprovadas no processo seletivo do projeto; enquanto o de educadores, por alunos de gradua\u00e7\u00e3o e p\u00f3s-gradua\u00e7\u00e3o da UFSM e demais institui\u00e7\u00f5es ou egressos que atuam como professores\/monitores. <\/span><span style=\"font-weight: 400\">\u201cA nossa equipe de atua\u00e7\u00e3o inclui a Coordena\u00e7\u00e3o Institucional, organizada entre a Pr\u00f3-Reitoria de Extens\u00e3o (PRE) e o Laborat\u00f3rio de Metodologia de Ensino (LAMEN) da UFSM; e a Coordena\u00e7\u00e3o Executiva, a Coordena\u00e7\u00e3o de Equipe e os educadores, organizados e integrados pelo o corpo docente do <\/span><i><span style=\"font-weight: 400\">Alternativa<\/span><\/i><span style=\"font-weight: 400\">\u201d, detalha Henrique.\u00a0<\/span><\/p>\t\t\t\t\t\t<\/div>\n\t\t\t\t<\/div>\n\t\t\t\t\t<\/div>\n\t\t<\/div>\n\t\t\t\t\t<\/div>\n\t\t<\/section>\n\t\t\t\t<section class=\"elementor-section elementor-top-section elementor-element elementor-element-10e6a9e elementor-section-boxed elementor-section-height-default elementor-section-height-default\" data-id=\"10e6a9e\" data-element_type=\"section\">\n\t\t\t\t\t\t<div class=\"elementor-container elementor-column-gap-default\">\n\t\t\t\t\t<div class=\"elementor-column elementor-col-100 elementor-top-column elementor-element elementor-element-a99800a\" data-id=\"a99800a\" data-element_type=\"column\">\n\t\t\t<div class=\"elementor-widget-wrap elementor-element-populated\">\n\t\t\t\t\t\t<div class=\"elementor-element elementor-element-ac84b73 elementor-widget elementor-widget-image\" data-id=\"ac84b73\" data-element_type=\"widget\" data-widget_type=\"image.default\">\n\t\t\t\t<div class=\"elementor-widget-container\">\n\t\t\t\t\t\t\t\t\t\t\t\t\t<img decoding=\"async\" width=\"1024\" height=\"683\" src=\"https:\/\/www.ufsm.br\/app\/uploads\/sites\/346\/2023\/02\/DSC_0008-1-1024x683.jpg\" class=\"attachment-large size-large wp-image-7345\" alt=\"\" srcset=\"https:\/\/www.ufsm.br\/app\/uploads\/sites\/346\/2023\/02\/DSC_0008-1-1024x683.jpg 1024w, https:\/\/www.ufsm.br\/app\/uploads\/sites\/346\/2023\/02\/DSC_0008-1-300x200.jpg 300w, https:\/\/www.ufsm.br\/app\/uploads\/sites\/346\/2023\/02\/DSC_0008-1-768x512.jpg 768w, https:\/\/www.ufsm.br\/app\/uploads\/sites\/346\/2023\/02\/DSC_0008-1-1536x1024.jpg 1536w, https:\/\/www.ufsm.br\/app\/uploads\/sites\/346\/2023\/02\/DSC_0008-1-272x182.jpg 272w, https:\/\/www.ufsm.br\/app\/uploads\/sites\/346\/2023\/02\/DSC_0008-1.jpg 1920w\" sizes=\"(max-width: 1024px) 100vw, 1024px\" \/>\t\t\t\t\t\t\t\t\t\t\t\t\t<\/div>\n\t\t\t\t<\/div>\n\t\t\t\t\t<\/div>\n\t\t<\/div>\n\t\t\t\t\t<\/div>\n\t\t<\/section>\n\t\t\t\t<section class=\"elementor-section elementor-top-section elementor-element elementor-element-7a0bff9 elementor-section-boxed elementor-section-height-default elementor-section-height-default\" data-id=\"7a0bff9\" data-element_type=\"section\">\n\t\t\t\t\t\t<div class=\"elementor-container elementor-column-gap-default\">\n\t\t\t\t\t<div class=\"elementor-column elementor-col-100 elementor-top-column elementor-element elementor-element-1f2362f\" data-id=\"1f2362f\" data-element_type=\"column\">\n\t\t\t<div class=\"elementor-widget-wrap elementor-element-populated\">\n\t\t\t\t\t\t<div class=\"elementor-element elementor-element-c1e55d7 elementor-widget elementor-widget-text-editor\" data-id=\"c1e55d7\" data-element_type=\"widget\" data-widget_type=\"text-editor.default\">\n\t\t\t\t<div class=\"elementor-widget-container\">\n\t\t\t\t\t\t\t<p><span style=\"font-weight: 400\">Em progresso desde 2000, o projeto busca manter e expandir as suas atividades. \u201cPor enquanto, o nosso maior plano \u00e9 preparar uma sala multidisciplinar, que ir\u00e1 funcionar ampliando a inclus\u00e3o e o acolhimento, principalmente de pessoas com defici\u00eancia que participem como educandas ou educadoras\u201d, conta Giulia Zimmer, coordenadora executiva. Al\u00e9m disso, a equipe trabalha no aprimoramento de outras propostas que ser\u00e3o divulgadas no decorrer do per\u00edodo letivo.<\/span><\/p><p><span style=\"font-weight: 400\">O contato com o <\/span><i><span style=\"font-weight: 400\">Alternativa <\/span><\/i><span style=\"font-weight: 400\">pode ser realizado presencialmente, no espa\u00e7o na Antiga Reitoria, ou de forma digital, atrav\u00e9s do e-mail <\/span><span style=\"font-weight: 400\">alternativa@ufsm.br<\/span><span style=\"font-weight: 400\">, telefone (55) 3220-9237, <\/span><a href=\"https:\/\/www.instagram.com\/pup.alter\/\"><span style=\"font-weight: 400\">Instagram<\/span><\/a><span style=\"font-weight: 400\"> e <\/span><a href=\"https:\/\/www.facebook.com\/PreUniversitarioPopularAlternativa\/\"><span style=\"font-weight: 400\">Facebook<\/span><\/a><span style=\"font-weight: 400\">.<\/span><\/p><p>\u00a0<\/p><p><i><span style=\"font-weight: 400\">Texto e Fotos: Anna J\u00falia da Silva | Pr\u00f3-Reitoria de Extens\u00e3o UFSM<\/span><\/i><\/p><p><i><span style=\"font-weight: 400\">Revis\u00e3o: Laura Lopes | Pr\u00f3-Reitoria de Extens\u00e3o UFSM<\/span><\/i><\/p>\t\t\t\t\t\t<\/div>\n\t\t\t\t<\/div>\n\t\t\t\t\t<\/div>\n\t\t<\/div>\n\t\t\t\t\t<\/div>\n\t\t<\/section>\n\t\t\t\t<\/div>\n\t\t","protected":false},"excerpt":{"rendered":"<p>O curso Pr\u00e9-Universit\u00e1rio Popular Alternativa \u00e9 totalmente gratuito e busca a democratiza\u00e7\u00e3o do acesso \u00e0 educa\u00e7\u00e3o<\/p>\n","protected":false},"author":5698,"featured_media":7342,"comment_status":"closed","ping_status":"closed","sticky":false,"template":"","format":"standard","meta":{"footnotes":""},"categories":[492,496,490],"tags":[364,341],"class_list":["post-7341","post","type-post","status-publish","format-standard","has-post-thumbnail","hentry","category-divulgacao","category-educacao","category-sociedade","tag-ods-04","tag-ods-10"],"acf":[],"_links":{"self":[{"href":"https:\/\/www.ufsm.br\/pro-reitorias\/pre\/wp-json\/wp\/v2\/posts\/7341","targetHints":{"allow":["GET"]}}],"collection":[{"href":"https:\/\/www.ufsm.br\/pro-reitorias\/pre\/wp-json\/wp\/v2\/posts"}],"about":[{"href":"https:\/\/www.ufsm.br\/pro-reitorias\/pre\/wp-json\/wp\/v2\/types\/post"}],"author":[{"embeddable":true,"href":"https:\/\/www.ufsm.br\/pro-reitorias\/pre\/wp-json\/wp\/v2\/users\/5698"}],"replies":[{"embeddable":true,"href":"https:\/\/www.ufsm.br\/pro-reitorias\/pre\/wp-json\/wp\/v2\/comments?post=7341"}],"version-history":[{"count":0,"href":"https:\/\/www.ufsm.br\/pro-reitorias\/pre\/wp-json\/wp\/v2\/posts\/7341\/revisions"}],"wp:featuredmedia":[{"embeddable":true,"href":"https:\/\/www.ufsm.br\/pro-reitorias\/pre\/wp-json\/wp\/v2\/media\/7342"}],"wp:attachment":[{"href":"https:\/\/www.ufsm.br\/pro-reitorias\/pre\/wp-json\/wp\/v2\/media?parent=7341"}],"wp:term":[{"taxonomy":"category","embeddable":true,"href":"https:\/\/www.ufsm.br\/pro-reitorias\/pre\/wp-json\/wp\/v2\/categories?post=7341"},{"taxonomy":"post_tag","embeddable":true,"href":"https:\/\/www.ufsm.br\/pro-reitorias\/pre\/wp-json\/wp\/v2\/tags?post=7341"}],"curies":[{"name":"wp","href":"https:\/\/api.w.org\/{rel}","templated":true}]}}