{"id":7357,"date":"2023-03-02T09:20:31","date_gmt":"2023-03-02T12:20:31","guid":{"rendered":"https:\/\/www.ufsm.br\/pro-reitorias\/pre\/?p=7357"},"modified":"2023-03-02T09:30:05","modified_gmt":"2023-03-02T12:30:05","slug":"ufsm-na-expodireto-programacao-abrange-os-cinco-dias-de-evento","status":"publish","type":"post","link":"https:\/\/www.ufsm.br\/pro-reitorias\/pre\/2023\/03\/02\/ufsm-na-expodireto-programacao-abrange-os-cinco-dias-de-evento","title":{"rendered":"UFSM na Expodireto: programa\u00e7\u00e3o abrange os cinco dias de evento"},"content":{"rendered":"\t\t<div data-elementor-type=\"wp-post\" data-elementor-id=\"7357\" class=\"elementor elementor-7357\">\n\t\t\t\t\t\t<section class=\"elementor-section elementor-top-section elementor-element elementor-element-60a2769 elementor-section-boxed elementor-section-height-default elementor-section-height-default\" data-id=\"60a2769\" data-element_type=\"section\">\n\t\t\t\t\t\t<div class=\"elementor-container elementor-column-gap-default\">\n\t\t\t\t\t<div class=\"elementor-column elementor-col-100 elementor-top-column elementor-element elementor-element-362a897\" data-id=\"362a897\" data-element_type=\"column\">\n\t\t\t<div class=\"elementor-widget-wrap elementor-element-populated\">\n\t\t\t\t\t\t<div class=\"elementor-element elementor-element-43358ae elementor-widget elementor-widget-text-editor\" data-id=\"43358ae\" data-element_type=\"widget\" data-widget_type=\"text-editor.default\">\n\t\t\t\t<div class=\"elementor-widget-container\">\n\t\t\t\t\t\t\t<p><span style=\"font-weight: 400\">Entre os dias 6 e 10 de mar\u00e7o, a Universidade Federal de Santa Maria (UFSM) marcar\u00e1 presen\u00e7a na <\/span><a href=\"https:\/\/www.expodireto.cotrijal.com.br\/\"><span style=\"font-weight: 400\">Expodireto Cotrijal<\/span><\/a><span style=\"font-weight: 400\">, evento anual que representa uma das maiores feiras do agroneg\u00f3cio internacional. Durante os cinco dias de programa\u00e7\u00e3o, a Institui\u00e7\u00e3o apresentar\u00e1 um estande com a exposi\u00e7\u00e3o de atividades desenvolvidas nos <\/span><i><span style=\"font-weight: 400\">campi<\/span><\/i><span style=\"font-weight: 400\">. A feira, que est\u00e1 em sua 23\u00aa edi\u00e7\u00e3o, acontece na cidade de N\u00e3o-Me-Toque (RS).&nbsp;<\/span><\/p>\n<p><span style=\"font-weight: 400\">O cronograma da UFSM inclui diariamente os temas \u201cAGR Jr. Consultoria Agron\u00f4mica\u201d, \u201cBalan\u00e7o de carbono para a sustentabilidade de agroecossistemas\u201d e \u201cCampeonatos Soybean Money Maker e Rice Money Maker &#8211; A revolu\u00e7\u00e3o da sustentabilidade nas lavouras de soja e arroz irrigado\u201d. Al\u00e9m disso, no dia 6, ser\u00e1 somado \u201cParque Inova\u00e7\u00e3o, Ci\u00eancia e Tecnologia da UFSM &#8211; InovaTec &#8211; Verticais Agro (Bionsumos, Agtechs e FoodTechs)\u201d, \u201cApresenta\u00e7\u00e3o do Sistema CR Campeiro 7 &#8211; Sistemas de Gest\u00e3o Rural\u201d e \u201cMestrado Profissional em Agricultura de Precis\u00e3o na UFSM\u201d. J\u00e1 no dia 7, \u201cApresenta\u00e7\u00e3o e exposi\u00e7\u00e3o de a\u00e7\u00f5es de Pesquisa e Extens\u00e3o realizadas pelo PPGAGR\u201d, \u201cCompostagem e educa\u00e7\u00e3o ambiental como forma de conscientiza\u00e7\u00e3o\u201d e \u201cProjeto Flores para Todos nos primeiros 5 anos \u00e0 n\u00edvel de Brasil e ilumina\u00e7\u00e3o inteligente para cultivo de flores\u201d. No dia 8, \u201cSuplementa\u00e7\u00e3o Luminosa para o cultivo de Hortali\u00e7as\u201d. No dia 9, \u201cApresenta\u00e7\u00e3o de elevador de fardos de fumo pela Motora J\u00fanior\u201d e \u201cLeptospirose e a produ\u00e7\u00e3o animal: a import\u00e2ncia do diagn\u00f3stico\u201d. Por fim, no dia 10, \u201cManejo da fertilidade de solos em pomares e vinhedos do sul do Brasil visando o aumento da produtividade e melhoria da qualidade de frutos e seus subprodutos\u201d.<\/span><\/p>\n<p><span style=\"font-weight: 400\">A Expodireto Cotrijal tem como objetivo aproximar o produtor do conhecimento e da inova\u00e7\u00e3o, com o foco em tecnologia e em neg\u00f3cios no setor agr\u00edcola. Assim, com base em uma <\/span><a href=\"https:\/\/www.expodireto.cotrijal.com.br\/programacao\"><span style=\"font-weight: 400\">programa\u00e7\u00e3o<\/span><\/a><span style=\"font-weight: 400\"> completa, que \u00e9 realizada e atualizada desde os anos 2000, a feira conecta o agricultor ao pesquisador. Frequentemente, a UFSM participa do evento por meio da Extens\u00e3o, compartilhando com o p\u00fablico externo materiais que s\u00e3o relacionados ao tema proposto pela exposi\u00e7\u00e3o e que representam o Ensino e a Pesquisa desenvolvidos na Institui\u00e7\u00e3o.<\/span><\/p>\t\t\t\t\t\t<\/div>\n\t\t\t\t<\/div>\n\t\t\t\t\t<\/div>\n\t\t<\/div>\n\t\t\t\t\t<\/div>\n\t\t<\/section>\n\t\t\t\t<section class=\"elementor-section elementor-top-section elementor-element elementor-element-26abeaf elementor-section-boxed elementor-section-height-default elementor-section-height-default\" data-id=\"26abeaf\" data-element_type=\"section\">\n\t\t\t\t\t\t<div class=\"elementor-container elementor-column-gap-default\">\n\t\t\t\t\t<div class=\"elementor-column elementor-col-100 elementor-top-column elementor-element elementor-element-3263f0a\" data-id=\"3263f0a\" data-element_type=\"column\">\n\t\t\t<div class=\"elementor-widget-wrap elementor-element-populated\">\n\t\t\t\t\t\t<div class=\"elementor-element elementor-element-60b3a52 elementor-widget elementor-widget-image\" data-id=\"60b3a52\" data-element_type=\"widget\" data-widget_type=\"image.default\">\n\t\t\t\t<div class=\"elementor-widget-container\">\n\t\t\t\t\t\t\t\t\t\t\t\t\t<img fetchpriority=\"high\" decoding=\"async\" width=\"576\" height=\"1024\" src=\"https:\/\/www.ufsm.br\/app\/uploads\/sites\/346\/2023\/03\/Story-Programacao-dia-a-dia-2-576x1024.jpg\" class=\"attachment-large size-large wp-image-7360\" alt=\"\" srcset=\"https:\/\/www.ufsm.br\/app\/uploads\/sites\/346\/2023\/03\/Story-Programacao-dia-a-dia-2-576x1024.jpg 576w, https:\/\/www.ufsm.br\/app\/uploads\/sites\/346\/2023\/03\/Story-Programacao-dia-a-dia-2-169x300.jpg 169w, https:\/\/www.ufsm.br\/app\/uploads\/sites\/346\/2023\/03\/Story-Programacao-dia-a-dia-2-768x1365.jpg 768w, https:\/\/www.ufsm.br\/app\/uploads\/sites\/346\/2023\/03\/Story-Programacao-dia-a-dia-2-864x1536.jpg 864w, https:\/\/www.ufsm.br\/app\/uploads\/sites\/346\/2023\/03\/Story-Programacao-dia-a-dia-2.jpg 1080w\" sizes=\"(max-width: 576px) 100vw, 576px\" \/>\t\t\t\t\t\t\t\t\t\t\t\t\t<\/div>\n\t\t\t\t<\/div>\n\t\t\t\t\t<\/div>\n\t\t<\/div>\n\t\t\t\t\t<\/div>\n\t\t<\/section>\n\t\t\t\t<section class=\"elementor-section elementor-top-section elementor-element elementor-element-c41beee elementor-section-boxed elementor-section-height-default elementor-section-height-default\" data-id=\"c41beee\" data-element_type=\"section\">\n\t\t\t\t\t\t<div class=\"elementor-container elementor-column-gap-default\">\n\t\t\t\t\t<div class=\"elementor-column elementor-col-100 elementor-top-column elementor-element elementor-element-a58c436\" data-id=\"a58c436\" data-element_type=\"column\">\n\t\t\t<div class=\"elementor-widget-wrap elementor-element-populated\">\n\t\t\t\t\t\t<div class=\"elementor-element elementor-element-00fbe0a elementor-widget elementor-widget-text-editor\" data-id=\"00fbe0a\" data-element_type=\"widget\" data-widget_type=\"text-editor.default\">\n\t\t\t\t<div class=\"elementor-widget-container\">\n\t\t\t\t\t\t\t<p><i>Texto: Anna J\u00falia da Silva | Pr\u00f3-Reitoria de Extens\u00e3o UFSM<\/i><\/p><p><i>Revis\u00e3o: Laura Lopes | Pr\u00f3-Reitoria de Extens\u00e3o UFSM<\/i><\/p>\t\t\t\t\t\t<\/div>\n\t\t\t\t<\/div>\n\t\t\t\t\t<\/div>\n\t\t<\/div>\n\t\t\t\t\t<\/div>\n\t\t<\/section>\n\t\t\t\t<\/div>\n\t\t","protected":false},"excerpt":{"rendered":"<p>Cronograma da Universidade inclui 13 temas sobre agroneg\u00f3cio<\/p>\n","protected":false},"author":5698,"featured_media":7358,"comment_status":"closed","ping_status":"closed","sticky":false,"template":"","format":"standard","meta":{"footnotes":""},"categories":[491,10,492,494,276,490],"tags":[318],"class_list":["post-7357","post","type-post","status-publish","format-standard","has-post-thumbnail","hentry","category-articulacao","category-destaques","category-divulgacao","category-inovacao","category-noticias","category-sociedade","tag-articulacao-e-fomento-a-extensao"],"acf":[],"_links":{"self":[{"href":"https:\/\/www.ufsm.br\/pro-reitorias\/pre\/wp-json\/wp\/v2\/posts\/7357","targetHints":{"allow":["GET"]}}],"collection":[{"href":"https:\/\/www.ufsm.br\/pro-reitorias\/pre\/wp-json\/wp\/v2\/posts"}],"about":[{"href":"https:\/\/www.ufsm.br\/pro-reitorias\/pre\/wp-json\/wp\/v2\/types\/post"}],"author":[{"embeddable":true,"href":"https:\/\/www.ufsm.br\/pro-reitorias\/pre\/wp-json\/wp\/v2\/users\/5698"}],"replies":[{"embeddable":true,"href":"https:\/\/www.ufsm.br\/pro-reitorias\/pre\/wp-json\/wp\/v2\/comments?post=7357"}],"version-history":[{"count":0,"href":"https:\/\/www.ufsm.br\/pro-reitorias\/pre\/wp-json\/wp\/v2\/posts\/7357\/revisions"}],"wp:featuredmedia":[{"embeddable":true,"href":"https:\/\/www.ufsm.br\/pro-reitorias\/pre\/wp-json\/wp\/v2\/media\/7358"}],"wp:attachment":[{"href":"https:\/\/www.ufsm.br\/pro-reitorias\/pre\/wp-json\/wp\/v2\/media?parent=7357"}],"wp:term":[{"taxonomy":"category","embeddable":true,"href":"https:\/\/www.ufsm.br\/pro-reitorias\/pre\/wp-json\/wp\/v2\/categories?post=7357"},{"taxonomy":"post_tag","embeddable":true,"href":"https:\/\/www.ufsm.br\/pro-reitorias\/pre\/wp-json\/wp\/v2\/tags?post=7357"}],"curies":[{"name":"wp","href":"https:\/\/api.w.org\/{rel}","templated":true}]}}