{"id":7999,"date":"2023-07-25T10:30:52","date_gmt":"2023-07-25T13:30:52","guid":{"rendered":"https:\/\/www.ufsm.br\/pro-reitorias\/pre\/?p=7999"},"modified":"2023-07-25T11:09:43","modified_gmt":"2023-07-25T14:09:43","slug":"v-jornada-interdisciplinar-de-formacao-de-professores-em-educacao-patrimonial-ressalta-as-origens-da-quarta-colonia","status":"publish","type":"post","link":"https:\/\/www.ufsm.br\/pro-reitorias\/pre\/2023\/07\/25\/v-jornada-interdisciplinar-de-formacao-de-professores-em-educacao-patrimonial-ressalta-as-origens-da-quarta-colonia","title":{"rendered":"V Jornada Interdisciplinar de Forma\u00e7\u00e3o de Professores em Educa\u00e7\u00e3o Patrimonial ressalta as origens da Quarta Col\u00f4nia"},"content":{"rendered":"\t\t<div data-elementor-type=\"wp-post\" data-elementor-id=\"7999\" class=\"elementor elementor-7999\">\n\t\t\t\t\t\t<section class=\"elementor-section elementor-top-section elementor-element elementor-element-82f32b5 elementor-section-boxed elementor-section-height-default elementor-section-height-default\" data-id=\"82f32b5\" data-element_type=\"section\">\n\t\t\t\t\t\t<div class=\"elementor-container elementor-column-gap-default\">\n\t\t\t\t\t<div class=\"elementor-column elementor-col-100 elementor-top-column elementor-element elementor-element-fd7b3a6\" data-id=\"fd7b3a6\" data-element_type=\"column\">\n\t\t\t<div class=\"elementor-widget-wrap elementor-element-populated\">\n\t\t\t\t\t\t<div class=\"elementor-element elementor-element-e05a5a7 elementor-widget elementor-widget-text-editor\" data-id=\"e05a5a7\" data-element_type=\"widget\" data-widget_type=\"text-editor.default\">\n\t\t\t\t<div class=\"elementor-widget-container\">\n\t\t\t\t\t\t\t<p><span style=\"font-weight: 400\">Entre os dias 20 e 22 de julho, professores e profissionais da educa\u00e7\u00e3o do territ\u00f3rio da Quarta Col\u00f4nia participaram da V Jornada Interdisciplinar de Forma\u00e7\u00e3o de Professores em Educa\u00e7\u00e3o Patrimonial (JIFPEP), promovida pela Subdivis\u00e3o de Geoparques UFSM em parceria com o Quarta Col\u00f4nia Geoparque Mundial da UNESCO. O evento, realizado na UFSM Santa Maria, contou com a participa\u00e7\u00e3o de pesquisadores de renome internacional e sa\u00edda de campo no territ\u00f3rio.<\/span><\/p><p><span style=\"font-weight: 400\"><a href=\"https:\/\/www.ufsm.br\/app\/uploads\/sites\/346\/2023\/07\/IMG_1236.jpg\"><img fetchpriority=\"high\" decoding=\"async\" class=\"alignleft size-medium wp-image-8005\" src=\"https:\/\/www.ufsm.br\/app\/uploads\/sites\/346\/2023\/07\/IMG_1236-300x200.jpg\" alt=\"\" width=\"300\" height=\"200\" srcset=\"https:\/\/www.ufsm.br\/app\/uploads\/sites\/346\/2023\/07\/IMG_1236-300x200.jpg 300w, https:\/\/www.ufsm.br\/app\/uploads\/sites\/346\/2023\/07\/IMG_1236-1024x683.jpg 1024w, https:\/\/www.ufsm.br\/app\/uploads\/sites\/346\/2023\/07\/IMG_1236-768x512.jpg 768w, https:\/\/www.ufsm.br\/app\/uploads\/sites\/346\/2023\/07\/IMG_1236-1536x1024.jpg 1536w, https:\/\/www.ufsm.br\/app\/uploads\/sites\/346\/2023\/07\/IMG_1236-272x182.jpg 272w, https:\/\/www.ufsm.br\/app\/uploads\/sites\/346\/2023\/07\/IMG_1236.jpg 1920w\" sizes=\"(max-width: 300px) 100vw, 300px\" \/><\/a>Para o reitor da UFSM, Luciano Schuch, a parceria com o territ\u00f3rio da Quarta Col\u00f4nia para a forma\u00e7\u00e3o continuada dos professores em Educa\u00e7\u00e3o Patrimonial ressalta as potencialidades de articula\u00e7\u00e3o entre a regi\u00e3o e a Universidade, convergindo esfor\u00e7os para a preserva\u00e7\u00e3o do patrim\u00f4nio e para o desenvolvimento sustent\u00e1vel. \u201cA forma\u00e7\u00e3o inicial continuada \u00e9 uma das voca\u00e7\u00f5es da UFSM e a Jornada \u00e9 um trabalho de fortalecimento das equipes, troca de experi\u00eancias e capacita\u00e7\u00f5es, pois entendemos que \u00e9 assim que crescemos juntos\u201d, ressalta. <a href=\"https:\/\/www.ufsm.br\/app\/uploads\/sites\/346\/2023\/07\/IMG_1177.jpg\"><img decoding=\"async\" class=\"size-medium wp-image-8004 alignright\" src=\"https:\/\/www.ufsm.br\/app\/uploads\/sites\/346\/2023\/07\/IMG_1177-300x200.jpg\" alt=\"\" width=\"300\" height=\"200\" srcset=\"https:\/\/www.ufsm.br\/app\/uploads\/sites\/346\/2023\/07\/IMG_1177-300x200.jpg 300w, https:\/\/www.ufsm.br\/app\/uploads\/sites\/346\/2023\/07\/IMG_1177-1024x683.jpg 1024w, https:\/\/www.ufsm.br\/app\/uploads\/sites\/346\/2023\/07\/IMG_1177-768x512.jpg 768w, https:\/\/www.ufsm.br\/app\/uploads\/sites\/346\/2023\/07\/IMG_1177-1536x1024.jpg 1536w, https:\/\/www.ufsm.br\/app\/uploads\/sites\/346\/2023\/07\/IMG_1177-272x182.jpg 272w, https:\/\/www.ufsm.br\/app\/uploads\/sites\/346\/2023\/07\/IMG_1177.jpg 1920w\" sizes=\"(max-width: 300px) 100vw, 300px\" \/><\/a><\/span><\/p><p><span style=\"font-weight: 400\">\u201cA Jornada \u00e9 o momento de compartilhar com as professoras da Quarta Col\u00f4nia um pouco das possibilidades que o Geoparque traz ao territ\u00f3rio. As professoras s\u00e3o multiplicadoras, elas levam para a sala de aula o conhecimento e tem o papel de sensibilizar os alunos sobre o potencial que o patrim\u00f4nio deles t\u00eam, tanto para a conserva\u00e7\u00e3o quanto para a criatividade e inova\u00e7\u00e3o\u201d, ressalta a diretora do Quarta Col\u00f4nia Geoparque Mundial da UNESCO e Pr\u00f3-Reitoria Adjunta de Extens\u00e3o UFSM, Jaciele Carine Vidor Sell.<\/span><\/p><p><span style=\"font-weight: 400\">Jaciele lembra que agora, com o territ\u00f3rio certificado pela Organiza\u00e7\u00e3o das Na\u00e7\u00f5es Unidas para a Cultura, Educa\u00e7\u00e3o e Ci\u00eancia (UNESCO), cada vez mais \u00e9 necess\u00e1rio investir e pensar a\u00e7\u00f5es na \u00e1rea da educa\u00e7\u00e3o e nos assuntos relacionados \u00e0 sustentabilidade no territ\u00f3rio do Geoparque. A realiza\u00e7\u00e3o da V JIFPEP contou com o apoio da Universidade Franciscana (UFN) e dos projetos de Pesquisa e Extens\u00e3o da UFSM. O evento foi composto por uma confer\u00eancia de abertura, duas mesas redondas, um momento cultural e mais de 40 op\u00e7\u00f5es de oficinas.<\/span><\/p><p><span style=\"font-weight: 400\"><a href=\"https:\/\/www.ufsm.br\/app\/uploads\/sites\/346\/2023\/07\/IMG_1243.jpg\"><img decoding=\"async\" class=\"alignleft size-medium wp-image-8003\" src=\"https:\/\/www.ufsm.br\/app\/uploads\/sites\/346\/2023\/07\/IMG_1243-300x200.jpg\" alt=\"\" width=\"300\" height=\"200\" srcset=\"https:\/\/www.ufsm.br\/app\/uploads\/sites\/346\/2023\/07\/IMG_1243-300x200.jpg 300w, https:\/\/www.ufsm.br\/app\/uploads\/sites\/346\/2023\/07\/IMG_1243-1024x683.jpg 1024w, https:\/\/www.ufsm.br\/app\/uploads\/sites\/346\/2023\/07\/IMG_1243-768x512.jpg 768w, https:\/\/www.ufsm.br\/app\/uploads\/sites\/346\/2023\/07\/IMG_1243-1536x1024.jpg 1536w, https:\/\/www.ufsm.br\/app\/uploads\/sites\/346\/2023\/07\/IMG_1243-272x182.jpg 272w, https:\/\/www.ufsm.br\/app\/uploads\/sites\/346\/2023\/07\/IMG_1243.jpg 1920w\" sizes=\"(max-width: 300px) 100vw, 300px\" \/><\/a>Para a professora Paula Savegnago Rossato, diretora da Escola Estadual de Ensino Fundamental Dom \u00c9rico Ferrari, participar da Jornada foi fundamental para conhecer mais sobre o territ\u00f3rio e ter contato com novas pr\u00e1ticas que podem ser desenvolvidas junto aos estudantes da educa\u00e7\u00e3o b\u00e1sica. \u201cFoi uma experi\u00eancia muito gratificante. \u00c9 impressionante como mesmo morando nesse lugar a tanto tempo ainda temos muito para conhecer e como as nossas percep\u00e7\u00f5es j\u00e1 est\u00e3o viciadas e muitas coisas, por mais \u00f3bvias que sejam, passam despercebidas. O evento me fez repensar muitas pr\u00e1ticas de sala de aula\u201d, comenta Paula.<\/span><\/p><p><span style=\"font-weight: 400\">\u201cA V JIFPEP fortaleceu nosso entendimento de que juntos somos fortes e grandes. Tivemos a oportunidade de participar de palestras, oficinas e atividades pr\u00e1ticas que abordaram diversos aspectos da educa\u00e7\u00e3o patrimonial. Desde a import\u00e2ncia da preserva\u00e7\u00e3o do patrim\u00f4nio cultural at\u00e9 as t\u00e9cnicas mais eficientes para a sua incorpora\u00e7\u00e3o no processo de ensino-aprendizagem\u201d, destaca a Coordenadora da Comiss\u00e3o de Educa\u00e7\u00e3o, Cultura e Comunica\u00e7\u00e3o do Geoparque Quarta Col\u00f4nia e Secret\u00e1ria de Educa\u00e7\u00e3o, Cultura e Desporto de Faxinal do Soturno, Simone Cancian Stieler.<\/span><\/p>\t\t\t\t\t\t<\/div>\n\t\t\t\t<\/div>\n\t\t\t\t\t<\/div>\n\t\t<\/div>\n\t\t\t\t\t<\/div>\n\t\t<\/section>\n\t\t\t\t<section class=\"elementor-section elementor-top-section elementor-element elementor-element-e36cdd5 elementor-section-boxed elementor-section-height-default elementor-section-height-default\" data-id=\"e36cdd5\" data-element_type=\"section\">\n\t\t\t\t\t\t<div class=\"elementor-container elementor-column-gap-default\">\n\t\t\t\t\t<div class=\"elementor-column elementor-col-100 elementor-top-column elementor-element elementor-element-20bcb12\" data-id=\"20bcb12\" data-element_type=\"column\">\n\t\t\t<div class=\"elementor-widget-wrap elementor-element-populated\">\n\t\t\t\t\t\t<div class=\"elementor-element elementor-element-f650596 elementor-widget elementor-widget-heading\" data-id=\"f650596\" data-element_type=\"widget\" data-widget_type=\"heading.default\">\n\t\t\t\t<div class=\"elementor-widget-container\">\n\t\t\t<h4 class=\"elementor-heading-title elementor-size-default\">OFICINAS DO EVENTO RESSALTAM AS POSSIBILIDADES EM SALA DE AULA<\/h4>\t\t<\/div>\n\t\t\t\t<\/div>\n\t\t\t\t<div class=\"elementor-element elementor-element-d4f8b0d elementor-widget elementor-widget-text-editor\" data-id=\"d4f8b0d\" data-element_type=\"widget\" data-widget_type=\"text-editor.default\">\n\t\t\t\t<div class=\"elementor-widget-container\">\n\t\t\t\t\t\t\t<p><span style=\"font-weight: 400\"><a href=\"https:\/\/www.ufsm.br\/app\/uploads\/sites\/346\/2023\/07\/IMG_1410.jpg\"><img loading=\"lazy\" decoding=\"async\" class=\"alignleft size-medium wp-image-8000\" src=\"https:\/\/www.ufsm.br\/app\/uploads\/sites\/346\/2023\/07\/IMG_1410-300x200.jpg\" alt=\"\" width=\"300\" height=\"200\" srcset=\"https:\/\/www.ufsm.br\/app\/uploads\/sites\/346\/2023\/07\/IMG_1410-300x200.jpg 300w, https:\/\/www.ufsm.br\/app\/uploads\/sites\/346\/2023\/07\/IMG_1410-1024x683.jpg 1024w, https:\/\/www.ufsm.br\/app\/uploads\/sites\/346\/2023\/07\/IMG_1410-768x512.jpg 768w, https:\/\/www.ufsm.br\/app\/uploads\/sites\/346\/2023\/07\/IMG_1410-1536x1024.jpg 1536w, https:\/\/www.ufsm.br\/app\/uploads\/sites\/346\/2023\/07\/IMG_1410-272x182.jpg 272w, https:\/\/www.ufsm.br\/app\/uploads\/sites\/346\/2023\/07\/IMG_1410.jpg 1920w\" sizes=\"(max-width: 300px) 100vw, 300px\" \/><\/a>Al\u00e9m das mesas e palestras que aconteceram durante o evento, a V JIFPEP contou com 47 op\u00e7\u00f5es de oficinas para os participantes. As forma\u00e7\u00f5es foram realizadas por docentes, t\u00e9cnicos e estudantes de p\u00f3s-gradua\u00e7\u00e3o da UFSM com tem\u00e1ticas relacionadas aos Geoparques Mundiais da UNESCO e \u00e0s caracter\u00edsticas da Quarta Col\u00f4nia. As oficinas foram pensadas de acordo com as etapas de ensino b\u00e1sico, articulando a educa\u00e7\u00e3o patrimonial \u00e0s diferentes \u00e1reas de conhecimento que podem ser exploradas a partir do territ\u00f3rio.\u00a0<\/span><\/p><p><span style=\"font-weight: 400\">Para a coordenadora do programa de educa\u00e7\u00e3o do Quarta Col\u00f4nia Geoparque Mundial da UNESCO, Gis\u00e9li Duarte Bastos, as oficinas realizadas durante a Jornada foram fundamentais para o compartilhamento de experi\u00eancias entre os profissionais que atuam no territ\u00f3rio e para que os docentes pudessem conhecer as possibilidades te\u00f3rico-pr\u00e1ticas de abordagem de diversos temas em sala de aula.<\/span><\/p><p><span style=\"font-weight: 400\"><a href=\"https:\/\/www.ufsm.br\/app\/uploads\/sites\/346\/2023\/07\/IMG_1357.jpg\"><img loading=\"lazy\" decoding=\"async\" class=\"size-medium wp-image-8001 alignright\" src=\"https:\/\/www.ufsm.br\/app\/uploads\/sites\/346\/2023\/07\/IMG_1357-300x200.jpg\" alt=\"\" width=\"300\" height=\"200\" srcset=\"https:\/\/www.ufsm.br\/app\/uploads\/sites\/346\/2023\/07\/IMG_1357-300x200.jpg 300w, https:\/\/www.ufsm.br\/app\/uploads\/sites\/346\/2023\/07\/IMG_1357-1024x683.jpg 1024w, https:\/\/www.ufsm.br\/app\/uploads\/sites\/346\/2023\/07\/IMG_1357-768x512.jpg 768w, https:\/\/www.ufsm.br\/app\/uploads\/sites\/346\/2023\/07\/IMG_1357-1536x1024.jpg 1536w, https:\/\/www.ufsm.br\/app\/uploads\/sites\/346\/2023\/07\/IMG_1357-272x182.jpg 272w, https:\/\/www.ufsm.br\/app\/uploads\/sites\/346\/2023\/07\/IMG_1357.jpg 1920w\" sizes=\"(max-width: 300px) 100vw, 300px\" \/><\/a>\u201cA partir das discuss\u00f5es realizadas nas oficinas, os(as) professores(as) da Quarta Col\u00f4nia sentem-se motivados(as) e curiosos(as) a pesquisarem mais sobre as tem\u00e1ticas abordadas, sendo a oficina uma fagulha para acender uma chama de conhecimentos a serem constru\u00eddos ao longo do tempo. Al\u00e9m disso, formam-se redes colaborativas que n\u00e3o se findam na pr\u00f3pria Jornada, mas que iniciam nela e podem ser levadas para as escolas &#8211; com os proponentes de oficinas podendo ser convidados a participar de atividades\/projetos nas escolas\u201d, ressalta Gis\u00e9li.<\/span><\/p><p><span style=\"font-weight: 400\">Jaciele comenta que a organiza\u00e7\u00e3o da Jornada recebeu v\u00e1rias mensagens parabenizando as atividades propostas pelo evento, especialmente as oficinas e mesas redondas. \u201cJ\u00e1 soubemos de v\u00e1rias parcerias que se formaram nesses dias, tanto entre escolas, como entre oficineiras da UFSM e os munic\u00edpios para a\u00e7\u00f5es no segundo semestre. A Jornada tem esse prop\u00f3sito, servir como uma esp\u00e9cie de &#8220;fa\u00edsca&#8221; para as mentes das professoras criarem, se inspirarem e replicarem o Geoparque nas suas pr\u00e1ticas\u201d, finaliza Jaciele.<\/span><\/p>\t\t\t\t\t\t<\/div>\n\t\t\t\t<\/div>\n\t\t\t\t\t<\/div>\n\t\t<\/div>\n\t\t\t\t\t<\/div>\n\t\t<\/section>\n\t\t\t\t<section class=\"elementor-section elementor-top-section elementor-element elementor-element-b08e6c0 elementor-section-boxed elementor-section-height-default elementor-section-height-default\" data-id=\"b08e6c0\" data-element_type=\"section\">\n\t\t\t\t\t\t<div class=\"elementor-container elementor-column-gap-default\">\n\t\t\t\t\t<div class=\"elementor-column elementor-col-100 elementor-top-column elementor-element elementor-element-bf3d287\" data-id=\"bf3d287\" data-element_type=\"column\">\n\t\t\t<div class=\"elementor-widget-wrap elementor-element-populated\">\n\t\t\t\t\t\t<div class=\"elementor-element elementor-element-d8a9e96 elementor-widget elementor-widget-text-editor\" data-id=\"d8a9e96\" data-element_type=\"widget\" data-widget_type=\"text-editor.default\">\n\t\t\t\t<div class=\"elementor-widget-container\">\n\t\t\t\t\t\t\t<p><em>Reportagem: <span style=\"font-weight: 400\">Wellington Hack\/Geoparques UFSM<\/span><\/em><\/p><p><em>Fotos:<span style=\"font-weight: 400\"> Paola Goulart\/Quarta Col\u00f4nia Geoparque Mundial da UNESCO<\/span><\/em><\/p>\t\t\t\t\t\t<\/div>\n\t\t\t\t<\/div>\n\t\t\t\t\t<\/div>\n\t\t<\/div>\n\t\t\t\t\t<\/div>\n\t\t<\/section>\n\t\t\t\t<\/div>\n\t\t","protected":false},"excerpt":{"rendered":"<p>Evento aconteceu entre os dias 20 e 22 de julho, reunindo mais de 500 participantes<\/p>\n","protected":false},"author":1452,"featured_media":8005,"comment_status":"closed","ping_status":"closed","sticky":false,"template":"","format":"standard","meta":{"footnotes":""},"categories":[400,496,254],"tags":[290,635,364],"class_list":["post-7999","post","type-post","status-publish","format-standard","has-post-thumbnail","hentry","category-desen-sustentavel","category-educacao","category-geoparques","tag-geoparque-quarta-colonia","tag-geoparques-ufsm","tag-ods-04"],"acf":[],"_links":{"self":[{"href":"https:\/\/www.ufsm.br\/pro-reitorias\/pre\/wp-json\/wp\/v2\/posts\/7999","targetHints":{"allow":["GET"]}}],"collection":[{"href":"https:\/\/www.ufsm.br\/pro-reitorias\/pre\/wp-json\/wp\/v2\/posts"}],"about":[{"href":"https:\/\/www.ufsm.br\/pro-reitorias\/pre\/wp-json\/wp\/v2\/types\/post"}],"author":[{"embeddable":true,"href":"https:\/\/www.ufsm.br\/pro-reitorias\/pre\/wp-json\/wp\/v2\/users\/1452"}],"replies":[{"embeddable":true,"href":"https:\/\/www.ufsm.br\/pro-reitorias\/pre\/wp-json\/wp\/v2\/comments?post=7999"}],"version-history":[{"count":0,"href":"https:\/\/www.ufsm.br\/pro-reitorias\/pre\/wp-json\/wp\/v2\/posts\/7999\/revisions"}],"wp:featuredmedia":[{"embeddable":true,"href":"https:\/\/www.ufsm.br\/pro-reitorias\/pre\/wp-json\/wp\/v2\/media\/8005"}],"wp:attachment":[{"href":"https:\/\/www.ufsm.br\/pro-reitorias\/pre\/wp-json\/wp\/v2\/media?parent=7999"}],"wp:term":[{"taxonomy":"category","embeddable":true,"href":"https:\/\/www.ufsm.br\/pro-reitorias\/pre\/wp-json\/wp\/v2\/categories?post=7999"},{"taxonomy":"post_tag","embeddable":true,"href":"https:\/\/www.ufsm.br\/pro-reitorias\/pre\/wp-json\/wp\/v2\/tags?post=7999"}],"curies":[{"name":"wp","href":"https:\/\/api.w.org\/{rel}","templated":true}]}}