{"id":8081,"date":"2023-08-03T12:55:51","date_gmt":"2023-08-03T15:55:51","guid":{"rendered":"https:\/\/www.ufsm.br\/pro-reitorias\/pre\/?p=8081"},"modified":"2023-08-04T10:25:13","modified_gmt":"2023-08-04T13:25:13","slug":"progredir-geoparque-quarta-colonia-realiza-formatura-de-33-estudantes-em-faxinal-do-soturno","status":"publish","type":"post","link":"https:\/\/www.ufsm.br\/pro-reitorias\/pre\/2023\/08\/03\/progredir-geoparque-quarta-colonia-realiza-formatura-de-33-estudantes-em-faxinal-do-soturno","title":{"rendered":"Progredir Geoparque Quarta Col\u00f4nia realiza formatura de 33 estudantes em Faxinal do Soturno"},"content":{"rendered":"\t\t<div data-elementor-type=\"wp-post\" data-elementor-id=\"8081\" class=\"elementor elementor-8081\">\n\t\t\t\t\t\t<section class=\"elementor-section elementor-top-section elementor-element elementor-element-04ff694 elementor-section-boxed elementor-section-height-default elementor-section-height-default\" data-id=\"04ff694\" data-element_type=\"section\">\n\t\t\t\t\t\t<div class=\"elementor-container elementor-column-gap-default\">\n\t\t\t\t\t<div class=\"elementor-column elementor-col-100 elementor-top-column elementor-element elementor-element-bb4873c\" data-id=\"bb4873c\" data-element_type=\"column\">\n\t\t\t<div class=\"elementor-widget-wrap elementor-element-populated\">\n\t\t\t\t\t\t<div class=\"elementor-element elementor-element-043e6d4 elementor-widget elementor-widget-text-editor\" data-id=\"043e6d4\" data-element_type=\"widget\" data-widget_type=\"text-editor.default\">\n\t\t\t\t<div class=\"elementor-widget-container\">\n\t\t\t\t\t\t\t<p><span style=\"font-weight: 400\">Foi realizada, na noite de ontem, 02 de agosto, a formatura de dois cursos promovidos pelo Progredir Geoparque Quarta Col\u00f4nia em Faxinal do Soturno. No total, 33 estudantes foram certificadas\/os nos cursos de <\/span><i><span style=\"font-weight: 400\">Introdu\u00e7\u00e3o ao Secretariado<\/span><\/i><span style=\"font-weight: 400\"> e de <\/span><i><span style=\"font-weight: 400\">Inform\u00e1tica B\u00e1sica<\/span><\/i><span style=\"font-weight: 400\">. A cerim\u00f4nia contou com a participa\u00e7\u00e3o da equipe do projeto, representantes da UFSM, do Centro de Refer\u00eancia da Assist\u00eancia Social (CRAS) e da Prefeitura de Faxinal do Soturno, al\u00e9m de familiares e de amigos das\/os formandas\/os.<\/span><\/p>\n<p><span style=\"font-weight: 400\"><a href=\"https:\/\/www.ufsm.br\/app\/uploads\/sites\/346\/2023\/08\/DSC_0153.jpg\"><img fetchpriority=\"high\" decoding=\"async\" class=\"alignleft size-medium wp-image-8083\" src=\"https:\/\/www.ufsm.br\/app\/uploads\/sites\/346\/2023\/08\/DSC_0153-300x200.jpg\" alt=\"\" width=\"300\" height=\"200\" srcset=\"https:\/\/www.ufsm.br\/app\/uploads\/sites\/346\/2023\/08\/DSC_0153-300x200.jpg 300w, https:\/\/www.ufsm.br\/app\/uploads\/sites\/346\/2023\/08\/DSC_0153-1024x683.jpg 1024w, https:\/\/www.ufsm.br\/app\/uploads\/sites\/346\/2023\/08\/DSC_0153-768x512.jpg 768w, https:\/\/www.ufsm.br\/app\/uploads\/sites\/346\/2023\/08\/DSC_0153-1536x1024.jpg 1536w, https:\/\/www.ufsm.br\/app\/uploads\/sites\/346\/2023\/08\/DSC_0153-272x182.jpg 272w, https:\/\/www.ufsm.br\/app\/uploads\/sites\/346\/2023\/08\/DSC_0153.jpg 1920w\" sizes=\"(max-width: 300px) 100vw, 300px\" \/><\/a>Para a T\u00e9cnica em Assuntos Educacionais, Angelita Zimmermann, os momentos de formatura representam a alegria presente no projeto. Angelita ressaltou a import\u00e2ncia da qualifica\u00e7\u00e3o profissional e da educa\u00e7\u00e3o para o desenvolvimento da Quarta Col\u00f4nia, destacando o compartilhamento de conhecimentos entre os professores do projeto e os estudantes do territ\u00f3rio. Ao abordar o turismo, a coordenadora enfatizou como o Progredir pode contribuir para o sentimento de reconhecimento no Geoparque, melhorando os relacionamentos interpessoais e a recep\u00e7\u00e3o dos turistas.<\/span><\/p>\n<p><span style=\"font-weight: 400\">Flavi Ferreira Lisb\u00f4a Filho, Pr\u00f3-Reitor de Extens\u00e3o da UFSM, ressaltou que o Progredir Geoparque Quarta Col\u00f4nia s\u00f3 existe em raz\u00e3o das\/os estudantes que se dedicam em mudar n\u00e3o apenas a pr\u00f3pria realidade, por meio das qualifica\u00e7\u00f5es profissionais e do compartilhamento de experi\u00eancias, mas de toda a comunidade do Geoparque. O gestor ressaltou que o projeto, al\u00e9m de construir saberes de forma coletiva, tamb\u00e9m permite que a UFSM esteja cada vez mais aberta \u00e0 popula\u00e7\u00e3o e presente no territ\u00f3rio.<\/span><\/p>\n<p><span style=\"font-weight: 400\">O prefeito de Faxinal do Soturno, Cl\u00f3vis Montagner, abordou em sua fala os elos entre a UFSM e a Quarta Col\u00f4nia com vistas ao futuro e ao desenvolvimento do territ\u00f3rio. Para Cl\u00f3vis, o Progredir \u00e9 uma das maiores iniciativas de qualifica\u00e7\u00e3o profissional desenvolvidas na regi\u00e3o, ampliando as formas de relacionamento entre a comunidade e os diversos patrim\u00f4nios presentes no Geoparque.<\/span><\/p>\n<p><span style=\"font-weight: 400\">Para a formanda Jaqueline Pinheiro, a participa\u00e7\u00e3o nos cursos realizados pelo Progredir marcaram o in\u00edcio de uma nova caminhada pautada na educa\u00e7\u00e3o. Durante seu discurso, Jaqueline destacou os ensinamentos compartilhados nas forma\u00e7\u00f5es e a aten\u00e7\u00e3o das professoras na condu\u00e7\u00e3o dos cursos.<\/span><\/p>\n<p><b>PR\u00d3XIMOS CURSOS NA CIDADE<\/b><\/p>\n<p><span style=\"font-weight: 400\">Com a conclus\u00e3o dos cursos de <\/span><i><span style=\"font-weight: 400\">Introdu\u00e7\u00e3o ao Secretariado<\/span><\/i><span style=\"font-weight: 400\"> e de <\/span><i><span style=\"font-weight: 400\">Inform\u00e1tica B\u00e1sica, <\/span><\/i><span style=\"font-weight: 400\">Faxinal do Soturno passa a contar com nove cursos finalizados pelo Progredir Geoparque Quarta Col\u00f4nia. No pr\u00f3ximo semestre, o munic\u00edpio receber\u00e1 tr\u00eas novas forma\u00e7\u00f5es. J\u00e1 no m\u00eas de agosto, est\u00e3o previstos para realiza\u00e7\u00e3o os cursos de Massas Artesanais e poss\u00edveis aplica\u00e7\u00f5es e de Sab\u00e3o, Sabonetes e cosm\u00e9ticos naturais.&nbsp;<\/span><\/p>\n<p><span style=\"font-weight: 400\">Mais informa\u00e7\u00f5es sobre as novas forma\u00e7\u00f5es podem ser solicitadas ao Centro de Refer\u00eancia da Assist\u00eancia Social da cidade, pelo telefone 55 3263 2517<\/span><\/p>\t\t\t\t\t\t<\/div>\n\t\t\t\t<\/div>\n\t\t\t\t\t<\/div>\n\t\t<\/div>\n\t\t\t\t\t<\/div>\n\t\t<\/section>\n\t\t\t\t<section class=\"elementor-section elementor-top-section elementor-element elementor-element-9a013bb elementor-section-boxed elementor-section-height-default elementor-section-height-default\" data-id=\"9a013bb\" data-element_type=\"section\">\n\t\t\t\t\t\t<div class=\"elementor-container elementor-column-gap-default\">\n\t\t\t\t\t<div class=\"elementor-column elementor-col-100 elementor-top-column elementor-element elementor-element-30eebb9\" data-id=\"30eebb9\" data-element_type=\"column\">\n\t\t\t<div class=\"elementor-widget-wrap elementor-element-populated\">\n\t\t\t\t\t\t<div class=\"elementor-element elementor-element-ff99679 elementor-widget elementor-widget-image\" data-id=\"ff99679\" data-element_type=\"widget\" data-widget_type=\"image.default\">\n\t\t\t\t<div class=\"elementor-widget-container\">\n\t\t\t\t\t\t\t\t\t\t\t\t\t<img decoding=\"async\" width=\"1024\" height=\"683\" src=\"https:\/\/www.ufsm.br\/app\/uploads\/sites\/346\/2023\/08\/DSC_0304-1024x683.jpg\" class=\"attachment-large size-large wp-image-8082\" alt=\"\" srcset=\"https:\/\/www.ufsm.br\/app\/uploads\/sites\/346\/2023\/08\/DSC_0304-1024x683.jpg 1024w, https:\/\/www.ufsm.br\/app\/uploads\/sites\/346\/2023\/08\/DSC_0304-300x200.jpg 300w, https:\/\/www.ufsm.br\/app\/uploads\/sites\/346\/2023\/08\/DSC_0304-768x512.jpg 768w, https:\/\/www.ufsm.br\/app\/uploads\/sites\/346\/2023\/08\/DSC_0304-1536x1024.jpg 1536w, https:\/\/www.ufsm.br\/app\/uploads\/sites\/346\/2023\/08\/DSC_0304-272x182.jpg 272w, https:\/\/www.ufsm.br\/app\/uploads\/sites\/346\/2023\/08\/DSC_0304.jpg 1920w\" sizes=\"(max-width: 1024px) 100vw, 1024px\" \/>\t\t\t\t\t\t\t\t\t\t\t\t\t<\/div>\n\t\t\t\t<\/div>\n\t\t\t\t\t<\/div>\n\t\t<\/div>\n\t\t\t\t\t<\/div>\n\t\t<\/section>\n\t\t\t\t<section class=\"elementor-section elementor-top-section elementor-element elementor-element-1abbc58 elementor-section-boxed elementor-section-height-default elementor-section-height-default\" data-id=\"1abbc58\" data-element_type=\"section\">\n\t\t\t\t\t\t<div class=\"elementor-container elementor-column-gap-default\">\n\t\t\t\t\t<div class=\"elementor-column elementor-col-100 elementor-top-column elementor-element elementor-element-fcce6d1\" data-id=\"fcce6d1\" data-element_type=\"column\">\n\t\t\t<div class=\"elementor-widget-wrap elementor-element-populated\">\n\t\t\t\t\t\t<div class=\"elementor-element elementor-element-f7f0934 elementor-widget elementor-widget-text-editor\" data-id=\"f7f0934\" data-element_type=\"widget\" data-widget_type=\"text-editor.default\">\n\t\t\t\t<div class=\"elementor-widget-container\">\n\t\t\t\t\t\t\t<p><em>Texto e fotos: Wellington Hack, Progredir Geoparque Quarta Col\u00f4nia<\/em><\/p>\t\t\t\t\t\t<\/div>\n\t\t\t\t<\/div>\n\t\t\t\t\t<\/div>\n\t\t<\/div>\n\t\t\t\t\t<\/div>\n\t\t<\/section>\n\t\t\t\t<\/div>\n\t\t","protected":false},"excerpt":{"rendered":"<p>Cerim\u00f4nia marcou a conclus\u00e3o dos cursos de Introdu\u00e7\u00e3o ao Secretariado e de Inform\u00e1tica B\u00e1sica no munic\u00edpio<\/p>\n","protected":false},"author":1452,"featured_media":8082,"comment_status":"closed","ping_status":"closed","sticky":false,"template":"","format":"standard","meta":{"footnotes":""},"categories":[400,496,254],"tags":[290,403,623],"class_list":["post-8081","post","type-post","status-publish","format-standard","has-post-thumbnail","hentry","category-desen-sustentavel","category-educacao","category-geoparques","tag-geoparque-quarta-colonia","tag-ods-01","tag-progredir-geoparque-quarta-colonia"],"acf":[],"_links":{"self":[{"href":"https:\/\/www.ufsm.br\/pro-reitorias\/pre\/wp-json\/wp\/v2\/posts\/8081","targetHints":{"allow":["GET"]}}],"collection":[{"href":"https:\/\/www.ufsm.br\/pro-reitorias\/pre\/wp-json\/wp\/v2\/posts"}],"about":[{"href":"https:\/\/www.ufsm.br\/pro-reitorias\/pre\/wp-json\/wp\/v2\/types\/post"}],"author":[{"embeddable":true,"href":"https:\/\/www.ufsm.br\/pro-reitorias\/pre\/wp-json\/wp\/v2\/users\/1452"}],"replies":[{"embeddable":true,"href":"https:\/\/www.ufsm.br\/pro-reitorias\/pre\/wp-json\/wp\/v2\/comments?post=8081"}],"version-history":[{"count":0,"href":"https:\/\/www.ufsm.br\/pro-reitorias\/pre\/wp-json\/wp\/v2\/posts\/8081\/revisions"}],"wp:featuredmedia":[{"embeddable":true,"href":"https:\/\/www.ufsm.br\/pro-reitorias\/pre\/wp-json\/wp\/v2\/media\/8082"}],"wp:attachment":[{"href":"https:\/\/www.ufsm.br\/pro-reitorias\/pre\/wp-json\/wp\/v2\/media?parent=8081"}],"wp:term":[{"taxonomy":"category","embeddable":true,"href":"https:\/\/www.ufsm.br\/pro-reitorias\/pre\/wp-json\/wp\/v2\/categories?post=8081"},{"taxonomy":"post_tag","embeddable":true,"href":"https:\/\/www.ufsm.br\/pro-reitorias\/pre\/wp-json\/wp\/v2\/tags?post=8081"}],"curies":[{"name":"wp","href":"https:\/\/api.w.org\/{rel}","templated":true}]}}