{"id":8545,"date":"2023-10-27T15:44:40","date_gmt":"2023-10-27T18:44:40","guid":{"rendered":"https:\/\/www.ufsm.br\/pro-reitorias\/pre\/?p=8545"},"modified":"2023-11-10T12:23:45","modified_gmt":"2023-11-10T15:23:45","slug":"41-seurs-conta-com-a-participacao-de-treze-projetos-de-extensao-da-ufsm","status":"publish","type":"post","link":"https:\/\/www.ufsm.br\/pro-reitorias\/pre\/2023\/10\/27\/41-seurs-conta-com-a-participacao-de-treze-projetos-de-extensao-da-ufsm","title":{"rendered":"41.\u00b0 SEURS conta com a participa\u00e7\u00e3o de treze Projetos de Extens\u00e3o da UFSM"},"content":{"rendered":"\n<p><b><img fetchpriority=\"high\" decoding=\"async\" class=\" wp-image-8546 aligncenter\" src=\"https:\/\/www.ufsm.br\/app\/uploads\/sites\/346\/2023\/10\/IMG-20231025-WA0043.jpg\" alt=\"\" width=\"550\" height=\"412\" srcset=\"https:\/\/www.ufsm.br\/app\/uploads\/sites\/346\/2023\/10\/IMG-20231025-WA0043.jpg 1600w, https:\/\/www.ufsm.br\/app\/uploads\/sites\/346\/2023\/10\/IMG-20231025-WA0043-300x225.jpg 300w, https:\/\/www.ufsm.br\/app\/uploads\/sites\/346\/2023\/10\/IMG-20231025-WA0043-1024x768.jpg 1024w, https:\/\/www.ufsm.br\/app\/uploads\/sites\/346\/2023\/10\/IMG-20231025-WA0043-768x576.jpg 768w, https:\/\/www.ufsm.br\/app\/uploads\/sites\/346\/2023\/10\/IMG-20231025-WA0043-1536x1152.jpg 1536w\" sizes=\"(max-width: 550px) 100vw, 550px\" \/><\/b><span style=\"font-weight: 400\">Hoje (27), encerra-se o 41.\u00b0 Semin\u00e1rio de Extens\u00e3o Universit\u00e1ria da Regi\u00e3o Sul (SEURS), que promove a discuss\u00e3o e difus\u00e3o da extens\u00e3o universit\u00e1ria por meio do interc\u00e2mbio entre as institui\u00e7\u00f5es participantes do F\u00f3rum de Pr\u00f3-Reitores das Institui\u00e7\u00f5es P\u00fablicas de Educa\u00e7\u00e3o Superior Brasileiras (FORPROEX). Esta edi\u00e7\u00e3o do SEURS foi sediada na Universidade Estadual de Ponta Grossa (UEPG), entre os dias 25 e 27 de outubro. O evento re\u00fane anualmente dirigentes e agentes extensionistas do Paran\u00e1, Santa Cataria e Rio Grande do Sul para estimular o di\u00e1logo interinstitucional e a troca de experi\u00eancias com a comunidade, fortalecendo a pr\u00e1tica extensionista. Neste ano, a edi\u00e7\u00e3o do SEURS \u00e9 pautada no tema \u201cExtens\u00e3o Universit\u00e1ria: Interfaces entre Ci\u00eancia, Comunidade e Pol\u00edticas P\u00fablicas\u201d para fomentar o di\u00e1logo sobre as experi\u00eancias, transforma\u00e7\u00f5es e desafios da Extens\u00e3o Universit\u00e1ria.<\/span><\/p>\n<p><span style=\"font-weight: 400\"><img decoding=\"async\" class=\"wp-image-8548  alignright\" src=\"https:\/\/www.ufsm.br\/app\/uploads\/sites\/346\/2023\/10\/IMG-20231025-WA0044-225x300.jpg\" alt=\"\" width=\"308\" height=\"411\" srcset=\"https:\/\/www.ufsm.br\/app\/uploads\/sites\/346\/2023\/10\/IMG-20231025-WA0044-225x300.jpg 225w, https:\/\/www.ufsm.br\/app\/uploads\/sites\/346\/2023\/10\/IMG-20231025-WA0044-768x1024.jpg 768w, https:\/\/www.ufsm.br\/app\/uploads\/sites\/346\/2023\/10\/IMG-20231025-WA0044.jpg 867w\" sizes=\"(max-width: 308px) 100vw, 308px\" \/>A Universidade Federal de Santa Maria (UFSM) levou \u00e0 UEPG os melhores trabalhos de extens\u00e3o premiados na 37\u00b0 Jornada Acad\u00eamica Integrada (JAI), realizada em 2022. Um trabalho de cada Unidade de ensino foi contemplado com a premia\u00e7\u00e3o. Os acad\u00eamicos receberam seus pr\u00eamios nesta segunda-feira (23), como parte da programa\u00e7\u00e3o do 18.\u00b0 Sal\u00e3o de Extens\u00e3o da 38.\u00b0 JAI, que ocorreu entre os dias 23 e 27 de outubro. A caravana da UFSM foi \u00e0 Ponta Grossa com 17 acad\u00eamicos, autores e co-autores dos projetos apresentados, e o T\u00e9cnico-Administrativo em Educa\u00e7\u00e3o (TAE) Bryan Brummelhaus de Menezes, do Campus de Frederico Westphalen. Entre os projetos extensionistas da UFSM que participaram do 41\u00b0 SEURS, estavam:<\/span><\/p>\n<ul>\n<li style=\"font-weight: 400\"><span style=\"font-weight: 400\">Uso de Experimentos de Qu\u00edmica como Suporte ao Aprendizado para turmas do 3.\u00b0 ano do Ensino M\u00e9dio, apresentado por Camila Vitoria de Carli (CAMPUS &#8211; FW).<\/span><\/li>\n<li style=\"font-weight: 400\"><span style=\"font-weight: 400\">Desafios na Preceptoria em Sa\u00fade: um relato de experi\u00eancia, apresentado por Natali Vit\u00f3ria Pedroso Kerber (CAMPUS &#8211; PM).<\/span><\/li>\n<li style=\"font-weight: 400\"><span style=\"font-weight: 400\">Pacom\u00ea: incentivo \u00e0 alimenta\u00e7\u00e3o saud\u00e1vel a partir do consumo consciente (PODCAST), apresentado por Helena Torres da Trindade (CAMPUS &#8211; CH).<\/span><\/li>\n<li style=\"font-weight: 400\"><span style=\"font-weight: 400\">Oficina \u201cDo Quintal ao Quilombo\u201d: troca de saberes e resgate identit\u00e1rio (OFICINA), apresentado por Janaina Daniele Pereira da Cruz (Col\u00e9gio Polit\u00e9cnico).<\/span><\/li>\n<li style=\"font-weight: 400\"><span style=\"font-weight: 400\">Rob\u00f3tica nas Escolas: cursos de rob\u00f3tica para professores e alunos da rede municipal de ensino (V\u00cdDEO), apresentado por Adrian Kelvin dos Santos Oliveira (CTISM).<\/span><\/li>\n<li style=\"font-weight: 400\"><span style=\"font-weight: 400\">Experimentos de F\u00edsica para Crian\u00e7as: desenvolvimento de uma atividade sobre sistema de filtragem de \u00e1gua para alunos do 4.\u00b0 ano do Ensino Fundamental, apresentado por Ana Julia Assolin Diaz (CCNE).<\/span><\/li>\n<li style=\"font-weight: 400\"><span style=\"font-weight: 400\">Inspire-se! Das Mulheres Protagonistas \u00e0s Medalhistas Ol\u00edmpicas &#8211; Parte 2, apresentado por Juliana Jungs de Almeida (CEFD).<\/span><\/li>\n<li style=\"font-weight: 400\"><span style=\"font-weight: 400\">Programa \u201cOlha o Passarinho!\u201d: uma experi\u00eancia diferente para alunos do Ensino Fundamental, apresentado por Raiana Gon\u00e7alves Ribas (CCR).<\/span><\/li>\n<li style=\"font-weight: 400\"><span style=\"font-weight: 400\">A sa\u00fade da popula\u00e7\u00e3o idosa por meio das equipes da aten\u00e7\u00e3o prim\u00e1ria em sa\u00fade: oficinas de promo\u00e7\u00e3o \u00e0 sa\u00fade, apresentado por Sara Trindade Vernes (CCSH).<\/span><\/li>\n<li style=\"font-weight: 400\"><span style=\"font-weight: 400\">Terceira fase de capacita\u00e7\u00e3o de professores da Rede P\u00fablica sobre a tem\u00e1tica de Educa\u00e7\u00e3o Financeira desenvolvida pelo projeto SUMO, apresentada por Beatriz Fernanda Taveira (CT).<\/span><\/li>\n<li style=\"font-weight: 400\"><span style=\"font-weight: 400\">A\u00e7\u00f5es de um projeto de extens\u00e3o na aten\u00e7\u00e3o integral ao paciente com c\u00e2ncer, apresentado por Camila Lais Menegazzi Giongo (CCS).<\/span><\/li>\n<li style=\"font-weight: 400\"><span style=\"font-weight: 400\">Alfabetiza\u00e7\u00e3o em contexto de vulnerabilidade social: um relato de experi\u00eancia, apresentado por Leticia Paiva Muscope (CE).<\/span><\/li>\n<li style=\"font-weight: 400\"><span style=\"font-weight: 400\">Clenio Faccin e o Teatro Universit\u00e1rio Independente, apresentado por Valeria Antunes do Amarante<\/span><\/li>\n<\/ul>\n<p><span style=\"font-weight: 400\">Al\u00e9m dos trabalhos, durante o evento tamb\u00e9m aconteceram apresenta\u00e7\u00f5es culturais, uma confer\u00eancia e duas mesas redondas. Durante a abertura do SEURS, no dia 25, foi realizada uma confer\u00eancia sobre \u201cDesafios \u00e0 consolida\u00e7\u00e3o de Pol\u00edticas de Extens\u00e3o\u201d, com o Pr\u00f3-Reitor de Extens\u00e3o e Cultura da Universidade de Pernambuco, Luiz Alberto Rodrigues. Na quinta-feira, dia 26, foi realizada a mesa redonda \u201cConstruindo pol\u00edticas p\u00fablicas de extens\u00e3o universit\u00e1ria: perspectivas e desafios\u201d, com a Pr\u00f3-Reitora de Extens\u00e3o da Universidade Estadual do Cear\u00e1, Maria Anezilany Gomes do Nascimento e o Pr\u00f3-Reitor de Ensino, Pesquisa e Extens\u00e3o da Universidade Estadual do Cear\u00e1, Evandro Salvador Alves de Oliveira. No \u00faltimo dia de evento (27), foi realizada a mesa redonda sobre \u201cMovimentos Sociais para o fortalecimento da extens\u00e3o universit\u00e1ria\u201d, com o professor Roberto Martins de Souza, do Instituto Federal do Paran\u00e1, e o professor Reidy Rolim de Moura, da Universidade Estadual de Ponta Grossa.<\/span><\/p>\n<hr \/>\n<p><em>Texto por: Lu\u00edsa Monteiro, Bolsista de Jornalismo da Subdivis\u00e3o de Divulga\u00e7\u00e3o e Eventos da PRE<br \/>Revis\u00e3o: Camila Steinhorst, da Subdivis\u00e3o de Divulga\u00e7\u00e3o e Eventos da PRE<\/em><\/p>\n","protected":false},"excerpt":{"rendered":"<p>Entre os dias 25 e 27 de outubro, a Universidade Estadual de Ponta Grossa (UEPG), no Paran\u00e1, sediou o 41.\u00b0 Semin\u00e1rio de Extens\u00e3o Universit\u00e1ria da Regi\u00e3o Sul (SEURS).<\/p>\n","protected":false},"author":5576,"featured_media":8547,"comment_status":"closed","ping_status":"closed","sticky":false,"template":"","format":"standard","meta":{"footnotes":""},"categories":[1],"tags":[],"class_list":["post-8545","post","type-post","status-publish","format-standard","has-post-thumbnail","hentry","category-sem-categoria"],"acf":[],"_links":{"self":[{"href":"https:\/\/www.ufsm.br\/pro-reitorias\/pre\/wp-json\/wp\/v2\/posts\/8545","targetHints":{"allow":["GET"]}}],"collection":[{"href":"https:\/\/www.ufsm.br\/pro-reitorias\/pre\/wp-json\/wp\/v2\/posts"}],"about":[{"href":"https:\/\/www.ufsm.br\/pro-reitorias\/pre\/wp-json\/wp\/v2\/types\/post"}],"author":[{"embeddable":true,"href":"https:\/\/www.ufsm.br\/pro-reitorias\/pre\/wp-json\/wp\/v2\/users\/5576"}],"replies":[{"embeddable":true,"href":"https:\/\/www.ufsm.br\/pro-reitorias\/pre\/wp-json\/wp\/v2\/comments?post=8545"}],"version-history":[{"count":0,"href":"https:\/\/www.ufsm.br\/pro-reitorias\/pre\/wp-json\/wp\/v2\/posts\/8545\/revisions"}],"wp:featuredmedia":[{"embeddable":true,"href":"https:\/\/www.ufsm.br\/pro-reitorias\/pre\/wp-json\/wp\/v2\/media\/8547"}],"wp:attachment":[{"href":"https:\/\/www.ufsm.br\/pro-reitorias\/pre\/wp-json\/wp\/v2\/media?parent=8545"}],"wp:term":[{"taxonomy":"category","embeddable":true,"href":"https:\/\/www.ufsm.br\/pro-reitorias\/pre\/wp-json\/wp\/v2\/categories?post=8545"},{"taxonomy":"post_tag","embeddable":true,"href":"https:\/\/www.ufsm.br\/pro-reitorias\/pre\/wp-json\/wp\/v2\/tags?post=8545"}],"curies":[{"name":"wp","href":"https:\/\/api.w.org\/{rel}","templated":true}]}}