{"id":8780,"date":"2024-01-15T14:16:18","date_gmt":"2024-01-15T17:16:18","guid":{"rendered":"https:\/\/www.ufsm.br\/pro-reitorias\/pre\/?p=8780"},"modified":"2024-01-15T15:25:49","modified_gmt":"2024-01-15T18:25:49","slug":"ufsm-e-governo-federal-anunciam-progredir-geoparque-cacapava","status":"publish","type":"post","link":"https:\/\/www.ufsm.br\/pro-reitorias\/pre\/2024\/01\/15\/ufsm-e-governo-federal-anunciam-progredir-geoparque-cacapava","title":{"rendered":"UFSM e Governo Federal anunciam Progredir Geoparque Ca\u00e7apava"},"content":{"rendered":"\t\t<div data-elementor-type=\"wp-post\" data-elementor-id=\"8780\" class=\"elementor elementor-8780\">\n\t\t\t\t\t\t<section class=\"elementor-section elementor-top-section elementor-element elementor-element-b2f99a8 elementor-section-boxed elementor-section-height-default elementor-section-height-default\" data-id=\"b2f99a8\" data-element_type=\"section\">\n\t\t\t\t\t\t<div class=\"elementor-container elementor-column-gap-default\">\n\t\t\t\t\t<div class=\"elementor-column elementor-col-100 elementor-top-column elementor-element elementor-element-a79b999\" data-id=\"a79b999\" data-element_type=\"column\">\n\t\t\t<div class=\"elementor-widget-wrap elementor-element-populated\">\n\t\t\t\t\t\t<div class=\"elementor-element elementor-element-13b43da elementor-widget elementor-widget-text-editor\" data-id=\"13b43da\" data-element_type=\"widget\" data-widget_type=\"text-editor.default\">\n\t\t\t\t<div class=\"elementor-widget-container\">\n\t\t\t\t\t\t\t<p><span style=\"font-weight: 400\">A Universidade Federal de Santa Maria (UFSM), por meio da Pr\u00f3-Reitoria de Extens\u00e3o (PRE), em conjunto com a prefeitura de Ca\u00e7apava do Sul e com o Minist\u00e9rio do Desenvolvimento e Assist\u00eancia Social, Fam\u00edlia e Combate \u00e0 Fome (MDS), anunciaram, nesta semana, o in\u00edcio do programa Progredir Geoparque Ca\u00e7apava. A iniciativa, inspirada no Progredir Geoparque Quarta Col\u00f4nia, oferecer\u00e1 cursos de qualifica\u00e7\u00e3o profissional \u00e0s pessoas inscritas no Cadastro \u00danico do Governo Federal. A nova fase da pol\u00edtica social tem in\u00edcio previsto para o segundo semestre de 2024 em Ca\u00e7apava do Sul.<\/span><\/p><figure id=\"attachment_8783\" aria-describedby=\"caption-attachment-8783\" style=\"width: 300px\" class=\"wp-caption alignleft\"><a href=\"https:\/\/www.ufsm.br\/app\/uploads\/sites\/346\/2024\/01\/6717a418cb3a4bb3aa01248595b19bc2.jpg\"><img decoding=\"async\" class=\"size-medium wp-image-8783\" src=\"https:\/\/www.ufsm.br\/app\/uploads\/sites\/346\/2024\/01\/6717a418cb3a4bb3aa01248595b19bc2-300x166.jpg\" alt=\"\" width=\"300\" height=\"166\" srcset=\"https:\/\/www.ufsm.br\/app\/uploads\/sites\/346\/2024\/01\/6717a418cb3a4bb3aa01248595b19bc2-300x166.jpg 300w, https:\/\/www.ufsm.br\/app\/uploads\/sites\/346\/2024\/01\/6717a418cb3a4bb3aa01248595b19bc2-1024x565.jpg 1024w, https:\/\/www.ufsm.br\/app\/uploads\/sites\/346\/2024\/01\/6717a418cb3a4bb3aa01248595b19bc2-768x424.jpg 768w, https:\/\/www.ufsm.br\/app\/uploads\/sites\/346\/2024\/01\/6717a418cb3a4bb3aa01248595b19bc2-1536x848.jpg 1536w, https:\/\/www.ufsm.br\/app\/uploads\/sites\/346\/2024\/01\/6717a418cb3a4bb3aa01248595b19bc2.jpg 1813w\" sizes=\"(max-width: 300px) 100vw, 300px\" \/><\/a><figcaption id=\"caption-attachment-8783\" class=\"wp-caption-text\">O Geoparque Ca\u00e7apava abriga rochas de mais de 500 milh\u00f5es de anos, al\u00e9m de caracteristicas naturais e culturais \u00fanicas no mundo.<\/figcaption><\/figure><p><span style=\"font-weight: 400\">De acordo com Jaciele Carine Vidor Sell, Pr\u00f3-Reitora Adjunta de Extens\u00e3o da UFSM e coordenadora institucional do Progredir Geoparques, o desenvolvimento do programa no territ\u00f3rio ressalta o papel da UFSM junto aos Geoparques, contribuindo para o desenvolvimento sustent\u00e1vel e para o empoderamento da comunidade local. \u201cO Progredir \u00e9 uma estrat\u00e9gia que valoriza a cultura e o patrim\u00f4nio local por meio da gera\u00e7\u00e3o de novas oportunidades de trabalho e de renda. Isso est\u00e1 diretamente relacionado ao ideal de Geoparque, que \u00e9 a conex\u00e3o das pessoas com o seu territ\u00f3rio\u201d, ressalta.<\/span><\/p><p><span style=\"font-weight: 400\">A implementa\u00e7\u00e3o do Progredir no territ\u00f3rio de Ca\u00e7apava do Sul foi viabilizada por meio de um aditivo ao plano de trabalho j\u00e1 existente na UFSM, e contou com a articula\u00e7\u00e3o do secret\u00e1rio de Cultura e Turismo, Stener Camargo, e da secret\u00e1ria de Planejamento e Meio Ambiente, C\u00e1ssia Freitas. Com os novos recursos destinados pelo MDS, a expectativa \u00e9 que o Geoparque receba mais de 400h de cursos de qualifica\u00e7\u00e3o profissional. Todas as forma\u00e7\u00f5es contar\u00e3o com lanches e materiais did\u00e1ticos aos participantes, kits para o acompanhamento das atividades propostas e cuidadoras para crian\u00e7as entre 0 e 6 anos.<\/span><\/p><p><span style=\"font-weight: 400\">O Progredir Geoparque Ca\u00e7apava ser\u00e1 executado em parceria com os dois Centros de Refer\u00eancia da Assist\u00eancia Social (CRAS) do munic\u00edpio. A equipe desses espa\u00e7os ser\u00e1 respons\u00e1vel pela inscri\u00e7\u00e3o das(os) participantes e pela organiza\u00e7\u00e3o dos espa\u00e7os que receber\u00e3o os cursos do Programa. A ger\u00eancia administrativa ser\u00e1 de responsabilidade da equipe da UFSM, incluindo a emiss\u00e3o dos certificados e a gest\u00e3o dos recursos financeiros destinados pelo Governo Federal.<\/span><\/p><p><span style=\"font-weight: 400\">De acordo com Angelita Zimmermann, respons\u00e1vel t\u00e9cnica na UFSM pelo Programa, a experi\u00eancia exitosa do Progredir Geoparque Quarta Col\u00f4nia tem inspirado diversos gestores p\u00fablicos por sua din\u00e2mica de qualifica\u00e7\u00e3o profissional integrar diversas \u00e1reas do conhecimento, al\u00e9m do reconhecimento do potencial de trabalho das pessoas que vivem no lugar e da valoriza\u00e7\u00e3o das peculiaridades do patrim\u00f4nio cultural, hist\u00f3rico e ambiental do Geoparque. \u201cO processo formativo e a certifica\u00e7\u00e3o do Progredir tem possibilitado a melhoria na qualidade de vida, no bem-estar social e na gera\u00e7\u00e3o de trabalho e de renda aos egressos dos cursos\u201d, enfatiza.<\/span><\/p><p><span style=\"font-weight: 400\">Certificado em 2023 pela UNESCO como Geoparque Mundial, Ca\u00e7apava do Sul fica localizado no centro do Rio Grande do Sul. De acordo com o IBGE, o munic\u00edpio tem aproximadamente 32.500 habitantes e uma extens\u00e3o territorial de mais de 3 mil km\u00b2. Do total da popula\u00e7\u00e3o, cerca de 35% t\u00eam rendimento menor que dois sal\u00e1rios m\u00ednimos. Dados do MDS apontam que Ca\u00e7apava do Sul tem 6.586 fam\u00edlias inseridas no Cadastro \u00danico, sendo que 2.672 fam\u00edlias s\u00e3o atendidas pelo Programa Bolsa Fam\u00edlia. Na cidade considerada uma das maiores produtoras de min\u00e9rio do pa\u00eds no s\u00e9culo passado, atualmente as \u00e1reas de com\u00e9rcio e de servi\u00e7os s\u00e3o respons\u00e1veis por mais de 50% das posi\u00e7\u00f5es formais de trabalho.<\/span><\/p><p><span style=\"font-weight: 400\">\u201cA experi\u00eancia que tivemos com o Programa no territ\u00f3rio do Geoparque Quarta Col\u00f4nia\u00a0 foi surpreendente, um exemplo de como uma qualifica\u00e7\u00e3o feita com estrutura adequada e ministrantes muito bem preparados, pode impactar de maneira positiva\u00a0 na vida das pessoas. Principalmente quando falamos de pessoas em uma situa\u00e7\u00e3o de vulnerabilidade no aspecto socioecon\u00f4mico. Esperamos que em Ca\u00e7apava do Sul possamos obter, al\u00e9m de resultados efetivos e um n\u00famero satisfat\u00f3rio de certificados entregues, pessoas mais aptas e motivadas para atuarem no mercado de trabalho\u201d, ressalta Patr\u00edcia Freitas, da Subdivis\u00e3o de Geoparques da UFSM.\u00a0<\/span><\/p><p><span style=\"font-weight: 400\">Os cursos ofertados no territ\u00f3rio ser\u00e3o selecionados por meio de um edital de credenciamento publicado pela PRE\/UFSM ainda neste semestre. Com base nas prioridades apontadas pelo munic\u00edpio de Ca\u00e7apava, os cursos ter\u00e3o dura\u00e7\u00e3o m\u00e9dia de 50h, com tem\u00e1ticas relacionadas \u00e0s principais \u00e1reas econ\u00f4micas do territ\u00f3rio. Al\u00e9m disso, por ser desenvolvido em um Geoparque Mundial, tamb\u00e9m ser\u00e3o contempladas forma\u00e7\u00f5es voltadas ao turismo e \u00e0 sustentabilidade.<\/span><\/p><p><span style=\"font-weight: 400\">Todas as informa\u00e7\u00f5es sobre a implementa\u00e7\u00e3o do Programa no territ\u00f3rio, a chamada para cursos e tutores interessados em atuar no Progredir Geoparque Ca\u00e7apava poder\u00e3o ser acompanhadas pelo site ufsm.br\/pre <\/span><\/p>\t\t\t\t\t\t<\/div>\n\t\t\t\t<\/div>\n\t\t\t\t\t<\/div>\n\t\t<\/div>\n\t\t\t\t\t<\/div>\n\t\t<\/section>\n\t\t\t\t<section class=\"elementor-section elementor-top-section elementor-element elementor-element-7d7ffc1 elementor-section-boxed elementor-section-height-default elementor-section-height-default\" data-id=\"7d7ffc1\" data-element_type=\"section\">\n\t\t\t\t\t\t<div class=\"elementor-container elementor-column-gap-default\">\n\t\t\t\t\t<div class=\"elementor-column elementor-col-100 elementor-top-column elementor-element elementor-element-dccb82e\" data-id=\"dccb82e\" data-element_type=\"column\">\n\t\t\t<div class=\"elementor-widget-wrap elementor-element-populated\">\n\t\t\t\t\t\t<div class=\"elementor-element elementor-element-86a2293 elementor-widget elementor-widget-text-editor\" data-id=\"86a2293\" data-element_type=\"widget\" data-widget_type=\"text-editor.default\">\n\t\t\t\t<div class=\"elementor-widget-container\">\n\t\t\t\t\t\t\t<p><i><span style=\"font-weight: 400\">Texto: Wellington Hack, Progredir Geoparque Quarta Col\u00f4nia UFSM<\/span><\/i><\/p><p><i><span style=\"font-weight: 400\">Edi\u00e7\u00e3o: Camila Steinhorst, Progredir Geoparque Quarta Col\u00f4nia<\/span><\/i><\/p><p><i><span style=\"font-weight: 400\">Foto: Ca\u00e7apava Geoparque<\/span><\/i><\/p>\t\t\t\t\t\t<\/div>\n\t\t\t\t<\/div>\n\t\t\t\t\t<\/div>\n\t\t<\/div>\n\t\t\t\t\t<\/div>\n\t\t<\/section>\n\t\t\t\t<\/div>\n\t\t","protected":false},"excerpt":{"rendered":"<p>Iniciativa \u00e9 inspirada no desenvolvimento do Programa no Geoparque Quarta Col\u00f4nia. A nova fase da pol\u00edtica social ser\u00e1 desenvolvida no segundo semestre de 2024<\/p>\n","protected":false},"author":1452,"featured_media":8781,"comment_status":"closed","ping_status":"closed","sticky":false,"template":"","format":"standard","meta":{"footnotes":""},"categories":[254,276,694,490],"tags":[587,403,695],"class_list":["post-8780","post","type-post","status-publish","format-standard","has-post-thumbnail","hentry","category-geoparques","category-noticias","category-progredir-geoparque-cacapava","category-sociedade","tag-geoparque-cacapava","tag-ods-01","tag-progredir-geoparque-cacapava"],"acf":[],"_links":{"self":[{"href":"https:\/\/www.ufsm.br\/pro-reitorias\/pre\/wp-json\/wp\/v2\/posts\/8780","targetHints":{"allow":["GET"]}}],"collection":[{"href":"https:\/\/www.ufsm.br\/pro-reitorias\/pre\/wp-json\/wp\/v2\/posts"}],"about":[{"href":"https:\/\/www.ufsm.br\/pro-reitorias\/pre\/wp-json\/wp\/v2\/types\/post"}],"author":[{"embeddable":true,"href":"https:\/\/www.ufsm.br\/pro-reitorias\/pre\/wp-json\/wp\/v2\/users\/1452"}],"replies":[{"embeddable":true,"href":"https:\/\/www.ufsm.br\/pro-reitorias\/pre\/wp-json\/wp\/v2\/comments?post=8780"}],"version-history":[{"count":0,"href":"https:\/\/www.ufsm.br\/pro-reitorias\/pre\/wp-json\/wp\/v2\/posts\/8780\/revisions"}],"wp:featuredmedia":[{"embeddable":true,"href":"https:\/\/www.ufsm.br\/pro-reitorias\/pre\/wp-json\/wp\/v2\/media\/8781"}],"wp:attachment":[{"href":"https:\/\/www.ufsm.br\/pro-reitorias\/pre\/wp-json\/wp\/v2\/media?parent=8780"}],"wp:term":[{"taxonomy":"category","embeddable":true,"href":"https:\/\/www.ufsm.br\/pro-reitorias\/pre\/wp-json\/wp\/v2\/categories?post=8780"},{"taxonomy":"post_tag","embeddable":true,"href":"https:\/\/www.ufsm.br\/pro-reitorias\/pre\/wp-json\/wp\/v2\/tags?post=8780"}],"curies":[{"name":"wp","href":"https:\/\/api.w.org\/{rel}","templated":true}]}}