{"id":10214,"date":"2016-09-09T20:56:55","date_gmt":"2016-09-09T23:56:55","guid":{"rendered":"https:\/\/www.ufsm.br\/pro-reitorias\/progep\/2016\/09\/09\/seminario-de-recepcao-e-integracao-institucional-acontece-semana-que-vem\/"},"modified":"2016-09-09T20:56:55","modified_gmt":"2016-09-09T23:56:55","slug":"seminario-de-recepcao-e-integracao-institucional-acontece-semana-que-vem","status":"publish","type":"post","link":"https:\/\/www.ufsm.br\/pro-reitorias\/progep\/2016\/09\/09\/seminario-de-recepcao-e-integracao-institucional-acontece-semana-que-vem","title":{"rendered":"Semin\u00e1rio de Recep\u00e7\u00e3o e Integra\u00e7\u00e3o Institucional acontece semana que vem"},"content":{"rendered":"<p style=\"margin: 0px 0px 6px; color: #1d2129; font-family: helvetica, arial, sans-serif; font-size: 14px; line-height: 19.32px;\">&nbsp;<\/p>\n<p style=\"margin: 6px 0px; color: #1d2129; font-family: helvetica, arial, sans-serif; font-size: 14px; line-height: 19.32px;\">Nos dias 12, 13, 14, 15 e 16 de setembro, o N&uacute;cleo de Educa&ccedil;&atilde;o e Desenvolvimento (NED) da Pr&oacute;-Reitoria de Gest&atilde;o de Pessoas (PROGEP) promover&aacute; o Semin&aacute;rio de Recep&ccedil;&atilde;o e Integra&ccedil;&atilde;o Institucional para Novos Servidores Docentes e T&eacute;cnico-Administrativos em Educa&ccedil;&atilde;o da UFSM dos campi de Santa Maria, Palmeira das Miss&otilde;es e Frederico Westphalen.<\/p>\n<p style=\"margin: 6px 0px; color: #1d2129; font-family: helvetica, arial, sans-serif; font-size: 14px; line-height: 19.32px;\">O Semin&aacute;rio tem como objetivo acolher, ambientar e integrar os se<span class=\"text_exposed_show\" style=\"display: inline;\">rvidores t&eacute;cnico-administrativos e docentes ingressantes no quadro de pessoal, auxiliando na minimiza&ccedil;&atilde;o de poss&iacute;veis inseguran&ccedil;as e no desenvolvimento de rela&ccedil;&otilde;es interpessoais positivas, contribuindo para a excel&ecirc;ncia do seu trabalho na Institui&ccedil;&atilde;o.<\/span><\/p>\n<div class=\"text_exposed_show\" style=\"display: inline; color: #1d2129; font-family: helvetica, arial, sans-serif; font-size: 14px; line-height: 19.32px;\">\n<p style=\"margin: 0px 0px 6px;\">A capacita&ccedil;&atilde;o ser&aacute; realizada na Sala 218, 2&ordm; andar do Pr&eacute;dio da Reitoria &ndash; Campus de Santa Maria durante as manh&atilde;s de segunda a sexta-feira.<\/p>\n<p><a href=\"images\/Projetos\/2016\/2016.78_Semin&aacute;rio2\/Folder%20Semin&aacute;rio_II%20semestre.jpg\" target=\"_blank\">CLIQUE AQUI<\/a> para conferir a programa&ccedil;&atilde;o completa do evento.<\/p>\n<p style=\"margin: 6px 0px;\">Mais informa&ccedil;&otilde;es com o N&uacute;cleo de Educa&ccedil;&atilde;o e Desenvolvimento, pelo telefone 3220-8063.<\/p>\n<p style=\"margin: 6px 0px;\">Aproveite para curtir a nossa p&aacute;gina no <a href=\"https:\/\/www.facebook.com\/nedprogepufsm\/\" target=\"_blank\">Facebook <\/a>para saber as novidades sobre cursos e eventos para servidores.<\/p>\n<\/p><\/div>\n","protected":false},"excerpt":{"rendered":"<p>&nbsp; Nos dias 12, 13, 14, 15 e 16 de setembro, o N&uacute;cleo de Educa&ccedil;&atilde;o e Desenvolvimento (NED) da Pr&oacute;-Reitoria de Gest&atilde;o de Pessoas (PROGEP) promover&aacute; o Semin&aacute;rio de Recep&ccedil;&atilde;o e Integra&ccedil;&atilde;o Institucional para Novos Servidores Docentes e T&eacute;cnico-Administrativos em Educa&ccedil;&atilde;o da UFSM dos campi de Santa Maria, Palmeira das Miss&otilde;es e Frederico Westphalen. O [&hellip;]<\/p>\n","protected":false},"author":8,"featured_media":0,"comment_status":"closed","ping_status":"closed","sticky":false,"template":"","format":"standard","meta":{"footnotes":""},"categories":[1],"tags":[],"class_list":["post-10214","post","type-post","status-publish","format-standard","hentry","category-noticias"],"acf":[],"_links":{"self":[{"href":"https:\/\/www.ufsm.br\/pro-reitorias\/progep\/wp-json\/wp\/v2\/posts\/10214","targetHints":{"allow":["GET"]}}],"collection":[{"href":"https:\/\/www.ufsm.br\/pro-reitorias\/progep\/wp-json\/wp\/v2\/posts"}],"about":[{"href":"https:\/\/www.ufsm.br\/pro-reitorias\/progep\/wp-json\/wp\/v2\/types\/post"}],"author":[{"embeddable":true,"href":"https:\/\/www.ufsm.br\/pro-reitorias\/progep\/wp-json\/wp\/v2\/users\/8"}],"replies":[{"embeddable":true,"href":"https:\/\/www.ufsm.br\/pro-reitorias\/progep\/wp-json\/wp\/v2\/comments?post=10214"}],"version-history":[{"count":0,"href":"https:\/\/www.ufsm.br\/pro-reitorias\/progep\/wp-json\/wp\/v2\/posts\/10214\/revisions"}],"wp:attachment":[{"href":"https:\/\/www.ufsm.br\/pro-reitorias\/progep\/wp-json\/wp\/v2\/media?parent=10214"}],"wp:term":[{"taxonomy":"category","embeddable":true,"href":"https:\/\/www.ufsm.br\/pro-reitorias\/progep\/wp-json\/wp\/v2\/categories?post=10214"},{"taxonomy":"post_tag","embeddable":true,"href":"https:\/\/www.ufsm.br\/pro-reitorias\/progep\/wp-json\/wp\/v2\/tags?post=10214"}],"curies":[{"name":"wp","href":"https:\/\/api.w.org\/{rel}","templated":true}]}}