{"id":10215,"date":"2016-09-09T21:26:37","date_gmt":"2016-09-10T00:26:37","guid":{"rendered":"https:\/\/www.ufsm.br\/pro-reitorias\/progep\/2016\/09\/09\/progep-promovera-seminario-de-recepcao-e-integracao-institucional-para-os-novos-servidores-da-ufsm-campus-de-cachoeira-do-sul\/"},"modified":"2016-09-09T21:26:37","modified_gmt":"2016-09-10T00:26:37","slug":"progep-promovera-seminario-de-recepcao-e-integracao-institucional-para-os-novos-servidores-da-ufsm-campus-de-cachoeira-do-sul","status":"publish","type":"post","link":"https:\/\/www.ufsm.br\/pro-reitorias\/progep\/2016\/09\/09\/progep-promovera-seminario-de-recepcao-e-integracao-institucional-para-os-novos-servidores-da-ufsm-campus-de-cachoeira-do-sul","title":{"rendered":"PROGEP promover\u00e1 Semin\u00e1rio de Recep\u00e7\u00e3o e Integra\u00e7\u00e3o Institucional para os novos servidores da UFSM Campus de Cachoeira do Sul"},"content":{"rendered":"<p>O N&uacute;cleo de Educa&ccedil;&atilde;o e Desenvolvimento (NED) da Pr&oacute;-Reitoria de Gest&atilde;o de Pessoas (PROGEP) promover&aacute;, nos dias 03, 04 e 05 de outubro de 2016, o Semin&aacute;rio de Recep&ccedil;&atilde;o e Integra&ccedil;&atilde;o Institucional para Novos Servidores Docentes e T&eacute;cnico-Administrativos em Educa&ccedil;&atilde;o da UFSM do Campus de Cachoeira do Sul<\/p>\n<p>O Semin&aacute;rio tem como objetivo acolher, ambientar e integrar os servidores t&eacute;cnico-administrativos e docentes ingressantes no quadro de pessoal, auxiliando na minimiza&ccedil;&atilde;o de poss&iacute;veis inseguran&ccedil;as e no desenvolvimento de rela&ccedil;&otilde;es interpessoais positivas, contribuindo para a excel&ecirc;ncia do seu trabalho na Institui&ccedil;&atilde;o.<\/p>\n<p>&nbsp;A inscri&ccedil;&atilde;o para o evento poder&aacute; ser realizada na p&aacute;gina da PROGEP, no link: <span style=\"color: #0000ff;\">www.ufsm.br\/progep<\/span>, na aba &ldquo;Capacita&ccedil;&otilde;es&rdquo;, das 8h do dia 12 de setembro de 2016 &agrave;s 12h do dia 28 de setembro de 2016.<\/p>\n<p>&nbsp;O servidor que n&atilde;o possuir SIAPE ou que n&atilde;o conseguir realizar sua inscri&ccedil;&atilde;o no sistema, poder&aacute; faz&ecirc;-la pelo e-mail: <a href=\"mailto:nedufsm@gmail.com\">nedufsm@gmail.com<\/a> ou no local do evento, momentos antes de seu in&iacute;cio.<\/p>\n<p>&nbsp;Em breve divulgaremos a programa&ccedil;&atilde;o completa do Semin&aacute;rio<\/p>\n<p>&nbsp;Mais informa&ccedil;&otilde;es com o N&uacute;cleo de Educa&ccedil;&atilde;o e Desenvolvimento, pelo telefone 3220-8063.<\/p>\n<p>Aproveite para curtir a nossa p&aacute;gina no Facebook para saber as novidades sobre cursos e eventos para servidores.<\/p>\n","protected":false},"excerpt":{"rendered":"<p>O N&uacute;cleo de Educa&ccedil;&atilde;o e Desenvolvimento (NED) da Pr&oacute;-Reitoria de Gest&atilde;o de Pessoas (PROGEP) promover&aacute;, nos dias 03, 04 e 05 de outubro de 2016, o Semin&aacute;rio de Recep&ccedil;&atilde;o e Integra&ccedil;&atilde;o Institucional para Novos Servidores Docentes e T&eacute;cnico-Administrativos em Educa&ccedil;&atilde;o da UFSM do Campus de Cachoeira do Sul O Semin&aacute;rio tem como objetivo acolher, ambientar [&hellip;]<\/p>\n","protected":false},"author":8,"featured_media":0,"comment_status":"closed","ping_status":"closed","sticky":false,"template":"","format":"standard","meta":{"footnotes":""},"categories":[1],"tags":[],"class_list":["post-10215","post","type-post","status-publish","format-standard","hentry","category-noticias"],"acf":[],"_links":{"self":[{"href":"https:\/\/www.ufsm.br\/pro-reitorias\/progep\/wp-json\/wp\/v2\/posts\/10215","targetHints":{"allow":["GET"]}}],"collection":[{"href":"https:\/\/www.ufsm.br\/pro-reitorias\/progep\/wp-json\/wp\/v2\/posts"}],"about":[{"href":"https:\/\/www.ufsm.br\/pro-reitorias\/progep\/wp-json\/wp\/v2\/types\/post"}],"author":[{"embeddable":true,"href":"https:\/\/www.ufsm.br\/pro-reitorias\/progep\/wp-json\/wp\/v2\/users\/8"}],"replies":[{"embeddable":true,"href":"https:\/\/www.ufsm.br\/pro-reitorias\/progep\/wp-json\/wp\/v2\/comments?post=10215"}],"version-history":[{"count":0,"href":"https:\/\/www.ufsm.br\/pro-reitorias\/progep\/wp-json\/wp\/v2\/posts\/10215\/revisions"}],"wp:attachment":[{"href":"https:\/\/www.ufsm.br\/pro-reitorias\/progep\/wp-json\/wp\/v2\/media?parent=10215"}],"wp:term":[{"taxonomy":"category","embeddable":true,"href":"https:\/\/www.ufsm.br\/pro-reitorias\/progep\/wp-json\/wp\/v2\/categories?post=10215"},{"taxonomy":"post_tag","embeddable":true,"href":"https:\/\/www.ufsm.br\/pro-reitorias\/progep\/wp-json\/wp\/v2\/tags?post=10215"}],"curies":[{"name":"wp","href":"https:\/\/api.w.org\/{rel}","templated":true}]}}