{"id":10348,"date":"2016-11-11T18:48:17","date_gmt":"2016-11-11T20:48:17","guid":{"rendered":"https:\/\/www.ufsm.br\/pro-reitorias\/progep\/2016\/11\/11\/convocacao-dos-candidatos-negros-do-concurso-publico-para-taes-para-autodeclaracao-presencial-edital-036-2016\/"},"modified":"2016-11-11T18:48:17","modified_gmt":"2016-11-11T20:48:17","slug":"convocacao-dos-candidatos-negros-do-concurso-publico-para-taes-para-autodeclaracao-presencial-edital-036-2016","status":"publish","type":"post","link":"https:\/\/www.ufsm.br\/pro-reitorias\/progep\/2016\/11\/11\/convocacao-dos-candidatos-negros-do-concurso-publico-para-taes-para-autodeclaracao-presencial-edital-036-2016","title":{"rendered":"Convoca\u00e7\u00e3o dos candidatos negros do Concurso P\u00fablico para TAEs para autodeclara\u00e7\u00e3o presencial &#8211; Edital 036\/2016"},"content":{"rendered":"<p><span style=\"color: #1d2129; font-family: Helvetica, Arial, sans-serif; font-size: 14px;\">A Coordenadoria de Concursos\/PROGEP publicou o Edital n. 056\/2016 convocando os candidatos negros (pretos e pardos) do Concurso P&uacute;blico para cargos T&eacute;cnico-Administrativos em Educa&ccedil;&atilde;o regido pelo Edital n. 036\/2016, para realiza&ccedil;&atilde;o da autodeclara&ccedil;&atilde;o presencial.<\/span><br style=\"color: #1d2129; font-family: Helvetica, Arial, sans-serif; font-size: 14px;\" \/><span style=\"color: #1d2129; font-family: Helvetica, Arial, sans-serif; font-size: 14px;\">A listagem com os convocados e demais informa&ccedil;&otilde;es sobre local, data e hor&aacute;rio podem ser acessadas na <a href=\"http:\/\/site.ufsm.br\/concursos\/concurso-taes-edital-n-0362016\" target=\"_blank\">p&aacute;gin<\/a><\/span><span class=\"text_exposed_show\" style=\"display: inline; color: #1d2129; font-family: Helvetica, Arial, sans-serif; font-size: 14px;\"><a href=\"http:\/\/site.ufsm.br\/concursos\/concurso-taes-edital-n-0362016\" target=\"_blank\">a do Concurso<\/a> ou <a href=\"http:\/\/site.ufsm.br\/concursos\/concurso-taes-edital-n-0362016\/autodeclaracao\" target=\"_blank\">aqui<\/a>.<\/span><\/p>\n","protected":false},"excerpt":{"rendered":"<p>A Coordenadoria de Concursos\/PROGEP publicou o Edital n. 056\/2016 convocando os candidatos negros (pretos e pardos) do Concurso P&uacute;blico para cargos T&eacute;cnico-Administrativos em Educa&ccedil;&atilde;o regido pelo Edital n. 036\/2016, para realiza&ccedil;&atilde;o da autodeclara&ccedil;&atilde;o presencial.A listagem com os convocados e demais informa&ccedil;&otilde;es sobre local, data e hor&aacute;rio podem ser acessadas na p&aacute;gina do Concurso ou aqui.<\/p>\n","protected":false},"author":8,"featured_media":0,"comment_status":"closed","ping_status":"closed","sticky":false,"template":"","format":"standard","meta":{"footnotes":""},"categories":[1],"tags":[],"class_list":["post-10348","post","type-post","status-publish","format-standard","hentry","category-noticias"],"acf":[],"_links":{"self":[{"href":"https:\/\/www.ufsm.br\/pro-reitorias\/progep\/wp-json\/wp\/v2\/posts\/10348","targetHints":{"allow":["GET"]}}],"collection":[{"href":"https:\/\/www.ufsm.br\/pro-reitorias\/progep\/wp-json\/wp\/v2\/posts"}],"about":[{"href":"https:\/\/www.ufsm.br\/pro-reitorias\/progep\/wp-json\/wp\/v2\/types\/post"}],"author":[{"embeddable":true,"href":"https:\/\/www.ufsm.br\/pro-reitorias\/progep\/wp-json\/wp\/v2\/users\/8"}],"replies":[{"embeddable":true,"href":"https:\/\/www.ufsm.br\/pro-reitorias\/progep\/wp-json\/wp\/v2\/comments?post=10348"}],"version-history":[{"count":0,"href":"https:\/\/www.ufsm.br\/pro-reitorias\/progep\/wp-json\/wp\/v2\/posts\/10348\/revisions"}],"wp:attachment":[{"href":"https:\/\/www.ufsm.br\/pro-reitorias\/progep\/wp-json\/wp\/v2\/media?parent=10348"}],"wp:term":[{"taxonomy":"category","embeddable":true,"href":"https:\/\/www.ufsm.br\/pro-reitorias\/progep\/wp-json\/wp\/v2\/categories?post=10348"},{"taxonomy":"post_tag","embeddable":true,"href":"https:\/\/www.ufsm.br\/pro-reitorias\/progep\/wp-json\/wp\/v2\/tags?post=10348"}],"curies":[{"name":"wp","href":"https:\/\/api.w.org\/{rel}","templated":true}]}}