{"id":10551,"date":"2017-05-05T19:16:00","date_gmt":"2017-05-05T22:16:00","guid":{"rendered":"https:\/\/www.ufsm.br\/pro-reitorias\/progep\/2017\/05\/05\/seis-capacitacoes-sobre-o-novo-sistema-patrimonial-sao-realizadas-no-campus-de-santa-maria\/"},"modified":"2017-05-05T19:16:00","modified_gmt":"2017-05-05T22:16:00","slug":"seis-capacitacoes-sobre-o-novo-sistema-patrimonial-sao-realizadas-no-campus-de-santa-maria","status":"publish","type":"post","link":"https:\/\/www.ufsm.br\/pro-reitorias\/progep\/2017\/05\/05\/seis-capacitacoes-sobre-o-novo-sistema-patrimonial-sao-realizadas-no-campus-de-santa-maria","title":{"rendered":"Seis capacita\u00e7\u00f5es sobre o novo sistema patrimonial s\u00e3o realizadas no campus de Santa Maria"},"content":{"rendered":"<p>No per&iacute;odo de 10 de abril a 05 de maio, foram realizadas seis capacita&ccedil;&otilde;es sobre o Sistema Patrimonial da UFSM.<\/p>\n<p>O p&uacute;blico-alvo foram chefes e diretores de Unidades Administrativas da UFSM e servidores t&eacute;cnico-administrativos que realizam atividades relacionadas &agrave; carga patrimonial da UFSM (Agentes Patrimoniais).<\/p>\n<p>Com carga hor&aacute;ria de 4 horas, as turmas foram realizadas no laborat&oacute;rio de inform&aacute;tica do CCSH (pr&eacute;dio 74c) &ndash; sala 4400.<\/p>\n<p>Ainda, est&aacute; prevista mais uma turma a ser realizada em Frederico Westphalen no dia 16 de maio.<\/p>\n<p>O curso &eacute; uma realiza&ccedil;&atilde;o do DEMAPA\/Divis&atilde;o de Patrim&ocirc;nio, da Pr&oacute;-Reitoria de Administra&ccedil;&atilde;o e do CPD, sendo apoiado pela PROGEP.<\/p>\n<p>A &uacute;ltima turma foi gravada pela Equipe Multiweb do CPD, a qual ficar&aacute; dispon&iacute;vel no Farol da UFSM para ser assistida posteriormente.<\/p>\n<p>Confira as fotos das turmas 5 e 6:<\/p>\n<p>&nbsp;<a href=\"https:\/\/www.ufsm.br\/pro-reitorias\/progep\/wp-content\/uploads\/sites\/341\/2017\/05\/599f3a48-9f06-4660-a784-c8f42f76fa45.jpg\" target=\"_blank\"><img decoding=\"async\" class=\" size-full wp-image-10547\" src=\"https:\/\/www.ufsm.br\/pro-reitorias\/progep\/wp-content\/uploads\/sites\/341\/2017\/05\/599f3a48-9f06-4660-a784-c8f42f76fa45.jpg\" alt=\"599f3a48 9f06 4660 a784 c8f42f76fa45\" width=\"250\" height=\"141\" srcset=\"https:\/\/www.ufsm.br\/app\/uploads\/sites\/341\/2017\/05\/599f3a48-9f06-4660-a784-c8f42f76fa45.jpg 1032w, https:\/\/www.ufsm.br\/app\/uploads\/sites\/341\/2017\/05\/599f3a48-9f06-4660-a784-c8f42f76fa45-300x169.jpg 300w, https:\/\/www.ufsm.br\/app\/uploads\/sites\/341\/2017\/05\/599f3a48-9f06-4660-a784-c8f42f76fa45-768x432.jpg 768w, https:\/\/www.ufsm.br\/app\/uploads\/sites\/341\/2017\/05\/599f3a48-9f06-4660-a784-c8f42f76fa45-1024x576.jpg 1024w\" sizes=\"(max-width: 250px) 100vw, 250px\" \/><\/a>&nbsp; &nbsp;<img decoding=\"async\" class=\" size-full wp-image-10548\" src=\"https:\/\/www.ufsm.br\/pro-reitorias\/progep\/wp-content\/uploads\/sites\/341\/2017\/05\/f7141c43-67fa-44c0-9869-fb7dc9aac96f.jpg\" alt=\"f7141c43 67fa 44c0 9869 fb7dc9aac96f\" width=\"250\" height=\"141\" srcset=\"https:\/\/www.ufsm.br\/app\/uploads\/sites\/341\/2017\/05\/f7141c43-67fa-44c0-9869-fb7dc9aac96f.jpg 1032w, https:\/\/www.ufsm.br\/app\/uploads\/sites\/341\/2017\/05\/f7141c43-67fa-44c0-9869-fb7dc9aac96f-300x169.jpg 300w, https:\/\/www.ufsm.br\/app\/uploads\/sites\/341\/2017\/05\/f7141c43-67fa-44c0-9869-fb7dc9aac96f-768x432.jpg 768w, https:\/\/www.ufsm.br\/app\/uploads\/sites\/341\/2017\/05\/f7141c43-67fa-44c0-9869-fb7dc9aac96f-1024x576.jpg 1024w\" sizes=\"(max-width: 250px) 100vw, 250px\" \/><\/p>\n<p><img decoding=\"async\" class=\" size-full wp-image-10549\" src=\"https:\/\/www.ufsm.br\/pro-reitorias\/progep\/wp-content\/uploads\/sites\/341\/2017\/05\/693227bc-bc7b-4025-bc06-a17111490084.jpg\" alt=\"693227bc bc7b 4025 bc06 a17111490084\" width=\"250\" height=\"141\" srcset=\"https:\/\/www.ufsm.br\/app\/uploads\/sites\/341\/2017\/05\/693227bc-bc7b-4025-bc06-a17111490084.jpg 1040w, https:\/\/www.ufsm.br\/app\/uploads\/sites\/341\/2017\/05\/693227bc-bc7b-4025-bc06-a17111490084-300x169.jpg 300w, https:\/\/www.ufsm.br\/app\/uploads\/sites\/341\/2017\/05\/693227bc-bc7b-4025-bc06-a17111490084-768x432.jpg 768w, https:\/\/www.ufsm.br\/app\/uploads\/sites\/341\/2017\/05\/693227bc-bc7b-4025-bc06-a17111490084-1024x576.jpg 1024w\" sizes=\"(max-width: 250px) 100vw, 250px\" \/>&nbsp; &nbsp;<img loading=\"lazy\" decoding=\"async\" class=\" size-full wp-image-10550\" src=\"https:\/\/www.ufsm.br\/pro-reitorias\/progep\/wp-content\/uploads\/sites\/341\/2017\/05\/d2a8c851-2836-4709-b854-bf58d5f031b2.jpg\" alt=\"d2a8c851 2836 4709 b854 bf58d5f031b2\" width=\"250\" height=\"141\" srcset=\"https:\/\/www.ufsm.br\/app\/uploads\/sites\/341\/2017\/05\/d2a8c851-2836-4709-b854-bf58d5f031b2.jpg 1040w, https:\/\/www.ufsm.br\/app\/uploads\/sites\/341\/2017\/05\/d2a8c851-2836-4709-b854-bf58d5f031b2-300x169.jpg 300w, https:\/\/www.ufsm.br\/app\/uploads\/sites\/341\/2017\/05\/d2a8c851-2836-4709-b854-bf58d5f031b2-768x432.jpg 768w, https:\/\/www.ufsm.br\/app\/uploads\/sites\/341\/2017\/05\/d2a8c851-2836-4709-b854-bf58d5f031b2-1024x576.jpg 1024w\" sizes=\"(max-width: 250px) 100vw, 250px\" \/><\/p>\n<p>&nbsp;<\/p>\n","protected":false},"excerpt":{"rendered":"<p>No per&iacute;odo de 10 de abril a 05 de maio, foram realizadas seis capacita&ccedil;&otilde;es sobre o Sistema Patrimonial da UFSM. O p&uacute;blico-alvo foram chefes e diretores de Unidades Administrativas da UFSM e servidores t&eacute;cnico-administrativos que realizam atividades relacionadas &agrave; carga patrimonial da UFSM (Agentes Patrimoniais). Com carga hor&aacute;ria de 4 horas, as turmas foram realizadas [&hellip;]<\/p>\n","protected":false},"author":8,"featured_media":10547,"comment_status":"closed","ping_status":"closed","sticky":false,"template":"","format":"standard","meta":{"footnotes":""},"categories":[1],"tags":[],"class_list":["post-10551","post","type-post","status-publish","format-standard","has-post-thumbnail","hentry","category-noticias"],"acf":[],"_links":{"self":[{"href":"https:\/\/www.ufsm.br\/pro-reitorias\/progep\/wp-json\/wp\/v2\/posts\/10551","targetHints":{"allow":["GET"]}}],"collection":[{"href":"https:\/\/www.ufsm.br\/pro-reitorias\/progep\/wp-json\/wp\/v2\/posts"}],"about":[{"href":"https:\/\/www.ufsm.br\/pro-reitorias\/progep\/wp-json\/wp\/v2\/types\/post"}],"author":[{"embeddable":true,"href":"https:\/\/www.ufsm.br\/pro-reitorias\/progep\/wp-json\/wp\/v2\/users\/8"}],"replies":[{"embeddable":true,"href":"https:\/\/www.ufsm.br\/pro-reitorias\/progep\/wp-json\/wp\/v2\/comments?post=10551"}],"version-history":[{"count":0,"href":"https:\/\/www.ufsm.br\/pro-reitorias\/progep\/wp-json\/wp\/v2\/posts\/10551\/revisions"}],"wp:featuredmedia":[{"embeddable":true,"href":"https:\/\/www.ufsm.br\/pro-reitorias\/progep\/wp-json\/wp\/v2\/media\/10547"}],"wp:attachment":[{"href":"https:\/\/www.ufsm.br\/pro-reitorias\/progep\/wp-json\/wp\/v2\/media?parent=10551"}],"wp:term":[{"taxonomy":"category","embeddable":true,"href":"https:\/\/www.ufsm.br\/pro-reitorias\/progep\/wp-json\/wp\/v2\/categories?post=10551"},{"taxonomy":"post_tag","embeddable":true,"href":"https:\/\/www.ufsm.br\/pro-reitorias\/progep\/wp-json\/wp\/v2\/tags?post=10551"}],"curies":[{"name":"wp","href":"https:\/\/api.w.org\/{rel}","templated":true}]}}