{"id":10552,"date":"2017-05-05T22:29:27","date_gmt":"2017-05-06T01:29:27","guid":{"rendered":"https:\/\/www.ufsm.br\/pro-reitorias\/progep\/2017\/05\/05\/progep-informa-sobre-a-exigencia-da-apresentacao-de-diploma-para-pagamento-de-retribuicao-por-titulacao-e-incentivo-a-qualificacao\/"},"modified":"2017-05-05T22:29:27","modified_gmt":"2017-05-06T01:29:27","slug":"progep-informa-sobre-a-exigencia-da-apresentacao-de-diploma-para-pagamento-de-retribuicao-por-titulacao-e-incentivo-a-qualificacao","status":"publish","type":"post","link":"https:\/\/www.ufsm.br\/pro-reitorias\/progep\/2017\/05\/05\/progep-informa-sobre-a-exigencia-da-apresentacao-de-diploma-para-pagamento-de-retribuicao-por-titulacao-e-incentivo-a-qualificacao","title":{"rendered":"PROGEP informa sobre a exig\u00eancia da apresenta\u00e7\u00e3o de diploma para pagamento de Retribui\u00e7\u00e3o por Titula\u00e7\u00e3o e Incentivo \u00e0 Qualifica\u00e7\u00e3o"},"content":{"rendered":"<p>A Pr&oacute;-Reitoria de Gest&atilde;o de Pessoas (PROGEP) informa aos servidores Docentes e T&eacute;cnico-Administrativos em Educa&ccedil;&atilde;o (TAEs) que os<strong> novos pedidos <\/strong>de&nbsp;Retribui&ccedil;&atilde;o por Titula&ccedil;&atilde;o (RT &#8211; docentes) e &nbsp;Incentivo &agrave; Qualifica&ccedil;&atilde;o (IQ &#8211; TAEs) somente ser&atilde;o deferidos mediante a apresenta&ccedil;&atilde;o do diploma ou certificado, de acordo com o curso conclu&iacute;do.<\/p>\n<p>Tal exig&ecirc;ncia se d&aacute; em cumprimento &agrave; determina&ccedil;&atilde;o da Secretaria de Gest&atilde;o de Pessoas e Rela&ccedil;&otilde;es do Trabalho, do Minist&eacute;rio do Planejamento, Desenvolvimento e Gest&atilde;o, expressa no Of&iacute;cio Circular n&ordm; 818\/2016-MP, a qual determina a obrigatoriedade da apresenta&ccedil;&atilde;o do diploma de conclus&atilde;o de curso como requisito para o pagamento de Retribui&ccedil;&atilde;o por Titula&ccedil;&atilde;o &ndash; RT.<br \/>Mais informa&ccedil;&otilde;es com a Secretaria T&eacute;cnica de Pessoal Docente (STPD), 4&ordm; andar da Reitoria, sala 415, ramal 8386, quando se tratar de Retribui&ccedil;&atilde;o por Titula&ccedil;&atilde;o, e com o N&uacute;cleo de Educa&ccedil;&atilde;o e Desenvolvimento (NED), sala 436, ramal 8063, quando se tratar de Incentivo &agrave; Qualifica&ccedil;&atilde;o.<\/p>\n","protected":false},"excerpt":{"rendered":"<p>A Pr&oacute;-Reitoria de Gest&atilde;o de Pessoas (PROGEP) informa aos servidores Docentes e T&eacute;cnico-Administrativos em Educa&ccedil;&atilde;o (TAEs) que os novos pedidos de&nbsp;Retribui&ccedil;&atilde;o por Titula&ccedil;&atilde;o (RT &#8211; docentes) e &nbsp;Incentivo &agrave; Qualifica&ccedil;&atilde;o (IQ &#8211; TAEs) somente ser&atilde;o deferidos mediante a apresenta&ccedil;&atilde;o do diploma ou certificado, de acordo com o curso conclu&iacute;do. Tal exig&ecirc;ncia se d&aacute; em cumprimento [&hellip;]<\/p>\n","protected":false},"author":8,"featured_media":0,"comment_status":"closed","ping_status":"closed","sticky":false,"template":"","format":"standard","meta":{"footnotes":""},"categories":[1],"tags":[],"class_list":["post-10552","post","type-post","status-publish","format-standard","hentry","category-noticias"],"acf":[],"_links":{"self":[{"href":"https:\/\/www.ufsm.br\/pro-reitorias\/progep\/wp-json\/wp\/v2\/posts\/10552","targetHints":{"allow":["GET"]}}],"collection":[{"href":"https:\/\/www.ufsm.br\/pro-reitorias\/progep\/wp-json\/wp\/v2\/posts"}],"about":[{"href":"https:\/\/www.ufsm.br\/pro-reitorias\/progep\/wp-json\/wp\/v2\/types\/post"}],"author":[{"embeddable":true,"href":"https:\/\/www.ufsm.br\/pro-reitorias\/progep\/wp-json\/wp\/v2\/users\/8"}],"replies":[{"embeddable":true,"href":"https:\/\/www.ufsm.br\/pro-reitorias\/progep\/wp-json\/wp\/v2\/comments?post=10552"}],"version-history":[{"count":0,"href":"https:\/\/www.ufsm.br\/pro-reitorias\/progep\/wp-json\/wp\/v2\/posts\/10552\/revisions"}],"wp:attachment":[{"href":"https:\/\/www.ufsm.br\/pro-reitorias\/progep\/wp-json\/wp\/v2\/media?parent=10552"}],"wp:term":[{"taxonomy":"category","embeddable":true,"href":"https:\/\/www.ufsm.br\/pro-reitorias\/progep\/wp-json\/wp\/v2\/categories?post=10552"},{"taxonomy":"post_tag","embeddable":true,"href":"https:\/\/www.ufsm.br\/pro-reitorias\/progep\/wp-json\/wp\/v2\/tags?post=10552"}],"curies":[{"name":"wp","href":"https:\/\/api.w.org\/{rel}","templated":true}]}}