{"id":10613,"date":"2017-06-06T18:30:51","date_gmt":"2017-06-06T21:30:51","guid":{"rendered":"https:\/\/www.ufsm.br\/pro-reitorias\/progep\/2017\/06\/06\/curso-de-preparacao-a-aposentadoria-foi-iniciado-pela-progep\/"},"modified":"2017-06-06T18:30:51","modified_gmt":"2017-06-06T21:30:51","slug":"curso-de-preparacao-a-aposentadoria-foi-iniciado-pela-progep","status":"publish","type":"post","link":"https:\/\/www.ufsm.br\/pro-reitorias\/progep\/2017\/06\/06\/curso-de-preparacao-a-aposentadoria-foi-iniciado-pela-progep","title":{"rendered":"Curso de Prepara\u00e7\u00e3o \u00e0 Aposentadoria foi iniciado pela PROGEP"},"content":{"rendered":"<p>A Pr&oacute;-Reitoria de gest&atilde;o de Pessoas iniciou curso de Prepara&ccedil;&atilde;o &agrave; Aposentadoria na &uacute;ltima quarta-feira, dia 31\/05\/2017.<\/p>\n<p>O curso aborda aspectos sociais, financeiros, psicol&oacute;gicos e de sa&uacute;de relacionados &agrave; aposentadoria.<\/p>\n<p>Com carga hor&aacute;ria de 20 horas, o per&iacute;odo de realiza&ccedil;&atilde;o &eacute; de 24\/05\/2017 a 12\/07\/2017, &agrave;s quartas-feiras, das 9h &agrave;s 11h30min, no Audit&oacute;rio da PROGEP.<\/p>\n<p>O curso &eacute; dirigido a todos os servidores (docentes e t&eacute;cnico-administrativos) independente do tempo de servi&ccedil;o na UFSM.<\/p>\n<p><a href=\"images\/Projetos\/2017\/15.2017%20-%20curso%20prepara&ccedil;&atilde;o%20a%20aposentadoria\/WhatsApp%20Image%202017-05-31%20at%2009.36.48%20(7).jpeg\" target=\"_blank\" rel=\"noopener noreferrer\"><img fetchpriority=\"high\" decoding=\"async\" src=\"images\/Projetos\/2017\/15.2017%20-%20curso%20prepara&ccedil;&atilde;o%20a%20aposentadoria\/WhatsApp%20Image%202017-05-31%20at%2009.36.48%20(7).jpeg\" alt=\"WhatsApp Image 2017 05 31 at 09.36.48 (7)\" width=\"300\" height=\"169\" \/><\/a><\/p>\n","protected":false},"excerpt":{"rendered":"<p>A Pr&oacute;-Reitoria de gest&atilde;o de Pessoas iniciou curso de Prepara&ccedil;&atilde;o &agrave; Aposentadoria na &uacute;ltima quarta-feira, dia 31\/05\/2017. O curso aborda aspectos sociais, financeiros, psicol&oacute;gicos e de sa&uacute;de relacionados &agrave; aposentadoria. Com carga hor&aacute;ria de 20 horas, o per&iacute;odo de realiza&ccedil;&atilde;o &eacute; de 24\/05\/2017 a 12\/07\/2017, &agrave;s quartas-feiras, das 9h &agrave;s 11h30min, no Audit&oacute;rio da PROGEP. [&hellip;]<\/p>\n","protected":false},"author":8,"featured_media":0,"comment_status":"closed","ping_status":"closed","sticky":false,"template":"","format":"standard","meta":{"footnotes":""},"categories":[1],"tags":[],"class_list":["post-10613","post","type-post","status-publish","format-standard","hentry","category-noticias"],"acf":[],"_links":{"self":[{"href":"https:\/\/www.ufsm.br\/pro-reitorias\/progep\/wp-json\/wp\/v2\/posts\/10613","targetHints":{"allow":["GET"]}}],"collection":[{"href":"https:\/\/www.ufsm.br\/pro-reitorias\/progep\/wp-json\/wp\/v2\/posts"}],"about":[{"href":"https:\/\/www.ufsm.br\/pro-reitorias\/progep\/wp-json\/wp\/v2\/types\/post"}],"author":[{"embeddable":true,"href":"https:\/\/www.ufsm.br\/pro-reitorias\/progep\/wp-json\/wp\/v2\/users\/8"}],"replies":[{"embeddable":true,"href":"https:\/\/www.ufsm.br\/pro-reitorias\/progep\/wp-json\/wp\/v2\/comments?post=10613"}],"version-history":[{"count":0,"href":"https:\/\/www.ufsm.br\/pro-reitorias\/progep\/wp-json\/wp\/v2\/posts\/10613\/revisions"}],"wp:attachment":[{"href":"https:\/\/www.ufsm.br\/pro-reitorias\/progep\/wp-json\/wp\/v2\/media?parent=10613"}],"wp:term":[{"taxonomy":"category","embeddable":true,"href":"https:\/\/www.ufsm.br\/pro-reitorias\/progep\/wp-json\/wp\/v2\/categories?post=10613"},{"taxonomy":"post_tag","embeddable":true,"href":"https:\/\/www.ufsm.br\/pro-reitorias\/progep\/wp-json\/wp\/v2\/tags?post=10613"}],"curies":[{"name":"wp","href":"https:\/\/api.w.org\/{rel}","templated":true}]}}