{"id":20937,"date":"2018-10-04T12:00:22","date_gmt":"2018-10-04T15:00:22","guid":{"rendered":"https:\/\/www.ufsm.br\/pro-reitorias\/progep\/?p=20937"},"modified":"2018-11-05T16:47:51","modified_gmt":"2018-11-05T18:47:51","slug":"progep-realiza-levantamento-de-necessidades-de-capacitacao-dos-docentes","status":"publish","type":"post","link":"https:\/\/www.ufsm.br\/pro-reitorias\/progep\/2018\/10\/04\/progep-realiza-levantamento-de-necessidades-de-capacitacao-dos-docentes","title":{"rendered":"PROGEP est\u00e1 realizando Levantamento de Necessidades de Capacita\u00e7\u00e3o dos Docentes"},"content":{"rendered":"\n<p class=\"wp-block-paragraph\">A Pr\u00f3-Reitoria de Gest\u00e3o de Pessoas est\u00e1 realizando, de 04 a 31 de outubro de 2018, o <strong>Levantamento de Necessidades de Capacita\u00e7\u00e3o \u2013 LNC<\/strong> dos servidores Docentes da Universidade Federal de Santa Maria.<\/p>\n\n\n\n<p class=\"wp-block-paragraph\">O LNC \u00e9 uma importante ferramenta de gest\u00e3o que subsidiar\u00e1 o\nplanejamento das a\u00e7\u00f5es de capacita\u00e7\u00e3o e desenvolvimento profissional para os\nservidores da UFSM no ano de 2019.<\/p>\n\n\n\n<p class=\"wp-block-paragraph\">Para os servidores T\u00e9cnico-Administrativos em Educa\u00e7\u00e3o, o LNC j\u00e1 foi realizado juntamente com a Avalia\u00e7\u00e3o de Desempenho 2018, dentro do instrumento de\u00a0<em>Feedback.<\/em><\/p>\n\n\n\n<p class=\"wp-block-paragraph\">Para os docentes, o question\u00e1rio poder\u00e1 ser preenchido, de 04 a 31 de outubro de 2018, individualmente, no Portal do RH, na se\u00e7\u00e3o <a href=\"https:\/\/portal.ufsm.br\/questionario\/usuario\/index.html\">Question\u00e1rios.<\/a>\u00a0 <br \/><\/p>\n\n\n\n<p class=\"wp-block-paragraph\">Destaca-se que para a indica\u00e7\u00e3o das demandas no LNC, \u00e9\nimportante que os servidores considerem os objetivos e as necessidades\ninstitucionais, al\u00e9m das compet\u00eancias a serem desenvolvidas para o desempenho\nde suas atividades laborais e para o seu crescimento profissional e pessoal.<\/p>\n\n\n\n<p class=\"wp-block-paragraph\">Confira abaixo o v\u00eddeo explicativo sobre o LNC:<\/p>\n\n\n\n<iframe width=\"640\" height=\"360\" src=\"https:\/\/farol.ufsm.br\/video\/embed\/530-levantamento-de-necessidades-de-capacitacao\/\" frameborder=\"0\" allowfullscreen><\/iframe>\n\n\n\n<p class=\"wp-block-paragraph\">\n\nMais informa\u00e7\u00f5es poder\u00e3o ser obtidas pelo e-mail ned@ufsm.br ou ramal 8063, NED\/CIMDE\/PROGEP.\n\n<\/p>\n","protected":false},"excerpt":{"rendered":"<p>A Pr\u00f3-Reitoria de Gest\u00e3o de Pessoas est\u00e1 realizando, de 04 a 31 de outubro de 2018, o Levantamento de Necessidades de Capacita\u00e7\u00e3o \u2013 LNC dos servidores Docentes da Universidade Federal de Santa Maria. O LNC \u00e9 uma importante ferramenta de gest\u00e3o que subsidiar\u00e1 o planejamento das a\u00e7\u00f5es de capacita\u00e7\u00e3o e desenvolvimento profissional para os servidores [&hellip;]<\/p>\n","protected":false},"author":145,"featured_media":20938,"comment_status":"closed","ping_status":"closed","sticky":false,"template":"","format":"standard","meta":{"footnotes":""},"categories":[1],"tags":[],"class_list":["post-20937","post","type-post","status-publish","format-standard","has-post-thumbnail","hentry","category-noticias"],"acf":[],"_links":{"self":[{"href":"https:\/\/www.ufsm.br\/pro-reitorias\/progep\/wp-json\/wp\/v2\/posts\/20937","targetHints":{"allow":["GET"]}}],"collection":[{"href":"https:\/\/www.ufsm.br\/pro-reitorias\/progep\/wp-json\/wp\/v2\/posts"}],"about":[{"href":"https:\/\/www.ufsm.br\/pro-reitorias\/progep\/wp-json\/wp\/v2\/types\/post"}],"author":[{"embeddable":true,"href":"https:\/\/www.ufsm.br\/pro-reitorias\/progep\/wp-json\/wp\/v2\/users\/145"}],"replies":[{"embeddable":true,"href":"https:\/\/www.ufsm.br\/pro-reitorias\/progep\/wp-json\/wp\/v2\/comments?post=20937"}],"version-history":[{"count":0,"href":"https:\/\/www.ufsm.br\/pro-reitorias\/progep\/wp-json\/wp\/v2\/posts\/20937\/revisions"}],"wp:featuredmedia":[{"embeddable":true,"href":"https:\/\/www.ufsm.br\/pro-reitorias\/progep\/wp-json\/wp\/v2\/media\/20938"}],"wp:attachment":[{"href":"https:\/\/www.ufsm.br\/pro-reitorias\/progep\/wp-json\/wp\/v2\/media?parent=20937"}],"wp:term":[{"taxonomy":"category","embeddable":true,"href":"https:\/\/www.ufsm.br\/pro-reitorias\/progep\/wp-json\/wp\/v2\/categories?post=20937"},{"taxonomy":"post_tag","embeddable":true,"href":"https:\/\/www.ufsm.br\/pro-reitorias\/progep\/wp-json\/wp\/v2\/tags?post=20937"}],"curies":[{"name":"wp","href":"https:\/\/api.w.org\/{rel}","templated":true}]}}