{"id":20946,"date":"2018-10-04T14:58:09","date_gmt":"2018-10-04T17:58:09","guid":{"rendered":"https:\/\/www.ufsm.br\/pro-reitorias\/progep\/?p=20946"},"modified":"2018-10-04T15:02:27","modified_gmt":"2018-10-04T18:02:27","slug":"progep-divulga-inscricoes-para-cursos-de-linguas-do-programa-isf","status":"publish","type":"post","link":"https:\/\/www.ufsm.br\/pro-reitorias\/progep\/2018\/10\/04\/progep-divulga-inscricoes-para-cursos-de-linguas-do-programa-isf","title":{"rendered":"PROGEP divulga inscri\u00e7\u00f5es para cursos de l\u00ednguas do Programa IsF:"},"content":{"rendered":"\n<p class=\"wp-block-paragraph\"><\/p>\n\n\n\n<p class=\"wp-block-paragraph\">No per\u00edodo de 01 a 15 de outubro (at\u00e9 o meio-dia, hor\u00e1rio de Bras\u00edlia) est\u00e3o abertas as inscri\u00e7\u00f5es para os cursos presenciais de ingl\u00eas do Programa IsF aos servidores e alunos da UFSM.<\/p>\n\n\n\n<p class=\"wp-block-paragraph\">Corra e garanta sua vaga!<\/p>\n\n\n\n<p class=\"wp-block-paragraph\">Acesse\u00a0<a href=\"http:\/\/isfaluno.mec.gov.br\/\" target=\"_blank\" rel=\"noreferrer noopener\">http:\/\/isfaluno.mec.gov.br\/<\/a>, fa\u00e7a seu login no sistema, clique no bot\u00e3o azul AULAS PRESENCIAIS e inscreva-se. Voc\u00ea tamb\u00e9m pode utilizar o aplicativo IsF dispon\u00edvel AQUI.<\/p>\n\n\n\n<p class=\"wp-block-paragraph\">Se voc\u00ea nunca acessou o IsF Aluno, ser\u00e1 necess\u00e1rio solicitar o Primeiro Acesso. Siga os passos indicados e aguarde o recebimento de sua senha no e-mail informado.<\/p>\n\n\n\n<p class=\"wp-block-paragraph\">IMPORTANTE: a sele\u00e7\u00e3o dos candidatos para os cursos ir\u00e1 priorizar as primeiras inscri\u00e7\u00f5es. Portanto, inscreva-se agora mesmo!<\/p>\n\n\n\n<p class=\"wp-block-paragraph\">ATEN\u00c7\u00c3O: voc\u00ea poder\u00e1 se inscrever para os cursos presenciais de ingl\u00eas apenas se possuir resultado do TOEFL ITP feito pelo Programa IsF OU se j\u00e1 tiver feito o teste de nivelamento do My English Online (MEO) e estiver DESBLOQUEADO e ATIVO no sistema do MEO. Se voc\u00ea n\u00e3o fez TOEFL e ainda n\u00e3o est\u00e1 no MEO, inscreva-se no MEO o mais r\u00e1pido poss\u00edvel. Verifique o edital para o MEO em\u00a0<a href=\"http:\/\/isf.mec.gov.br\/images\/2017\/Edital96_2017_MEO.pdf\" target=\"_blank\" rel=\"noreferrer noopener\">http:\/\/isf.mec.gov.br\/images\/2017\/Edital96_2017_MEO.pdf<\/a><\/p>\n\n\n\n<p class=\"wp-block-paragraph\">Para mais informa\u00e7\u00f5es sobre os cursos presenciais, acesse o edital completo em\u00a0<a href=\"http:\/\/isf.mec.gov.br\/images\/2018\/Edital04_2018_IsFIngles.pdf\" target=\"_blank\" rel=\"noreferrer noopener\">http:\/\/isf.mec.gov.br\/imag\u2026\/2018\/Edital04_2018_IsFIngles.pdf<\/a>e verifique as informa\u00e7\u00f5es no Portal IsF clicando AQUI.<\/p>\n\n\n\n<p class=\"wp-block-paragraph\">As aulas s\u00e3o gratuitas!<\/p>\n\n\n\n<p class=\"wp-block-paragraph\">Participe!<\/p>\n\n\n\n<figure class=\"wp-block-image\"><img fetchpriority=\"high\" decoding=\"async\" width=\"400\" height=\"325\" src=\"https:\/\/www.ufsm.br\/pro-reitorias\/progep\/wp-content\/uploads\/sites\/341\/2018\/10\/581f3c12-c70b-43db-b9f7-147fa137c74b.jpg\" alt=\"\" class=\"wp-image-20947\" srcset=\"https:\/\/www.ufsm.br\/app\/uploads\/sites\/341\/2018\/10\/581f3c12-c70b-43db-b9f7-147fa137c74b.jpg 400w, https:\/\/www.ufsm.br\/app\/uploads\/sites\/341\/2018\/10\/581f3c12-c70b-43db-b9f7-147fa137c74b-300x244.jpg 300w\" sizes=\"(max-width: 400px) 100vw, 400px\" \/><\/figure>\n","protected":false},"excerpt":{"rendered":"<p>No per\u00edodo de 01 a 15 de outubro (at\u00e9 o meio-dia, hor\u00e1rio de Bras\u00edlia) est\u00e3o abertas as inscri\u00e7\u00f5es para os cursos presenciais de ingl\u00eas do Programa IsF aos servidores e alunos da UFSM. Corra e garanta sua vaga! Acesse\u00a0http:\/\/isfaluno.mec.gov.br\/, fa\u00e7a seu login no sistema, clique no bot\u00e3o azul AULAS PRESENCIAIS e inscreva-se. Voc\u00ea tamb\u00e9m pode [&hellip;]<\/p>\n","protected":false},"author":146,"featured_media":0,"comment_status":"closed","ping_status":"closed","sticky":false,"template":"","format":"standard","meta":{"footnotes":""},"categories":[1],"tags":[],"class_list":["post-20946","post","type-post","status-publish","format-standard","hentry","category-noticias"],"acf":[],"_links":{"self":[{"href":"https:\/\/www.ufsm.br\/pro-reitorias\/progep\/wp-json\/wp\/v2\/posts\/20946","targetHints":{"allow":["GET"]}}],"collection":[{"href":"https:\/\/www.ufsm.br\/pro-reitorias\/progep\/wp-json\/wp\/v2\/posts"}],"about":[{"href":"https:\/\/www.ufsm.br\/pro-reitorias\/progep\/wp-json\/wp\/v2\/types\/post"}],"author":[{"embeddable":true,"href":"https:\/\/www.ufsm.br\/pro-reitorias\/progep\/wp-json\/wp\/v2\/users\/146"}],"replies":[{"embeddable":true,"href":"https:\/\/www.ufsm.br\/pro-reitorias\/progep\/wp-json\/wp\/v2\/comments?post=20946"}],"version-history":[{"count":0,"href":"https:\/\/www.ufsm.br\/pro-reitorias\/progep\/wp-json\/wp\/v2\/posts\/20946\/revisions"}],"wp:attachment":[{"href":"https:\/\/www.ufsm.br\/pro-reitorias\/progep\/wp-json\/wp\/v2\/media?parent=20946"}],"wp:term":[{"taxonomy":"category","embeddable":true,"href":"https:\/\/www.ufsm.br\/pro-reitorias\/progep\/wp-json\/wp\/v2\/categories?post=20946"},{"taxonomy":"post_tag","embeddable":true,"href":"https:\/\/www.ufsm.br\/pro-reitorias\/progep\/wp-json\/wp\/v2\/tags?post=20946"}],"curies":[{"name":"wp","href":"https:\/\/api.w.org\/{rel}","templated":true}]}}