{"id":20977,"date":"2018-10-10T13:58:07","date_gmt":"2018-10-10T16:58:07","guid":{"rendered":"https:\/\/www.ufsm.br\/pro-reitorias\/progep\/?p=20977"},"modified":"2018-10-10T16:58:06","modified_gmt":"2018-10-10T19:58:06","slug":"inscricoes-abertas-para-a-semana-do-servidor-em-palmeira-e-frederico","status":"publish","type":"post","link":"https:\/\/www.ufsm.br\/pro-reitorias\/progep\/2018\/10\/10\/inscricoes-abertas-para-a-semana-do-servidor-em-palmeira-e-frederico","title":{"rendered":"Inscri\u00e7\u00f5es abertas para a semana do servidor em Palmeira das Miss\u00f5es e Frederico Westphalen"},"content":{"rendered":"\n<p class=\"wp-block-paragraph\"><br \/><\/p>\n\n\n\n<ul class=\"wp-block-gallery columns-1 is-cropped wp-block-gallery-1 is-layout-flex wp-block-gallery-is-layout-flex\"><li class=\"blocks-gallery-item\"><figure><img fetchpriority=\"high\" decoding=\"async\" width=\"1280\" height=\"337\" src=\"https:\/\/www.ufsm.br\/pro-reitorias\/progep\/wp-content\/uploads\/sites\/341\/2018\/09\/Semana-do-Servidor-banner-site.jpg\" alt=\"\" data-id=\"20865\" data-link=\"https:\/\/www.ufsm.br\/pro-reitorias\/progep\/2018\/09\/27\/progep-promovera-a-semana-do-servidor-publico-2018\/semana-do-servidor-banner-site\/\" class=\"wp-image-20865\" srcset=\"https:\/\/www.ufsm.br\/app\/uploads\/sites\/341\/2018\/09\/Semana-do-Servidor-banner-site.jpg 1280w, https:\/\/www.ufsm.br\/app\/uploads\/sites\/341\/2018\/09\/Semana-do-Servidor-banner-site-300x79.jpg 300w, https:\/\/www.ufsm.br\/app\/uploads\/sites\/341\/2018\/09\/Semana-do-Servidor-banner-site-768x202.jpg 768w, https:\/\/www.ufsm.br\/app\/uploads\/sites\/341\/2018\/09\/Semana-do-Servidor-banner-site-1024x270.jpg 1024w\" sizes=\"(max-width: 1280px) 100vw, 1280px\" \/><\/figure><\/li><\/ul>\n\n\n\n<p class=\"wp-block-paragraph\" style=\"text-align:left\">Est\u00e3o abertas as inscri\u00e7\u00f5es para palestras que fazem parte da Semana do Servidor nos <em>campi<\/em> fora da sede (Frederico Westphalen e Palmeira das Miss\u00f5es). As palestras abordar\u00e3o as tem\u00e1ticas: Ergonomia no trabalho, Interfaces entre \u00e9tica, gest\u00e3o e educa\u00e7\u00e3o e Preven\u00e7\u00e3o e redu\u00e7\u00e3o de ansiedade e estresse.\u00a0 <\/p>\n\n\n\n<p class=\"wp-block-paragraph\">Em breve, ser\u00e1 divulgada a\u00a0 programa\u00e7\u00e3o das atividades do Campus de Cachoeira do Sul.\u00a0 <\/p>\n\n\n\n<p class=\"wp-block-paragraph\">Para realizar a inscri\u00e7\u00e3o nas atividades da semana do servidor, basta acessar o Portal de Capacita\u00e7\u00e3o, no link\u00a0<a href=\"https:\/\/portal.ufsm.br\/capacitacao\">\u00a0https:\/\/portal.ufsm.br\/capacitacao<\/a>\u00a0<br \/><\/p>\n\n\n\n<p class=\"wp-block-paragraph\"><br \/><\/p>\n\n\n\n<p class=\"wp-block-paragraph\"><br \/><\/p>\n\n\n\n<p class=\"wp-block-paragraph\">\u00a0<\/p>\n\n\n\n<p class=\"wp-block-paragraph\"><a href=\"https:\/\/portal.ufsm.br\/capacitacao\"><\/a><\/p>\n\n\n\n<p class=\"wp-block-paragraph\"><\/p>\n","protected":false},"excerpt":{"rendered":"<p>Est\u00e3o abertas as inscri\u00e7\u00f5es para palestras que fazem parte da Semana do Servidor nos campi fora da sede (Frederico Westphalen e Palmeira das Miss\u00f5es). As palestras abordar\u00e3o as tem\u00e1ticas: Ergonomia no trabalho, Interfaces entre \u00e9tica, gest\u00e3o e educa\u00e7\u00e3o e Preven\u00e7\u00e3o e redu\u00e7\u00e3o de ansiedade e estresse.\u00a0 Em breve, ser\u00e1 divulgada a\u00a0 programa\u00e7\u00e3o das atividades do [&hellip;]<\/p>\n","protected":false},"author":253,"featured_media":0,"comment_status":"closed","ping_status":"closed","sticky":false,"template":"","format":"standard","meta":{"footnotes":""},"categories":[1],"tags":[],"class_list":["post-20977","post","type-post","status-publish","format-standard","hentry","category-noticias"],"acf":[],"_links":{"self":[{"href":"https:\/\/www.ufsm.br\/pro-reitorias\/progep\/wp-json\/wp\/v2\/posts\/20977","targetHints":{"allow":["GET"]}}],"collection":[{"href":"https:\/\/www.ufsm.br\/pro-reitorias\/progep\/wp-json\/wp\/v2\/posts"}],"about":[{"href":"https:\/\/www.ufsm.br\/pro-reitorias\/progep\/wp-json\/wp\/v2\/types\/post"}],"author":[{"embeddable":true,"href":"https:\/\/www.ufsm.br\/pro-reitorias\/progep\/wp-json\/wp\/v2\/users\/253"}],"replies":[{"embeddable":true,"href":"https:\/\/www.ufsm.br\/pro-reitorias\/progep\/wp-json\/wp\/v2\/comments?post=20977"}],"version-history":[{"count":0,"href":"https:\/\/www.ufsm.br\/pro-reitorias\/progep\/wp-json\/wp\/v2\/posts\/20977\/revisions"}],"wp:attachment":[{"href":"https:\/\/www.ufsm.br\/pro-reitorias\/progep\/wp-json\/wp\/v2\/media?parent=20977"}],"wp:term":[{"taxonomy":"category","embeddable":true,"href":"https:\/\/www.ufsm.br\/pro-reitorias\/progep\/wp-json\/wp\/v2\/categories?post=20977"},{"taxonomy":"post_tag","embeddable":true,"href":"https:\/\/www.ufsm.br\/pro-reitorias\/progep\/wp-json\/wp\/v2\/tags?post=20977"}],"curies":[{"name":"wp","href":"https:\/\/api.w.org\/{rel}","templated":true}]}}