{"id":20988,"date":"2018-10-11T15:17:18","date_gmt":"2018-10-11T18:17:18","guid":{"rendered":"https:\/\/www.ufsm.br\/pro-reitorias\/progep\/?p=20988"},"modified":"2018-10-11T16:11:54","modified_gmt":"2018-10-11T19:11:54","slug":"progep-realizou-palestra-sobre-docencia-conectada","status":"publish","type":"post","link":"https:\/\/www.ufsm.br\/pro-reitorias\/progep\/2018\/10\/11\/progep-realizou-palestra-sobre-docencia-conectada","title":{"rendered":"PROGEP realizou Palestra sobre Doc\u00eancia Conectada"},"content":{"rendered":"\n<p class=\"wp-block-paragraph\">O N\u00facleo de Educa\u00e7\u00e3o e Desenvolvimento da Pr\u00f3-Reitoria de Gest\u00e3o de Pessoas realizou na tarde desta quarta-feira, dia 10\/10\/2018, a palestra \u201cMetodologias Ativas de Ensino: Doc\u00eancia Conectada\u201d.<\/p>\n\n\n\n<p class=\"wp-block-paragraph\">O evento foi realizado no Campus de Santa Maria, sal\u00e3o Imembu\u00ed da Reitoria, sendo transmitido aos demais Campi da UFSM. A palestra encontra-se dispon\u00edvel no Farol por meio do link:\u00a0<a href=\"https:\/\/farol.ufsm.br\/transmissao\/palestra-metodologias-ativas-de-aprendizagem-docencia-conectada-10102018-14h\" target=\"_blank\" rel=\"noreferrer noopener\">https:\/\/farol.ufsm.br\/\u2026\/palestra-metodologias-ativas-de-apr\u2026<\/a><\/p>\n\n\n\n<p class=\"wp-block-paragraph\">A palestrante foi a docente Leila Maria Ara\u00fajo dos Santos, doutora em Inform\u00e1tica na Educa\u00e7\u00e3o pela Universidade Federal do Rio Grande do Sul.<\/p>\n\n\n\n<p class=\"wp-block-paragraph\">Esta palestra integra o Ciclo de Palestras para Forma\u00e7\u00e3o Docente, promovido pelo N\u00facleo de Educa\u00e7\u00e3o e Desenvolvimento (NED) da Pr\u00f3-Reitoria de Gest\u00e3o de Pessoas (PROGEP), com o objetivo de desenvolver compet\u00eancias dos servidores docentes por meio da sua capacita\u00e7\u00e3o, visando \u00e0 melhoria do ensino e da qualidade dos servi\u00e7os prestados pela institui\u00e7\u00e3o.<\/p>\n\n\n\n<ul class=\"wp-block-gallery columns-3 is-cropped wp-block-gallery-1 is-layout-flex wp-block-gallery-is-layout-flex\"><li class=\"blocks-gallery-item\"><figure><img fetchpriority=\"high\" decoding=\"async\" width=\"581\" height=\"1032\" src=\"https:\/\/www.ufsm.br\/pro-reitorias\/progep\/wp-content\/uploads\/sites\/341\/2018\/10\/03.jpg\" alt=\"\" data-id=\"20997\" data-link=\"https:\/\/www.ufsm.br\/pro-reitorias\/progep\/03-3\/\" class=\"wp-image-20997\" srcset=\"https:\/\/www.ufsm.br\/app\/uploads\/sites\/341\/2018\/10\/03.jpg 581w, https:\/\/www.ufsm.br\/app\/uploads\/sites\/341\/2018\/10\/03-169x300.jpg 169w, https:\/\/www.ufsm.br\/app\/uploads\/sites\/341\/2018\/10\/03-576x1024.jpg 576w\" sizes=\"(max-width: 581px) 100vw, 581px\" \/><\/figure><\/li><li class=\"blocks-gallery-item\"><figure><img decoding=\"async\" width=\"581\" height=\"1032\" src=\"https:\/\/www.ufsm.br\/pro-reitorias\/progep\/wp-content\/uploads\/sites\/341\/2018\/10\/02.jpg\" alt=\"\" data-id=\"20996\" data-link=\"https:\/\/www.ufsm.br\/pro-reitorias\/progep\/02-3\/\" class=\"wp-image-20996\" srcset=\"https:\/\/www.ufsm.br\/app\/uploads\/sites\/341\/2018\/10\/02.jpg 581w, https:\/\/www.ufsm.br\/app\/uploads\/sites\/341\/2018\/10\/02-169x300.jpg 169w, https:\/\/www.ufsm.br\/app\/uploads\/sites\/341\/2018\/10\/02-576x1024.jpg 576w\" sizes=\"(max-width: 581px) 100vw, 581px\" \/><\/figure><\/li><li class=\"blocks-gallery-item\"><figure><img decoding=\"async\" width=\"960\" height=\"1280\" src=\"https:\/\/www.ufsm.br\/pro-reitorias\/progep\/wp-content\/uploads\/sites\/341\/2018\/10\/01.jpg\" alt=\"\" data-id=\"20995\" data-link=\"https:\/\/www.ufsm.br\/pro-reitorias\/progep\/01-3\/\" class=\"wp-image-20995\" srcset=\"https:\/\/www.ufsm.br\/app\/uploads\/sites\/341\/2018\/10\/01.jpg 960w, https:\/\/www.ufsm.br\/app\/uploads\/sites\/341\/2018\/10\/01-225x300.jpg 225w, https:\/\/www.ufsm.br\/app\/uploads\/sites\/341\/2018\/10\/01-768x1024.jpg 768w\" sizes=\"(max-width: 960px) 100vw, 960px\" \/><\/figure><\/li><li class=\"blocks-gallery-item\"><figure><img loading=\"lazy\" decoding=\"async\" width=\"1024\" height=\"683\" src=\"https:\/\/www.ufsm.br\/pro-reitorias\/progep\/wp-content\/uploads\/sites\/341\/2018\/10\/IMG_8068.jpg\" alt=\"\" data-id=\"20994\" data-link=\"https:\/\/www.ufsm.br\/pro-reitorias\/progep\/img_8068\/\" class=\"wp-image-20994\" srcset=\"https:\/\/www.ufsm.br\/app\/uploads\/sites\/341\/2018\/10\/IMG_8068.jpg 1024w, https:\/\/www.ufsm.br\/app\/uploads\/sites\/341\/2018\/10\/IMG_8068-300x200.jpg 300w, https:\/\/www.ufsm.br\/app\/uploads\/sites\/341\/2018\/10\/IMG_8068-768x512.jpg 768w, https:\/\/www.ufsm.br\/app\/uploads\/sites\/341\/2018\/10\/IMG_8068-272x182.jpg 272w\" sizes=\"(max-width: 1024px) 100vw, 1024px\" \/><\/figure><\/li><li class=\"blocks-gallery-item\"><figure><img loading=\"lazy\" decoding=\"async\" width=\"1024\" height=\"683\" src=\"https:\/\/www.ufsm.br\/pro-reitorias\/progep\/wp-content\/uploads\/sites\/341\/2018\/10\/IMG_8063.jpg\" alt=\"\" data-id=\"20990\" data-link=\"https:\/\/www.ufsm.br\/pro-reitorias\/progep\/img_8063\/\" class=\"wp-image-20990\" srcset=\"https:\/\/www.ufsm.br\/app\/uploads\/sites\/341\/2018\/10\/IMG_8063.jpg 1024w, https:\/\/www.ufsm.br\/app\/uploads\/sites\/341\/2018\/10\/IMG_8063-300x200.jpg 300w, https:\/\/www.ufsm.br\/app\/uploads\/sites\/341\/2018\/10\/IMG_8063-768x512.jpg 768w, https:\/\/www.ufsm.br\/app\/uploads\/sites\/341\/2018\/10\/IMG_8063-272x182.jpg 272w\" sizes=\"(max-width: 1024px) 100vw, 1024px\" \/><\/figure><\/li><li class=\"blocks-gallery-item\"><figure><img loading=\"lazy\" decoding=\"async\" width=\"1024\" height=\"683\" src=\"https:\/\/www.ufsm.br\/pro-reitorias\/progep\/wp-content\/uploads\/sites\/341\/2018\/10\/IMG_8073.jpg\" alt=\"\" data-id=\"20989\" data-link=\"https:\/\/www.ufsm.br\/pro-reitorias\/progep\/img_8073\/\" class=\"wp-image-20989\" srcset=\"https:\/\/www.ufsm.br\/app\/uploads\/sites\/341\/2018\/10\/IMG_8073.jpg 1024w, https:\/\/www.ufsm.br\/app\/uploads\/sites\/341\/2018\/10\/IMG_8073-300x200.jpg 300w, https:\/\/www.ufsm.br\/app\/uploads\/sites\/341\/2018\/10\/IMG_8073-768x512.jpg 768w, https:\/\/www.ufsm.br\/app\/uploads\/sites\/341\/2018\/10\/IMG_8073-272x182.jpg 272w\" sizes=\"(max-width: 1024px) 100vw, 1024px\" \/><\/figure><\/li><\/ul>\n","protected":false},"excerpt":{"rendered":"<p>O N\u00facleo de Educa\u00e7\u00e3o e Desenvolvimento da Pr\u00f3-Reitoria de Gest\u00e3o de Pessoas realizou na tarde desta quarta-feira, dia 10\/10\/2018, a palestra \u201cMetodologias Ativas de Ensino: Doc\u00eancia Conectada\u201d. O evento foi realizado no Campus de Santa Maria, sal\u00e3o Imembu\u00ed da Reitoria, sendo transmitido aos demais Campi da UFSM. A palestra encontra-se dispon\u00edvel no Farol por meio [&hellip;]<\/p>\n","protected":false},"author":146,"featured_media":0,"comment_status":"closed","ping_status":"closed","sticky":false,"template":"","format":"standard","meta":{"footnotes":""},"categories":[1],"tags":[],"class_list":["post-20988","post","type-post","status-publish","format-standard","hentry","category-noticias"],"acf":[],"_links":{"self":[{"href":"https:\/\/www.ufsm.br\/pro-reitorias\/progep\/wp-json\/wp\/v2\/posts\/20988","targetHints":{"allow":["GET"]}}],"collection":[{"href":"https:\/\/www.ufsm.br\/pro-reitorias\/progep\/wp-json\/wp\/v2\/posts"}],"about":[{"href":"https:\/\/www.ufsm.br\/pro-reitorias\/progep\/wp-json\/wp\/v2\/types\/post"}],"author":[{"embeddable":true,"href":"https:\/\/www.ufsm.br\/pro-reitorias\/progep\/wp-json\/wp\/v2\/users\/146"}],"replies":[{"embeddable":true,"href":"https:\/\/www.ufsm.br\/pro-reitorias\/progep\/wp-json\/wp\/v2\/comments?post=20988"}],"version-history":[{"count":0,"href":"https:\/\/www.ufsm.br\/pro-reitorias\/progep\/wp-json\/wp\/v2\/posts\/20988\/revisions"}],"wp:attachment":[{"href":"https:\/\/www.ufsm.br\/pro-reitorias\/progep\/wp-json\/wp\/v2\/media?parent=20988"}],"wp:term":[{"taxonomy":"category","embeddable":true,"href":"https:\/\/www.ufsm.br\/pro-reitorias\/progep\/wp-json\/wp\/v2\/categories?post=20988"},{"taxonomy":"post_tag","embeddable":true,"href":"https:\/\/www.ufsm.br\/pro-reitorias\/progep\/wp-json\/wp\/v2\/tags?post=20988"}],"curies":[{"name":"wp","href":"https:\/\/api.w.org\/{rel}","templated":true}]}}