{"id":21110,"date":"2018-10-23T14:33:22","date_gmt":"2018-10-23T17:33:22","guid":{"rendered":"https:\/\/www.ufsm.br\/pro-reitorias\/progep\/?p=21110"},"modified":"2018-10-23T14:33:22","modified_gmt":"2018-10-23T17:33:22","slug":"encontro-para-apresentacao-e-discussao-da-instrucao-normativa-02-in-02","status":"publish","type":"post","link":"https:\/\/www.ufsm.br\/pro-reitorias\/progep\/2018\/10\/23\/encontro-para-apresentacao-e-discussao-da-instrucao-normativa-02-in-02","title":{"rendered":"Encontro para apresenta\u00e7\u00e3o e discuss\u00e3o da Instru\u00e7\u00e3o Normativa 02 (IN 02)"},"content":{"rendered":"<p class=\"m_4861684458703567705gmail-normal\">O Gabinete do Reitor e a Pr\u00f3-Reitoria de Gest\u00e3o de Pessoas convidam a comunidade universit\u00e1ria para participar de um encontro para apresenta\u00e7\u00e3o e discuss\u00e3o da Instru\u00e7\u00e3o Normativa 02, a ser realizado nessa sexta-feira, 26 de outubro, \u00e0s 14 horas, no Sal\u00e3o Imembu\u00ed, 2\u00ba andar, Pr\u00e9dio da Reitoria. Publicada pelo Minist\u00e9rio de Planejamento e Gest\u00e3o, a Instru\u00e7\u00e3o Normativa 02, de 12 de setembro de 2018, estabelece orienta\u00e7\u00e3o, crit\u00e9rios e procedimentos gerais a serem observados acerca do controle da jornada de trabalho nos \u00f3rg\u00e3os e entidades integrantes da Administra\u00e7\u00e3o P\u00fablica Federal direta, aut\u00e1rquica e fundacional.<\/p>\n<p class=\"m_4861684458703567705gmail-normal\">Nesse encontro, ser\u00e3o informadas as altera\u00e7\u00f5es que j\u00e1 est\u00e3o sendo implementadas no sistema eletr\u00f4nico de jornada de trabalho, os procedimentos adotados referentes aos processos de flexibiliza\u00e7\u00e3o e os pr\u00f3ximos encaminhamentos.<\/p>\n","protected":false},"excerpt":{"rendered":"<p>O Gabinete do Reitor e a Pr\u00f3-Reitoria de Gest\u00e3o de Pessoas convidam a comunidade universit\u00e1ria para participar de um encontro para apresenta\u00e7\u00e3o e discuss\u00e3o da Instru\u00e7\u00e3o Normativa 02, a ser realizado nessa sexta-feira, 26 de outubro, \u00e0s 14 horas, no Sal\u00e3o Imembu\u00ed, 2\u00ba andar, Pr\u00e9dio da Reitoria. Publicada pelo Minist\u00e9rio de Planejamento e Gest\u00e3o, a [&hellip;]<\/p>\n","protected":false},"author":141,"featured_media":0,"comment_status":"closed","ping_status":"closed","sticky":false,"template":"","format":"standard","meta":{"footnotes":""},"categories":[1],"tags":[],"class_list":["post-21110","post","type-post","status-publish","format-standard","hentry","category-noticias"],"acf":[],"_links":{"self":[{"href":"https:\/\/www.ufsm.br\/pro-reitorias\/progep\/wp-json\/wp\/v2\/posts\/21110","targetHints":{"allow":["GET"]}}],"collection":[{"href":"https:\/\/www.ufsm.br\/pro-reitorias\/progep\/wp-json\/wp\/v2\/posts"}],"about":[{"href":"https:\/\/www.ufsm.br\/pro-reitorias\/progep\/wp-json\/wp\/v2\/types\/post"}],"author":[{"embeddable":true,"href":"https:\/\/www.ufsm.br\/pro-reitorias\/progep\/wp-json\/wp\/v2\/users\/141"}],"replies":[{"embeddable":true,"href":"https:\/\/www.ufsm.br\/pro-reitorias\/progep\/wp-json\/wp\/v2\/comments?post=21110"}],"version-history":[{"count":0,"href":"https:\/\/www.ufsm.br\/pro-reitorias\/progep\/wp-json\/wp\/v2\/posts\/21110\/revisions"}],"wp:attachment":[{"href":"https:\/\/www.ufsm.br\/pro-reitorias\/progep\/wp-json\/wp\/v2\/media?parent=21110"}],"wp:term":[{"taxonomy":"category","embeddable":true,"href":"https:\/\/www.ufsm.br\/pro-reitorias\/progep\/wp-json\/wp\/v2\/categories?post=21110"},{"taxonomy":"post_tag","embeddable":true,"href":"https:\/\/www.ufsm.br\/pro-reitorias\/progep\/wp-json\/wp\/v2\/tags?post=21110"}],"curies":[{"name":"wp","href":"https:\/\/api.w.org\/{rel}","templated":true}]}}