{"id":26603,"date":"2020-04-13T16:14:21","date_gmt":"2020-04-13T19:14:21","guid":{"rendered":"https:\/\/www.ufsm.br\/pro-reitorias\/progep\/?p=26603"},"modified":"2020-04-13T16:14:24","modified_gmt":"2020-04-13T19:14:24","slug":"webconferencia-docencia-em-tempos-de-pandemia","status":"publish","type":"post","link":"https:\/\/www.ufsm.br\/pro-reitorias\/progep\/2020\/04\/13\/webconferencia-docencia-em-tempos-de-pandemia","title":{"rendered":"Webconfer\u00eancia &#8220;Doc\u00eancia em Tempos de Pandemia&#8221;."},"content":{"rendered":"\n<p>A Universidade Federal de Santa Maria (UFSM) convida para Webconfer\u00eancia &#8220;Doc\u00eancia em Tempos de Pandemia&#8221;, que ocorrer\u00e1 na pr\u00f3xima quarta-feira, 15 de abril, \u00e0s 16 horas.<\/p>\n<p><span class=\"_5mfr\"><span class=\"_6qdm\">\u27a1\ufe0f<\/span><\/span>\u00a0Endere\u00e7o (link) para a Webconfer\u00eancia (convite) \u2013 obs: copiar o endere\u00e7o e colar na barra de endere\u00e7os utilizando navegador Google Chrome &#8211;\u00a0<a href=\"https:\/\/meet.google.com\/ejo-aerp-sws?fbclid=IwAR35abECWCpC2Q2Yerwl3Mu2WNw0qbgd19hTDJxdy3lA-4Wj3DhaTZs3sO4\" target=\"_blank\" rel=\"noopener nofollow noreferrer\" data-ft=\"{&quot;tn&quot;:&quot;-U&quot;}\" data-lynx-mode=\"async\" data-lynx-uri=\"https:\/\/l.facebook.com\/l.php?u=https%3A%2F%2Fmeet.google.com%2Fejo-aerp-sws%3Ffbclid%3DIwAR35abECWCpC2Q2Yerwl3Mu2WNw0qbgd19hTDJxdy3lA-4Wj3DhaTZs3sO4&amp;h=AT0n8MiKDn-PwwEi213bhy_gfJU_hKghQUZ0qi4D5qHQzE6NJl17DMz1V2gCZQ9kX_obvo0QSbhjG9sprJqjOjwXMXoQF6ItacXmkV-zK0I9CPeNcSTGC-hSfOgEGLyEy7jmLakW-7U4xwdsgE6P3Pu_QetC1cUpHmHAco38liR31lET5v32XXb7OJT0Kc91ZEgnrv9_kFzZHNPhx0efFyHefTvD1TkxbtN-_k4EQEVOxcUHu9Ub1ecrqkJ6E8YI66hYJWd6ASM09gKcVu-3RlUy_8pC4tegEbv6lE5DYnaST_gdsxQeTww0viWk3J1_LAIlcJdeHUljPIWvAUWGaU6pgkAJEICfONiEWGCoLJs4DwaGPl9nodojdIO57Ls0u7VPr9oJD4XouFcLSsHNYU2IlX9cH2jG7x5Jh_NmHYYwgM6-FrZW0mJl4lI8JOZddpFRBVIdvye7BaBNXHjejVfCR0cHa5WPwML4cTjPp927qkN9y7fwr_QLMNRhspPS7_Ll5AE5x3V8lRGRvKKZCFkaOx-90g8gsq2ZAHvNtGgSLRIUTV7EaFfkR3dTywz17CHpa9U9G6ovbZ2_6Wrdtl6Z0SiCBgtVFuxF4rXuePjL1qaSrtHQPXnKWStOafalkKIjupweKJrPerNtQy-A\">https:\/\/meet.google.com\/ejo-aerp-sws<\/a><\/p>\n<div>\n<div id=\"0DE9E47C-871A-4F90-8440-B190C216800A_50\" class=\"mcafee_OK\">\u00a0<\/div>\n<\/div>\n<p><span class=\"_5mfr\"><span class=\"_6qdm\">\u27a1\ufe0f<\/span><\/span>\u00a0Link para o Streaming &#8211; obs: copiar o endere\u00e7o e colar na barra de endere\u00e7os utilizando navegador Google Chrome &#8211;\u00a0<a href=\"https:\/\/l.facebook.com\/l.php?u=https%3A%2F%2Fstream.meet.google.com%2Fstream%2Fab6ab149-109f-4972-936c-efde41981458%3Ffbclid%3DIwAR1xteS5SMozEuSChTQHIOO6_O8lZ6Ahrh5tqn4x_3e0j_nGzROSp0MFOnY&amp;h=AT3roOuLWB4x7lG63_Kj84_NEm_gC0YbPVBUqTy0R-2RdXvLtPV1PexgaopfZBn5HAP-H437lu5N22Of5OffSc21zWwUSB74wLGAgBxy4VpmIHw4cN0WHMSYMLZe_BAScHr-PCCCiYH8dnnVrDgwqbAevez2banvqQHwOjYyHMqRE8_Jiwwsalimp6NVSq9pfNF6fvdVDH4HDGtXXezDOQ1J6LIBtFuM54KuD5CqCNvvIMBhxWNxsKPMaU23HRiseFm_QKGDPYHwy8Z2WomsxpFyDUxxnsatoMwlNbjQVaHGGe6UnzEmjfyYY3EJy07RylFN9FJR9wltdSDzNgQIUz8C_gwxlR-tigN19RVuQc93wit9Iq-1WpTrCj84oO4xMVDMrcGayVvbs8vqzTVYvDUUugmfkmOMHvWrFkn6Kc0OgqplpHciPOgs0FimXKzQmVx6HtqfhZhkiauOZUr_EWsPOWMMD2Qr-prHi7Da7EMZZXxoXKDxBsn7s0TY0lYjyd_pk_rF8zyylOXN_8KoMPx8mqt4AdPgdRBqc7FaWxiCre5r0Ye_mlYhTj9F0eULR88S9ZtXGM7ZlQs6uzinJTshh8hlDvNFIx1JliHiCVJqG9hhShElFlV1WPC9MuZlGnGBuQr_ORuv-jF6iIww\" target=\"_blank\" rel=\"noopener nofollow noreferrer\" data-ft=\"{&quot;tn&quot;:&quot;-U&quot;}\" data-lynx-mode=\"async\">https:\/\/stream.meet.google.com\/\u2026\/ab6ab149-109f-4972-936c-ef\u2026<\/a><\/p>\n<p><span class=\"text_exposed_show\">Participe!<\/span><\/p>\n<p><img fetchpriority=\"high\" decoding=\"async\" class=\"alignnone size-medium wp-image-26605\" src=\"https:\/\/www.ufsm.br\/pro-reitorias\/progep\/wp-content\/uploads\/sites\/341\/2020\/04\/Docencia-em-tempos-de-pandemia-212x300.jpg\" alt=\"\" width=\"212\" height=\"300\" srcset=\"https:\/\/www.ufsm.br\/app\/uploads\/sites\/341\/2020\/04\/Docencia-em-tempos-de-pandemia-212x300.jpg 212w, https:\/\/www.ufsm.br\/app\/uploads\/sites\/341\/2020\/04\/Docencia-em-tempos-de-pandemia.jpg 678w\" sizes=\"(max-width: 212px) 100vw, 212px\" \/><\/p>\n","protected":false},"excerpt":{"rendered":"<p>A Universidade Federal de Santa Maria (UFSM) convida para Webconfer\u00eancia &#8220;Doc\u00eancia em Tempos de Pandemia&#8221;, que ocorrer\u00e1 na pr\u00f3xima quarta-feira, 15 de abril, \u00e0s 16 horas. \u27a1\ufe0f\u00a0Endere\u00e7o (link) para a Webconfer\u00eancia (convite) \u2013 obs: copiar o endere\u00e7o e colar na barra de endere\u00e7os utilizando navegador Google Chrome &#8211;\u00a0https:\/\/meet.google.com\/ejo-aerp-sws \u00a0 \u27a1\ufe0f\u00a0Link para o Streaming &#8211; obs: [&hellip;]<\/p>\n","protected":false},"author":169,"featured_media":0,"comment_status":"closed","ping_status":"closed","sticky":false,"template":"","format":"standard","meta":{"footnotes":""},"categories":[1],"tags":[],"class_list":["post-26603","post","type-post","status-publish","format-standard","hentry","category-noticias"],"acf":[],"_links":{"self":[{"href":"https:\/\/www.ufsm.br\/pro-reitorias\/progep\/wp-json\/wp\/v2\/posts\/26603","targetHints":{"allow":["GET"]}}],"collection":[{"href":"https:\/\/www.ufsm.br\/pro-reitorias\/progep\/wp-json\/wp\/v2\/posts"}],"about":[{"href":"https:\/\/www.ufsm.br\/pro-reitorias\/progep\/wp-json\/wp\/v2\/types\/post"}],"author":[{"embeddable":true,"href":"https:\/\/www.ufsm.br\/pro-reitorias\/progep\/wp-json\/wp\/v2\/users\/169"}],"replies":[{"embeddable":true,"href":"https:\/\/www.ufsm.br\/pro-reitorias\/progep\/wp-json\/wp\/v2\/comments?post=26603"}],"version-history":[{"count":0,"href":"https:\/\/www.ufsm.br\/pro-reitorias\/progep\/wp-json\/wp\/v2\/posts\/26603\/revisions"}],"wp:attachment":[{"href":"https:\/\/www.ufsm.br\/pro-reitorias\/progep\/wp-json\/wp\/v2\/media?parent=26603"}],"wp:term":[{"taxonomy":"category","embeddable":true,"href":"https:\/\/www.ufsm.br\/pro-reitorias\/progep\/wp-json\/wp\/v2\/categories?post=26603"},{"taxonomy":"post_tag","embeddable":true,"href":"https:\/\/www.ufsm.br\/pro-reitorias\/progep\/wp-json\/wp\/v2\/tags?post=26603"}],"curies":[{"name":"wp","href":"https:\/\/api.w.org\/{rel}","templated":true}]}}