{"id":31028,"date":"2021-10-14T15:11:33","date_gmt":"2021-10-14T18:11:33","guid":{"rendered":"https:\/\/www.ufsm.br\/pro-reitorias\/progep\/?p=31028"},"modified":"2021-10-14T15:38:23","modified_gmt":"2021-10-14T18:38:23","slug":"inscricoes-abertas-para-o-curso-de-gestao-de-processos-de-negocio","status":"publish","type":"post","link":"https:\/\/www.ufsm.br\/pro-reitorias\/progep\/2021\/10\/14\/inscricoes-abertas-para-o-curso-de-gestao-de-processos-de-negocio","title":{"rendered":"Inscri\u00e7\u00f5es abertas para o Curso de Gest\u00e3o de Processos de Neg\u00f3cio"},"content":{"rendered":"\n<p>A Universidade Federal de Santa Maria (UFSM), por meio da Pr\u00f3-Reitoria de Gest\u00e3o de Pessoas (PROGEP), informa que est\u00e3o abertas as inscri\u00e7\u00f5es para o\u00a0<strong>Curso de Gest\u00e3o de Processos de Neg\u00f3cio, <\/strong>que tem como objetivo capacitar efetivamente os servidores na gest\u00e3o de seus processos, proporcionando flu\u00eancia na disciplina de Gest\u00e3o de Processos (BPM), focando na melhoria da capacidade e na transforma\u00e7\u00e3o da qualidade.<\/p>\n<p>A capacita\u00e7\u00e3o faz parte da\u00a0<a href=\"https:\/\/www.ufsm.br\/pro-reitorias\/progep\/trilhas-de-aprendizagem\">Trilha de Desenvolvimento de Gestores da UFSM<\/a> e ser\u00e1 realizada no per\u00edodo de 03 a 30\/11\/2021, na modalidade a dist\u00e2ncia (via Moodle e Google Meet), totalizando 20h\/aula. O instrutor ser\u00e1 o Analista de TI Evandro Gomes Flores.<\/p>\n<p>Est\u00e3o sendo ofertadas 40 vagas para servidores da UFSM, sendo que as inscri\u00e7\u00f5es podem ser realizadas pelo\u00a0<a href=\"https:\/\/portal.ufsm.br\/capacitacao\/inscricao\/inscricoesAbertas.html\">Portal de Capacita\u00e7\u00e3o<\/a> at\u00e9 o dia 28\/10\/2021. Caso o n\u00famero de inscritos ultrapasse o n\u00famero de vagas, o crit\u00e9rio de sele\u00e7\u00e3o ser\u00e1 a ordem de inscri\u00e7\u00e3o.<\/p>\n<p>Em caso de d\u00favidas, entre em contato com o N\u00facleo de Educa\u00e7\u00e3o e Desenvolvimento por meio do e-mail\u00a0<a class=\"notranslate\" href=\"mailto:ned@ufsm.br\">ned@ufsm.br<\/a> ou do telefone (55)3220-8063.<\/p>\n<p><a href=\"https:\/\/www.ufsm.br\/pro-reitorias\/progep\/2021\/10\/14\/inscricoes-abertas-para-o-curso-de-gestao-de-processos-de-negocio\/card-gestao-de-processos\/\" rel=\"attachment wp-att-31029\"><img fetchpriority=\"high\" decoding=\"async\" class=\"alignnone wp-image-31029 \" src=\"https:\/\/www.ufsm.br\/app\/uploads\/sites\/341\/2021\/10\/Card-Gestao-de-Processos.jpg\" alt=\"\" width=\"488\" height=\"488\" srcset=\"https:\/\/www.ufsm.br\/app\/uploads\/sites\/341\/2021\/10\/Card-Gestao-de-Processos.jpg 756w, https:\/\/www.ufsm.br\/app\/uploads\/sites\/341\/2021\/10\/Card-Gestao-de-Processos-300x300.jpg 300w, https:\/\/www.ufsm.br\/app\/uploads\/sites\/341\/2021\/10\/Card-Gestao-de-Processos-150x150.jpg 150w\" sizes=\"(max-width: 488px) 100vw, 488px\" \/><\/a><\/p>\n","protected":false},"excerpt":{"rendered":"<p>A Universidade Federal de Santa Maria (UFSM), por meio da Pr\u00f3-Reitoria de Gest\u00e3o de Pessoas (PROGEP), informa que est\u00e3o abertas as inscri\u00e7\u00f5es para o\u00a0Curso de Gest\u00e3o de Processos de Neg\u00f3cio, que tem como objetivo capacitar efetivamente os servidores na gest\u00e3o de seus processos, proporcionando flu\u00eancia na disciplina de Gest\u00e3o de Processos (BPM), focando na melhoria [&hellip;]<\/p>\n","protected":false},"author":145,"featured_media":0,"comment_status":"closed","ping_status":"closed","sticky":false,"template":"","format":"standard","meta":{"footnotes":""},"categories":[1],"tags":[],"class_list":["post-31028","post","type-post","status-publish","format-standard","hentry","category-noticias"],"acf":[],"_links":{"self":[{"href":"https:\/\/www.ufsm.br\/pro-reitorias\/progep\/wp-json\/wp\/v2\/posts\/31028","targetHints":{"allow":["GET"]}}],"collection":[{"href":"https:\/\/www.ufsm.br\/pro-reitorias\/progep\/wp-json\/wp\/v2\/posts"}],"about":[{"href":"https:\/\/www.ufsm.br\/pro-reitorias\/progep\/wp-json\/wp\/v2\/types\/post"}],"author":[{"embeddable":true,"href":"https:\/\/www.ufsm.br\/pro-reitorias\/progep\/wp-json\/wp\/v2\/users\/145"}],"replies":[{"embeddable":true,"href":"https:\/\/www.ufsm.br\/pro-reitorias\/progep\/wp-json\/wp\/v2\/comments?post=31028"}],"version-history":[{"count":0,"href":"https:\/\/www.ufsm.br\/pro-reitorias\/progep\/wp-json\/wp\/v2\/posts\/31028\/revisions"}],"wp:attachment":[{"href":"https:\/\/www.ufsm.br\/pro-reitorias\/progep\/wp-json\/wp\/v2\/media?parent=31028"}],"wp:term":[{"taxonomy":"category","embeddable":true,"href":"https:\/\/www.ufsm.br\/pro-reitorias\/progep\/wp-json\/wp\/v2\/categories?post=31028"},{"taxonomy":"post_tag","embeddable":true,"href":"https:\/\/www.ufsm.br\/pro-reitorias\/progep\/wp-json\/wp\/v2\/tags?post=31028"}],"curies":[{"name":"wp","href":"https:\/\/api.w.org\/{rel}","templated":true}]}}