{"id":34232,"date":"2022-09-13T15:45:16","date_gmt":"2022-09-13T18:45:16","guid":{"rendered":"https:\/\/www.ufsm.br\/pro-reitorias\/progep\/?p=34232"},"modified":"2022-09-13T16:25:48","modified_gmt":"2022-09-13T19:25:48","slug":"progep-e-polifeira-promovem-evento-em-comemoracao-a-semana-farroupilha","status":"publish","type":"post","link":"https:\/\/www.ufsm.br\/pro-reitorias\/progep\/2022\/09\/13\/progep-e-polifeira-promovem-evento-em-comemoracao-a-semana-farroupilha","title":{"rendered":"PROGEP e PoliFeira promovem evento em comemora\u00e7\u00e3o \u00e0 Semana Farroupilha"},"content":{"rendered":"\t\t<div data-elementor-type=\"wp-post\" data-elementor-id=\"34232\" class=\"elementor elementor-34232\">\n\t\t\t\t\t\t<section class=\"elementor-section elementor-top-section elementor-element elementor-element-595924c elementor-section-boxed elementor-section-height-default elementor-section-height-default\" data-id=\"595924c\" data-element_type=\"section\">\n\t\t\t\t\t\t<div class=\"elementor-container elementor-column-gap-default\">\n\t\t\t\t\t<div class=\"elementor-column elementor-col-100 elementor-top-column elementor-element elementor-element-4020ed5\" data-id=\"4020ed5\" data-element_type=\"column\">\n\t\t\t<div class=\"elementor-widget-wrap elementor-element-populated\">\n\t\t\t\t\t\t<div class=\"elementor-element elementor-element-6381617 elementor-widget elementor-widget-heading\" data-id=\"6381617\" data-element_type=\"widget\" data-widget_type=\"heading.default\">\n\t\t\t\t<div class=\"elementor-widget-container\">\n\t\t\t<h2 class=\"elementor-heading-title elementor-size-medium\"><span style=\"font-size: 1.5rem;font-weight: 500;background-color: var(--bs-body-bg)\">Mateada, apresenta\u00e7\u00e3o de dan\u00e7a gauchesca e sorteio de brindes integram a festividade<\/span><\/h2>\t\t<\/div>\n\t\t\t\t<\/div>\n\t\t\t\t\t<\/div>\n\t\t<\/div>\n\t\t\t\t\t<\/div>\n\t\t<\/section>\n\t\t\t\t<section class=\"elementor-section elementor-top-section elementor-element elementor-element-0ce881d elementor-section-boxed elementor-section-height-default elementor-section-height-default\" data-id=\"0ce881d\" data-element_type=\"section\">\n\t\t\t\t\t\t<div class=\"elementor-container elementor-column-gap-default\">\n\t\t\t\t\t<div class=\"elementor-column elementor-col-100 elementor-top-column elementor-element elementor-element-30997c4\" data-id=\"30997c4\" data-element_type=\"column\">\n\t\t\t<div class=\"elementor-widget-wrap elementor-element-populated\">\n\t\t\t\t\t\t<div class=\"elementor-element elementor-element-7b8f399 elementor-widget elementor-widget-text-editor\" data-id=\"7b8f399\" data-element_type=\"widget\" data-widget_type=\"text-editor.default\">\n\t\t\t\t<div class=\"elementor-widget-container\">\n\t\t\t\t\t\t\t<p>Como parte das celebra\u00e7\u00f5es da Semana Farroupilha, a Pr\u00f3-Reitoria de Gest\u00e3o de Pessoas (Progep) e a PoliFeira do Agricultor prop\u00f5em uma programa\u00e7\u00e3o especial para comemorar a data. A a\u00e7\u00e3o ser\u00e1 realizada na pr\u00f3xima quinta-feira, dia 15, das 12h \u00e0s 14h, no Largo do Planet\u00e1rio.<\/p>\n<p>Como uma data festiva da cultura ga\u00facha, a Semana Farroupilha \u00e9 lembrada e celebrada do dia 13 ao 20 de setembro, dia em que a Revolu\u00e7\u00e3o Farroupilha \u00e9 homenageada com desfiles, dan\u00e7as, shows e caracteriza\u00e7\u00e3o. \u00c9 como parte dessa semana que, no momento e local da feira na universidade, acontecer\u00e1 uma mateada comemorativa.<\/p>\n<p>A anima\u00e7\u00e3o do evento contar\u00e1 com a participa\u00e7\u00e3o do Grupo de Dan\u00e7a DTG Noel Guarany, com uma apresenta\u00e7\u00e3o de dan\u00e7as t\u00edpicas da cultura ga\u00facha. Al\u00e9m disso, uma roleta com espa\u00e7o de brindes estar\u00e1 dispon\u00edvel para que o p\u00fablico possa jogar e se divertir. Tamb\u00e9m estar\u00e1 disposto no ambiente erva-mate e \u00e1gua quente aos interessados que levarem suas cuias no dia.<\/p>\n<p>Para mais informa\u00e7\u00f5es, acompanhe o\u00a0<a href=\"https:\/\/www.instagram.com\/polifeira\/\" target=\"_blank\" rel=\"noreferrer noopener\">Instagram da PoliFeira do Agricultor (@polifeira)<\/a>\u00a0e o\u00a0<a href=\"https:\/\/www.instagram.com\/progepufsm\/\" target=\"_blank\" rel=\"noreferrer noopener\">Instagram da PROGEP (@progepufsm)<\/a>.<\/p>\t\t\t\t\t\t<\/div>\n\t\t\t\t<\/div>\n\t\t\t\t\t<\/div>\n\t\t<\/div>\n\t\t\t\t\t<\/div>\n\t\t<\/section>\n\t\t\t\t<section class=\"elementor-section elementor-top-section elementor-element elementor-element-5cbc6e4 elementor-section-boxed elementor-section-height-default elementor-section-height-default\" data-id=\"5cbc6e4\" data-element_type=\"section\">\n\t\t\t\t\t\t<div class=\"elementor-container elementor-column-gap-default\">\n\t\t\t\t\t<div class=\"elementor-column elementor-col-100 elementor-top-column elementor-element elementor-element-4664f01\" data-id=\"4664f01\" data-element_type=\"column\">\n\t\t\t<div class=\"elementor-widget-wrap elementor-element-populated\">\n\t\t\t\t\t\t<div class=\"elementor-element elementor-element-70ee2c8 elementor-widget elementor-widget-image\" data-id=\"70ee2c8\" data-element_type=\"widget\" data-widget_type=\"image.default\">\n\t\t\t\t<div class=\"elementor-widget-container\">\n\t\t\t\t\t\t\t\t\t\t\t\t\t<img fetchpriority=\"high\" decoding=\"async\" width=\"768\" height=\"768\" src=\"https:\/\/www.ufsm.br\/app\/uploads\/sites\/341\/2022\/09\/WhatsApp-Image-2022-09-13-at-16.23.49-768x768.jpeg\" class=\"attachment-medium_large size-medium_large wp-image-34233\" alt=\"\" srcset=\"https:\/\/www.ufsm.br\/app\/uploads\/sites\/341\/2022\/09\/WhatsApp-Image-2022-09-13-at-16.23.49-768x768.jpeg 768w, https:\/\/www.ufsm.br\/app\/uploads\/sites\/341\/2022\/09\/WhatsApp-Image-2022-09-13-at-16.23.49-300x300.jpeg 300w, https:\/\/www.ufsm.br\/app\/uploads\/sites\/341\/2022\/09\/WhatsApp-Image-2022-09-13-at-16.23.49-1024x1024.jpeg 1024w, https:\/\/www.ufsm.br\/app\/uploads\/sites\/341\/2022\/09\/WhatsApp-Image-2022-09-13-at-16.23.49-150x150.jpeg 150w, https:\/\/www.ufsm.br\/app\/uploads\/sites\/341\/2022\/09\/WhatsApp-Image-2022-09-13-at-16.23.49.jpeg 1280w\" sizes=\"(max-width: 768px) 100vw, 768px\" \/>\t\t\t\t\t\t\t\t\t\t\t\t\t<\/div>\n\t\t\t\t<\/div>\n\t\t\t\t\t<\/div>\n\t\t<\/div>\n\t\t\t\t\t<\/div>\n\t\t<\/section>\n\t\t\t\t<\/div>\n\t\t","protected":false},"excerpt":{"rendered":"<p>Mateada, apresenta\u00e7\u00e3o de dan\u00e7a gauchesca e sorteio de brindes integram a festividade Como parte das celebra\u00e7\u00f5es da Semana Farroupilha, a Pr\u00f3-Reitoria de Gest\u00e3o de Pessoas (Progep) e a PoliFeira do Agricultor prop\u00f5em uma programa\u00e7\u00e3o especial para comemorar a data. A a\u00e7\u00e3o ser\u00e1 realizada na pr\u00f3xima quinta-feira, dia 15, das 12h \u00e0s 14h, no Largo do [&hellip;]<\/p>\n","protected":false},"author":714,"featured_media":0,"comment_status":"closed","ping_status":"closed","sticky":false,"template":"","format":"standard","meta":{"footnotes":""},"categories":[1],"tags":[],"class_list":["post-34232","post","type-post","status-publish","format-standard","hentry","category-noticias"],"acf":[],"_links":{"self":[{"href":"https:\/\/www.ufsm.br\/pro-reitorias\/progep\/wp-json\/wp\/v2\/posts\/34232","targetHints":{"allow":["GET"]}}],"collection":[{"href":"https:\/\/www.ufsm.br\/pro-reitorias\/progep\/wp-json\/wp\/v2\/posts"}],"about":[{"href":"https:\/\/www.ufsm.br\/pro-reitorias\/progep\/wp-json\/wp\/v2\/types\/post"}],"author":[{"embeddable":true,"href":"https:\/\/www.ufsm.br\/pro-reitorias\/progep\/wp-json\/wp\/v2\/users\/714"}],"replies":[{"embeddable":true,"href":"https:\/\/www.ufsm.br\/pro-reitorias\/progep\/wp-json\/wp\/v2\/comments?post=34232"}],"version-history":[{"count":0,"href":"https:\/\/www.ufsm.br\/pro-reitorias\/progep\/wp-json\/wp\/v2\/posts\/34232\/revisions"}],"wp:attachment":[{"href":"https:\/\/www.ufsm.br\/pro-reitorias\/progep\/wp-json\/wp\/v2\/media?parent=34232"}],"wp:term":[{"taxonomy":"category","embeddable":true,"href":"https:\/\/www.ufsm.br\/pro-reitorias\/progep\/wp-json\/wp\/v2\/categories?post=34232"},{"taxonomy":"post_tag","embeddable":true,"href":"https:\/\/www.ufsm.br\/pro-reitorias\/progep\/wp-json\/wp\/v2\/tags?post=34232"}],"curies":[{"name":"wp","href":"https:\/\/api.w.org\/{rel}","templated":true}]}}